{"id":23864,"date":"2017-07-16T13:14:04","date_gmt":"2017-07-16T16:14:04","guid":{"rendered":"http:\/\/caririemacao.com\/1\/?p=23864"},"modified":"2017-07-16T13:14:04","modified_gmt":"2017-07-16T16:14:04","slug":"prefeito-de-sao-sebastiao-do-umbuzeiro-promove-reuniao-com-o-sebrae-para-alinhar-acoes-conjuntas","status":"publish","type":"post","link":"https:\/\/www.caririemacao.com\/1\/2017\/07\/16\/prefeito-de-sao-sebastiao-do-umbuzeiro-promove-reuniao-com-o-sebrae-para-alinhar-acoes-conjuntas\/","title":{"rendered":"Prefeito de S\u00e3o Sebasti\u00e3o do Umbuzeiro promove reuni\u00e3o com o SEBRAE para alinhar a\u00e7\u00f5es conjuntas"},"content":{"rendered":"<p>O Prefeito de S\u00e3o Sebasti\u00e3o do Umbuzeiro, Adriano Wolff, e o Agente de Desenvolvimento Cristiano, participaram de uma reuni\u00e3o no SEBRAE \u2013 Ag\u00eancia Cariri, com a gerente regional Madalena Arruda e o Consultor Roberto Barros, buscando firmar parceria entre o \u00f3rg\u00e3o e a prefeitura.<\/p>\n<p>Com o objetivo de discutir e alinhar uma agenda de pol\u00edticas p\u00fablicas voltada para os pequenos neg\u00f3cios, assist\u00eancia aos agricultores e fortalecimento da ovinocaprinocultura do munic\u00edpio.<\/p>\n<p>Entre as a\u00e7\u00f5es discutidas est\u00e3o \u00e0 consolida\u00e7\u00e3o da Sala do Empreendedor, que vai atender desde o produtor rural ao empres\u00e1rio de Micro e Pequena Empresa, eventos realizados durante os dias da festa de janeiro e fortalecimento de politicas voltada para o crescimento do munic\u00edpio.<\/p>\n<p>O Prefeito Adriano Wolff, com o apoio do SEBRAE e em parcerias com o Governo do Estado e outras empresas, pretende fazer eventos durante o dia na Festa de Sebasti\u00e3o 2018, para movimentar a cidade e ampliar a economia do munic\u00edpio, de acordo com o prefeito a ideia \u00e9 realizar durante a parte do dia, feiras de caprinocultura, da Renda Renascen\u00e7a e outros eventos.<\/p>\n<p>\u201cDurante a festa de Janeiro n\u00f3s temos a parte religiosa na Igreja com o noven\u00e1rio e a parte social na pra\u00e7a de eventos, e durante o dia n\u00e3o temos nada, com o apoio do SEBRAE e parcerias, iremos inovar com a realiza\u00e7\u00e3o de feiras de caprinocultura, renda renascen\u00e7a entre outras, esse ano tivemos durante o dia a pega de boi e o pedal, pretendemos preencher os outros dias da festa com atividades que movimentem a cidade e o comercio local,\u201d disse Adriano Wolff.<\/p>\n<p><strong><em>CARIRI EM A\u00c7\u00c3O<\/em><\/strong><\/p>\n<p>Com Blog do Didi \/Foto: Google<\/p>\n<p><strong>Leia mais not\u00edcias em\u00a0<\/strong><a href=\"http:\/\/www.caririemacao.com\/\"><strong>caririemacao.com<\/strong><\/a><strong>, siga nossa p\u00e1gina no\u00a0<\/strong><a href=\"https:\/\/www.facebook.com\/CaririEmAcao\/?ref=aymt_homepage_panel\"><strong>Facebook<\/strong><\/a><strong>\u00a0e\u00a0<a href=\"https:\/\/www.instagram.com\/cariri_em_acao\/?hl=pt-br\">Instagram<\/a>\u00a0veja nossas mat\u00e9rias e fotos. Voc\u00ea tamb\u00e9m pode enviar informa\u00e7\u00f5es \u00e0 Reda\u00e7\u00e3o do Portal Cariri em A\u00e7\u00e3o pelo WhatsApp (83) 9 9634.5791, (83) 9 9601-1162.<\/strong><\/p>\n<p>Com<\/p>\n","protected":false},"excerpt":{"rendered":"<p>O Prefeito de S\u00e3o Sebasti\u00e3o do Umbuzeiro, Adriano Wolff, e o Agente de Desenvolvimento Cristiano, participaram de uma reuni\u00e3o no SEBRAE \u2013 Ag\u00eancia Cariri, com&hellip; <\/p>\n","protected":false},"author":2,"featured_media":23866,"comment_status":"closed","ping_status":"closed","sticky":false,"template":"","format":"standard","meta":{"sfsi_plus_gutenberg_text_before_share":"","sfsi_plus_gutenberg_show_text_before_share":"","sfsi_plus_gutenberg_icon_type":"","sfsi_plus_gutenberg_icon_alignemt":"","sfsi_plus_gutenburg_max_per_row":"","footnotes":""},"categories":[6],"tags":[],"class_list":["post-23864","post","type-post","status-publish","format-standard","has-post-thumbnail","hentry","category-cidades"],"_links":{"self":[{"href":"https:\/\/www.caririemacao.com\/1\/wp-json\/wp\/v2\/posts\/23864","targetHints":{"allow":["GET"]}}],"collection":[{"href":"https:\/\/www.caririemacao.com\/1\/wp-json\/wp\/v2\/posts"}],"about":[{"href":"https:\/\/www.caririemacao.com\/1\/wp-json\/wp\/v2\/types\/post"}],"author":[{"embeddable":true,"href":"https:\/\/www.caririemacao.com\/1\/wp-json\/wp\/v2\/users\/2"}],"replies":[{"embeddable":true,"href":"https:\/\/www.caririemacao.com\/1\/wp-json\/wp\/v2\/comments?post=23864"}],"version-history":[{"count":0,"href":"https:\/\/www.caririemacao.com\/1\/wp-json\/wp\/v2\/posts\/23864\/revisions"}],"wp:featuredmedia":[{"embeddable":true,"href":"https:\/\/www.caririemacao.com\/1\/wp-json\/wp\/v2\/media\/23866"}],"wp:attachment":[{"href":"https:\/\/www.caririemacao.com\/1\/wp-json\/wp\/v2\/media?parent=23864"}],"wp:term":[{"taxonomy":"category","embeddable":true,"href":"https:\/\/www.caririemacao.com\/1\/wp-json\/wp\/v2\/categories?post=23864"},{"taxonomy":"post_tag","embeddable":true,"href":"https:\/\/www.caririemacao.com\/1\/wp-json\/wp\/v2\/tags?post=23864"}],"curies":[{"name":"wp","href":"https:\/\/api.w.org\/{rel}","templated":true}]}}