{"id":23868,"date":"2017-07-16T13:19:45","date_gmt":"2017-07-16T16:19:45","guid":{"rendered":"http:\/\/caririemacao.com\/1\/?p=23868"},"modified":"2017-07-16T13:19:45","modified_gmt":"2017-07-16T16:19:45","slug":"prefeito-de-camalau-empossa-mais-um-servidor-concursado","status":"publish","type":"post","link":"https:\/\/www.caririemacao.com\/1\/2017\/07\/16\/prefeito-de-camalau-empossa-mais-um-servidor-concursado\/","title":{"rendered":"Prefeito de Camala\u00fa empossa mais um servidor concursado"},"content":{"rendered":"<p>Dando sequencia a um processo de valoriza\u00e7\u00e3o do servi\u00e7o p\u00fablico municipal, o prefeito de Camala\u00fa Sandro M\u00f4co empossou no final desta semana, mais um aprovado no \u00faltimo concurso p\u00fablico realizado no munic\u00edpio.<\/p>\n<p>Desta vez, o prefeito empossou Eduardo Guilherme Hon\u00f3rio que vai exercer o cargo de agente administrativo.<\/p>\n<p>Na gest\u00e3o de Sandro M\u00f4co, trata-se do 7\u00ba candidato aprovado a ser empossado o que demonstra a preocupa\u00e7\u00e3o do gestor em melhorar a qualidade dos servi\u00e7os prestados \u00e0 popula\u00e7\u00e3o, mas principalmente o desejo de honrar os direitos dos candidatos aprovados, atendendo as necessidades da municipalidade.<\/p>\n<p>Al\u00e9m do jovem Guilherme, h\u00e1 mais 04 candidatos aprovados que j\u00e1 foram convocados, mas que ainda est\u00e3o providenciando a documenta\u00e7\u00e3o necess\u00e1rias para serem empossados em breve.<\/p>\n<p><strong><em>CARIRI EM A\u00c7\u00c3O<\/em><\/strong><\/p>\n<p>Com DCS\/Foto: Reprodu\u00e7\u00e3o<\/p>\n<p><strong>Leia mais not\u00edcias em\u00a0<\/strong><a href=\"http:\/\/www.caririemacao.com\/\"><strong>caririemacao.com<\/strong><\/a><strong>, siga nossa p\u00e1gina no\u00a0<\/strong><a href=\"https:\/\/www.facebook.com\/CaririEmAcao\/?ref=aymt_homepage_panel\"><strong>Facebook<\/strong><\/a><strong>\u00a0e\u00a0<a href=\"https:\/\/www.instagram.com\/cariri_em_acao\/?hl=pt-br\">Instagram<\/a>\u00a0veja nossas mat\u00e9rias e fotos. Voc\u00ea tamb\u00e9m pode enviar informa\u00e7\u00f5es \u00e0 Reda\u00e7\u00e3o do Portal Cariri em A\u00e7\u00e3o pelo WhatsApp (83) 9 9634.5791, (83) 9 9601-1162.<\/strong><\/p>\n","protected":false},"excerpt":{"rendered":"<p>Dando sequencia a um processo de valoriza\u00e7\u00e3o do servi\u00e7o p\u00fablico municipal, o prefeito de Camala\u00fa Sandro M\u00f4co empossou no final desta semana, mais um aprovado&hellip; <\/p>\n","protected":false},"author":2,"featured_media":23869,"comment_status":"closed","ping_status":"closed","sticky":false,"template":"","format":"standard","meta":{"sfsi_plus_gutenberg_text_before_share":"","sfsi_plus_gutenberg_show_text_before_share":"","sfsi_plus_gutenberg_icon_type":"","sfsi_plus_gutenberg_icon_alignemt":"","sfsi_plus_gutenburg_max_per_row":"","footnotes":""},"categories":[6],"tags":[],"class_list":["post-23868","post","type-post","status-publish","format-standard","has-post-thumbnail","hentry","category-cidades"],"_links":{"self":[{"href":"https:\/\/www.caririemacao.com\/1\/wp-json\/wp\/v2\/posts\/23868","targetHints":{"allow":["GET"]}}],"collection":[{"href":"https:\/\/www.caririemacao.com\/1\/wp-json\/wp\/v2\/posts"}],"about":[{"href":"https:\/\/www.caririemacao.com\/1\/wp-json\/wp\/v2\/types\/post"}],"author":[{"embeddable":true,"href":"https:\/\/www.caririemacao.com\/1\/wp-json\/wp\/v2\/users\/2"}],"replies":[{"embeddable":true,"href":"https:\/\/www.caririemacao.com\/1\/wp-json\/wp\/v2\/comments?post=23868"}],"version-history":[{"count":0,"href":"https:\/\/www.caririemacao.com\/1\/wp-json\/wp\/v2\/posts\/23868\/revisions"}],"wp:featuredmedia":[{"embeddable":true,"href":"https:\/\/www.caririemacao.com\/1\/wp-json\/wp\/v2\/media\/23869"}],"wp:attachment":[{"href":"https:\/\/www.caririemacao.com\/1\/wp-json\/wp\/v2\/media?parent=23868"}],"wp:term":[{"taxonomy":"category","embeddable":true,"href":"https:\/\/www.caririemacao.com\/1\/wp-json\/wp\/v2\/categories?post=23868"},{"taxonomy":"post_tag","embeddable":true,"href":"https:\/\/www.caririemacao.com\/1\/wp-json\/wp\/v2\/tags?post=23868"}],"curies":[{"name":"wp","href":"https:\/\/api.w.org\/{rel}","templated":true}]}}