{"id":238817,"date":"2022-01-14T10:20:06","date_gmt":"2022-01-14T13:20:06","guid":{"rendered":"https:\/\/www.caririemacao.com\/1\/?p=238817"},"modified":"2022-01-14T10:20:06","modified_gmt":"2022-01-14T13:20:06","slug":"bolsonaro-quer-cnh-valida-por-10-anos-para-pessoas-com-ate-75","status":"publish","type":"post","link":"https:\/\/www.caririemacao.com\/1\/2022\/01\/14\/bolsonaro-quer-cnh-valida-por-10-anos-para-pessoas-com-ate-75\/","title":{"rendered":"Bolsonaro quer CNH v\u00e1lida por 10 anos para pessoas com at\u00e9 75"},"content":{"rendered":"<p>O presidente Jair Bolsonaro (PL) afirmou, na noite desta quinta-feira (13), que deve encaminhar ao Congresso um projeto de lei propondo que o prazo de validade da CNH (Carteira Nacional de Habilita\u00e7\u00e3o) de 10 anos seja estendido para pessoas que tenham at\u00e9 75 anos.<\/p>\n<p>O prazo de renova\u00e7\u00e3o atual \u00e9 de 10 anos para os condutores de at\u00e9 50 anos. At\u00e9 70 anos, a validade \u00e9 de cinco anos -acima dessa idade, \u00e9 preciso renovar o documento a cada tr\u00eas anos.<\/p>\n<p>Os prazos atuais j\u00e1 s\u00e3o resultado de mudan\u00e7as realizadas no governo Bolsonaro. O presidente encaminhou em 2019 um projeto propondo altera\u00e7\u00f5es nas regras de tr\u00e2nsito, que acabou aprovado pelo Parlamento com modifica\u00e7\u00f5es.<\/p>\n<p>&#8220;N\u00f3s mandamos a proposta para a C\u00e2mara, para que at\u00e9 os 65 anos de idade a carteira de habilita\u00e7\u00e3o fosse renovada a cada 10 anos. O Congresso deixou passar para 50 anos, n\u00e3o deixou de ser um ganho&#8221;, disse Bolsonaro.<\/p>\n<p>&#8220;Acertei com o Tarc\u00edsio [de Freitas, ministro da Infraestrutura], vamos encaminhar para o Parlamento um novo projeto. Vamos pedir urg\u00eancia, para que validade de 10 anos seja at\u00e9 75 [anos] de idade&#8221;, disse Bolsonaro, durante sua live semanal transmitida nas redes sociais.<\/p>\n<p>Uma nova proposi\u00e7\u00e3o de Bolsonaro sobre mudan\u00e7as nas regras de tr\u00e2nsito precisaria da aprova\u00e7\u00e3o do Congresso Nacional.<\/p>\n<p>Ele ainda usou como justificativa a idade obrigat\u00f3ria de aposentadoria em \u00f3rg\u00e3os com o STF (Supremo Tribunal Federal), STJ (Superior Tribunal de Justi\u00e7a) e TCU (Tribunal de Contas da Uni\u00e3o).<\/p>\n<p>&#8220;Afinal de contas, qual o limite de idade para o pessoal do Supremo Tribunal Federal? Para o STJ? Setenta e cinco [anos]. Tamb\u00e9m para o TCU, 75&#8221;, afirmou.<\/p>\n<p>FolhaPress<\/p>\n","protected":false},"excerpt":{"rendered":"<p>O presidente Jair Bolsonaro (PL) afirmou, na noite desta quinta-feira (13), que deve encaminhar ao Congresso um projeto de lei propondo que o prazo de validade da CNH (Carteira Nacional de Habilita\u00e7\u00e3o) de 10 anos seja estendido para pessoas que tenham at\u00e9 75 anos. O prazo de renova\u00e7\u00e3o atual \u00e9 de 10 anos para os condutores de at\u00e9 50 anos. At\u00e9 70 anos, a validade \u00e9 de cinco anos -acima dessa idade, \u00e9 preciso renovar o documento a cada tr\u00eas anos. Os prazos atuais j\u00e1 s\u00e3o resultado de mudan\u00e7as realizadas no governo Bolsonaro. O presidente encaminhou em 2019 um projeto propondo altera\u00e7\u00f5es nas regras de tr\u00e2nsito, que acabou aprovado pelo Parlamento com modifica\u00e7\u00f5es. &#8220;N\u00f3s mandamos a proposta para a C\u00e2mara, para que at\u00e9 os 65 anos de idade a carteira de habilita\u00e7\u00e3o fosse renovada a cada 10 anos. O Congresso deixou passar para 50 anos, n\u00e3o deixou de ser um ganho&#8221;, disse Bolsonaro. &#8220;Acertei com o Tarc\u00edsio [de Freitas, ministro da Infraestrutura], vamos encaminhar para o Parlamento um novo projeto. Vamos pedir urg\u00eancia, para que validade de 10 anos seja at\u00e9 75 [anos] de idade&#8221;, disse Bolsonaro, durante sua live semanal transmitida nas redes sociais. Uma nova proposi\u00e7\u00e3o de Bolsonaro sobre mudan\u00e7as nas regras de tr\u00e2nsito precisaria da aprova\u00e7\u00e3o do Congresso Nacional. Ele ainda usou como justificativa a idade obrigat\u00f3ria de aposentadoria em \u00f3rg\u00e3os com o STF (Supremo Tribunal Federal), STJ (Superior Tribunal de Justi\u00e7a) e TCU (Tribunal de Contas da Uni\u00e3o). &#8220;Afinal de contas, qual o limite de idade para o pessoal do Supremo Tribunal Federal? Para o STJ? Setenta e cinco [anos]. Tamb\u00e9m para o TCU, 75&#8221;, afirmou. FolhaPress<\/p>\n","protected":false},"author":6,"featured_media":238665,"comment_status":"closed","ping_status":"closed","sticky":false,"template":"","format":"standard","meta":{"sfsi_plus_gutenberg_text_before_share":"","sfsi_plus_gutenberg_show_text_before_share":"","sfsi_plus_gutenberg_icon_type":"","sfsi_plus_gutenberg_icon_alignemt":"","sfsi_plus_gutenburg_max_per_row":"","footnotes":""},"categories":[123,50,98],"tags":[],"class_list":["post-238817","post","type-post","status-publish","format-standard","has-post-thumbnail","hentry","category-brasil","category-destaque","category-presidente"],"_links":{"self":[{"href":"https:\/\/www.caririemacao.com\/1\/wp-json\/wp\/v2\/posts\/238817","targetHints":{"allow":["GET"]}}],"collection":[{"href":"https:\/\/www.caririemacao.com\/1\/wp-json\/wp\/v2\/posts"}],"about":[{"href":"https:\/\/www.caririemacao.com\/1\/wp-json\/wp\/v2\/types\/post"}],"author":[{"embeddable":true,"href":"https:\/\/www.caririemacao.com\/1\/wp-json\/wp\/v2\/users\/6"}],"replies":[{"embeddable":true,"href":"https:\/\/www.caririemacao.com\/1\/wp-json\/wp\/v2\/comments?post=238817"}],"version-history":[{"count":1,"href":"https:\/\/www.caririemacao.com\/1\/wp-json\/wp\/v2\/posts\/238817\/revisions"}],"predecessor-version":[{"id":238818,"href":"https:\/\/www.caririemacao.com\/1\/wp-json\/wp\/v2\/posts\/238817\/revisions\/238818"}],"wp:featuredmedia":[{"embeddable":true,"href":"https:\/\/www.caririemacao.com\/1\/wp-json\/wp\/v2\/media\/238665"}],"wp:attachment":[{"href":"https:\/\/www.caririemacao.com\/1\/wp-json\/wp\/v2\/media?parent=238817"}],"wp:term":[{"taxonomy":"category","embeddable":true,"href":"https:\/\/www.caririemacao.com\/1\/wp-json\/wp\/v2\/categories?post=238817"},{"taxonomy":"post_tag","embeddable":true,"href":"https:\/\/www.caririemacao.com\/1\/wp-json\/wp\/v2\/tags?post=238817"}],"curies":[{"name":"wp","href":"https:\/\/api.w.org\/{rel}","templated":true}]}}