{"id":238954,"date":"2022-01-16T10:58:43","date_gmt":"2022-01-16T13:58:43","guid":{"rendered":"https:\/\/www.caririemacao.com\/1\/?p=238954"},"modified":"2022-01-16T10:58:43","modified_gmt":"2022-01-16T13:58:43","slug":"campina-grande-e-a-primeira-cidade-da-paraiba-a-vacinar-criancas-contra-covid-19","status":"publish","type":"post","link":"https:\/\/www.caririemacao.com\/1\/2022\/01\/16\/campina-grande-e-a-primeira-cidade-da-paraiba-a-vacinar-criancas-contra-covid-19\/","title":{"rendered":"Campina Grande \u00e9 a primeira cidade da Para\u00edba a vacinar crian\u00e7as contra covid-19"},"content":{"rendered":"<p>O munic\u00edpio de Campina Grande deu in\u00edcio \u00e0 vacina\u00e7\u00e3o de crian\u00e7as de 5 a 11 anos, neste s\u00e1bado (15), sendo a\u00a0primeira cidade da Para\u00edba a vacinar crian\u00e7as, nesta faixa et\u00e1ria. O munic\u00edpio iniciou a vacina\u00e7\u00e3o de crian\u00e7as com defici\u00eancia permanente e aquelas com autismo.<\/p>\n<p>Neste s\u00e1bado, foram aplicadas, pelas equipes da Secretaria de Sa\u00fade de Campina Grande, 130 doses em dois pontos de atendimento, que funcionaram no Centro Especializado em Reabilita\u00e7\u00e3o (CER) e no Instituto de Pesquisa Professor Joaquim Amorim Neto (Ipesq). A primeira crian\u00e7a a ser vacinada foi Jhin Pirlo Lima Silva, de 5 anos de idade, que tem microcefalia causada pela S\u00edndrome Cong\u00eanita do Zika V\u00edrus.<\/p>\n<p>A Secretaria de Sa\u00fade Municipal disponibilizou brinquedos, presentes e espa\u00e7o para observa\u00e7\u00e3o ap\u00f3s a aplica\u00e7\u00e3o da vacina. Em um caso, a vacina\u00e7\u00e3o precisou ser realizada dentro de uma ambul\u00e2ncia, com o garoto Pedro Alves, que tem uma s\u00edndrome rara e respira atrav\u00e9s de aparelho. \u201c\u00c9 uma emo\u00e7\u00e3o muito grande poder ver ele ser vacinado, pois vacina salva vidas. Sempre tem muitos profissionais que precisam atend\u00ea-lo em casa e ele precisa estar protegido\u201d, disse.<\/p>\n<p>\u201cComo acontece desde o in\u00edcio da campanha de vacina\u00e7\u00e3o, n\u00f3s sempre iniciamos a aplica\u00e7\u00e3o das doses logo ap\u00f3s o recebimento. E hoje n\u00e3o foi diferente, o que demonstra nossa efetividade nesse processo e, assim, somos a primeira cidade do Estado a vacinar as crian\u00e7as\u201d, disse o secret\u00e1rio de Sa\u00fade, Gilney Porto.<\/p>\n<p>A partir da pr\u00f3xima segunda-feira, 17, ser\u00e1 iniciada a vacina\u00e7\u00e3o de crian\u00e7as com comorbidades. O atendimento ser\u00e1 no Parque da Liberdade. Para este grupo, ser\u00e1 exigido o agendamento, a ser realizado pelo site vacinacao.campinagrande.pb.gov.br ou pelo aplicativo Vacina Campina. O agendamento ser\u00e1 disponibilizado na noite do domingo, 16.<\/p>\n<p>Crian\u00e7as com comorbidades<\/p>\n<p>A Secretaria de Sa\u00fade tamb\u00e9m vai imunizar as crian\u00e7as de institui\u00e7\u00f5es como Instituto dos Cegos e Associa\u00e7\u00e3o de Pais e Amigos dos Excepcionais (APAE). Outra estrat\u00e9gia adotada durante a campanha, ser\u00e1 a aplica\u00e7\u00e3o das doses nas escolas p\u00fablicas e privadas.<\/p>\n<p>A vacina\u00e7\u00e3o das crian\u00e7as \u00e9 facultativa e a decis\u00e3o cabe aos pais e\/ou respons\u00e1veis e n\u00e3o \u00e9 exigida prescri\u00e7\u00e3o m\u00e9dica. Diversos \u00f3rg\u00e3os de sa\u00fade p\u00fablica e coletiva, como a Organiza\u00e7\u00e3o Mundial da Sa\u00fade, emitiram pareceres recomendando a aplica\u00e7\u00e3o da vacina nas crian\u00e7as de 5 a 11 anos de idade.<\/p>\n<p>A vacina pedi\u00e1trica \u00e9 especial, tem apenas um ter\u00e7o da dosagem da vacina adulta e \u00e9 aplicada em duas doses, no intervalo de oito semanas. Os efeitos colaterais s\u00e3o os mesmos registrados em adultos e adolescentes, como dor e incha\u00e7o na regi\u00e3o da aplica\u00e7\u00e3o, febre e mal-estar. Em casos rar\u00edssimos de rea\u00e7\u00f5es adversas, foram registrados epis\u00f3dios de miocardite em adolescentes e adultos vacinados.<\/p>\n<p>Apesar dessa possibilidade remota, a Ag\u00eancia Nacional de Vigil\u00e2ncia Sanit\u00e1ria (Anvisa) avaliou que os benef\u00edcios s\u00e3o maiores que os riscos, visto que mais de tr\u00eas mil pessoas, nessa faixa et\u00e1ria, morreram de covid-19 no pa\u00eds e que as crian\u00e7as podem ser vetores de transmiss\u00e3o, j\u00e1 que, geralmente, s\u00e3o assintom\u00e1ticas quando infectadas, principalmente diante da nova variante, \u00d4micron.<\/p>\n<p>&nbsp;<\/p>\n<p>ClickPB<\/p>\n","protected":false},"excerpt":{"rendered":"<p>O munic\u00edpio de Campina Grande deu in\u00edcio \u00e0 vacina\u00e7\u00e3o de crian\u00e7as de 5 a 11 anos, neste s\u00e1bado (15), sendo a\u00a0primeira cidade da Para\u00edba a vacinar crian\u00e7as, nesta faixa et\u00e1ria. O munic\u00edpio iniciou a vacina\u00e7\u00e3o de crian\u00e7as com defici\u00eancia permanente e aquelas com autismo. Neste s\u00e1bado, foram aplicadas, pelas equipes da Secretaria de Sa\u00fade de Campina Grande, 130 doses em dois pontos de atendimento, que funcionaram no Centro Especializado em Reabilita\u00e7\u00e3o (CER) e no Instituto de Pesquisa Professor Joaquim Amorim Neto (Ipesq). A primeira crian\u00e7a a ser vacinada foi Jhin Pirlo Lima Silva, de 5 anos de idade, que tem microcefalia causada pela S\u00edndrome Cong\u00eanita do Zika V\u00edrus. A Secretaria de Sa\u00fade Municipal disponibilizou brinquedos, presentes e espa\u00e7o para observa\u00e7\u00e3o ap\u00f3s a aplica\u00e7\u00e3o da vacina. Em um caso, a vacina\u00e7\u00e3o precisou ser realizada dentro de uma ambul\u00e2ncia, com o garoto Pedro Alves, que tem uma s\u00edndrome rara e respira atrav\u00e9s de aparelho. \u201c\u00c9 uma emo\u00e7\u00e3o muito grande poder ver ele ser vacinado, pois vacina salva vidas. Sempre tem muitos profissionais que precisam atend\u00ea-lo em casa e ele precisa estar protegido\u201d, disse. \u201cComo acontece desde o in\u00edcio da campanha de vacina\u00e7\u00e3o, n\u00f3s sempre iniciamos a aplica\u00e7\u00e3o das doses logo ap\u00f3s o recebimento. E hoje n\u00e3o foi diferente, o que demonstra nossa efetividade nesse processo e, assim, somos a primeira cidade do Estado a vacinar as crian\u00e7as\u201d, disse o secret\u00e1rio de Sa\u00fade, Gilney Porto. A partir da pr\u00f3xima segunda-feira, 17, ser\u00e1 iniciada a vacina\u00e7\u00e3o de crian\u00e7as com comorbidades. O atendimento ser\u00e1 no Parque da Liberdade. Para este grupo, ser\u00e1 exigido o agendamento, a ser realizado pelo site vacinacao.campinagrande.pb.gov.br ou pelo aplicativo Vacina Campina. O agendamento ser\u00e1 disponibilizado na noite do domingo, 16. Crian\u00e7as com comorbidades A Secretaria de Sa\u00fade tamb\u00e9m vai imunizar as crian\u00e7as de institui\u00e7\u00f5es como Instituto dos Cegos e Associa\u00e7\u00e3o de Pais e Amigos dos Excepcionais (APAE). Outra estrat\u00e9gia adotada durante a campanha, ser\u00e1 a aplica\u00e7\u00e3o das doses nas escolas p\u00fablicas e privadas. A vacina\u00e7\u00e3o das crian\u00e7as \u00e9 facultativa e a decis\u00e3o cabe aos pais e\/ou respons\u00e1veis e n\u00e3o \u00e9 exigida prescri\u00e7\u00e3o m\u00e9dica. Diversos \u00f3rg\u00e3os de sa\u00fade p\u00fablica e coletiva, como a Organiza\u00e7\u00e3o Mundial da Sa\u00fade, emitiram pareceres recomendando a aplica\u00e7\u00e3o da vacina nas crian\u00e7as de 5 a 11 anos de idade. A vacina pedi\u00e1trica \u00e9 especial, tem apenas um ter\u00e7o da dosagem da vacina adulta e \u00e9 aplicada em duas doses, no intervalo de oito semanas. Os efeitos colaterais s\u00e3o os mesmos registrados em adultos e adolescentes, como dor e incha\u00e7o na regi\u00e3o da aplica\u00e7\u00e3o, febre e mal-estar. Em casos rar\u00edssimos de rea\u00e7\u00f5es adversas, foram registrados epis\u00f3dios de miocardite em adolescentes e adultos vacinados. Apesar dessa possibilidade remota, a Ag\u00eancia Nacional de Vigil\u00e2ncia Sanit\u00e1ria (Anvisa) avaliou que os benef\u00edcios s\u00e3o maiores que os riscos, visto que mais de tr\u00eas mil pessoas, nessa faixa et\u00e1ria, morreram de covid-19 no pa\u00eds e que as crian\u00e7as podem ser vetores de transmiss\u00e3o, j\u00e1 que, geralmente, s\u00e3o assintom\u00e1ticas quando infectadas, principalmente diante da nova variante, \u00d4micron. &nbsp; ClickPB<\/p>\n","protected":false},"author":6,"featured_media":238955,"comment_status":"closed","ping_status":"closed","sticky":false,"template":"","format":"standard","meta":{"sfsi_plus_gutenberg_text_before_share":"","sfsi_plus_gutenberg_show_text_before_share":"","sfsi_plus_gutenberg_icon_type":"","sfsi_plus_gutenberg_icon_alignemt":"","sfsi_plus_gutenburg_max_per_row":"","footnotes":""},"categories":[72,124,50,104],"tags":[],"class_list":["post-238954","post","type-post","status-publish","format-standard","has-post-thumbnail","hentry","category-campina-grande","category-covid-19","category-destaque","category-paraiba"],"_links":{"self":[{"href":"https:\/\/www.caririemacao.com\/1\/wp-json\/wp\/v2\/posts\/238954","targetHints":{"allow":["GET"]}}],"collection":[{"href":"https:\/\/www.caririemacao.com\/1\/wp-json\/wp\/v2\/posts"}],"about":[{"href":"https:\/\/www.caririemacao.com\/1\/wp-json\/wp\/v2\/types\/post"}],"author":[{"embeddable":true,"href":"https:\/\/www.caririemacao.com\/1\/wp-json\/wp\/v2\/users\/6"}],"replies":[{"embeddable":true,"href":"https:\/\/www.caririemacao.com\/1\/wp-json\/wp\/v2\/comments?post=238954"}],"version-history":[{"count":1,"href":"https:\/\/www.caririemacao.com\/1\/wp-json\/wp\/v2\/posts\/238954\/revisions"}],"predecessor-version":[{"id":238956,"href":"https:\/\/www.caririemacao.com\/1\/wp-json\/wp\/v2\/posts\/238954\/revisions\/238956"}],"wp:featuredmedia":[{"embeddable":true,"href":"https:\/\/www.caririemacao.com\/1\/wp-json\/wp\/v2\/media\/238955"}],"wp:attachment":[{"href":"https:\/\/www.caririemacao.com\/1\/wp-json\/wp\/v2\/media?parent=238954"}],"wp:term":[{"taxonomy":"category","embeddable":true,"href":"https:\/\/www.caririemacao.com\/1\/wp-json\/wp\/v2\/categories?post=238954"},{"taxonomy":"post_tag","embeddable":true,"href":"https:\/\/www.caririemacao.com\/1\/wp-json\/wp\/v2\/tags?post=238954"}],"curies":[{"name":"wp","href":"https:\/\/api.w.org\/{rel}","templated":true}]}}