{"id":239191,"date":"2022-01-19T11:45:11","date_gmt":"2022-01-19T14:45:11","guid":{"rendered":"https:\/\/www.caririemacao.com\/1\/?p=239191"},"modified":"2022-01-19T11:45:11","modified_gmt":"2022-01-19T14:45:11","slug":"a-secretaria-de-infraestrutura-de-monteiro-realiza-acoes-de-manutencao-de-predios-ruas-e-pracas-publicas","status":"publish","type":"post","link":"https:\/\/www.caririemacao.com\/1\/2022\/01\/19\/a-secretaria-de-infraestrutura-de-monteiro-realiza-acoes-de-manutencao-de-predios-ruas-e-pracas-publicas\/","title":{"rendered":"A Secretaria de Infraestrutura de Monteiro realiza a\u00e7\u00f5es de manuten\u00e7\u00e3o de pr\u00e9dios, ruas e pra\u00e7as p\u00fablicas"},"content":{"rendered":"<p>A Secretaria de Infraestrutura de Monteiro est\u00e1 realizando seu cont\u00ednuo trabalho de limpeza e conserva\u00e7\u00e3o de ruas e espa\u00e7os p\u00fablicos em todos os pontos do munic\u00edpio.<\/p>\n<p>Esta semana foi iniciada com uma s\u00e9rie de a\u00e7\u00f5es em prol da popula\u00e7\u00e3o, deixando a cidade mais limpa e agrad\u00e1vel.<\/p>\n<p>Foi finalizada a coloca\u00e7\u00e3o da areia na quadra por tr\u00e1s da Pousada dos Poemas, local onde praticantes de v\u00f4lei e de futev\u00f4lei usam diariamente para a pr\u00e1tica esportiva.<\/p>\n<p>Outra a\u00e7\u00e3o important\u00edssima foi a finaliza\u00e7\u00e3o quase que completa do piso do beco da rua da Granja de Etiene, que fica localizada na Vila Popular.<\/p>\n<p>PR\u00c9DIOS P\u00daBLICOS<\/p>\n<p>Os pr\u00e9dios onde s\u00e3o prestados servi\u00e7os p\u00fablicos \u00e0 comunidade tamb\u00e9m recebem a aten\u00e7\u00e3o especial.<br \/>\nFoi conclu\u00edda tamb\u00e9m a, pintura do balc\u00e3o da recep\u00e7\u00e3o no Ambulat\u00f3rio de Sa\u00fade Mental, nova institui\u00e7\u00e3o da estrutura de atendimento em sa\u00fade do munic\u00edpio.<\/p>\n<p><img decoding=\"async\" class=\"alignnone size-medium wp-image-239193\" src=\"https:\/\/www.caririemacao.com\/1\/wp-content\/uploads\/2022\/01\/IMG-20220119-WA0011-135x300.jpg\" alt=\"\" width=\"135\" height=\"300\" srcset=\"https:\/\/www.caririemacao.com\/1\/wp-content\/uploads\/2022\/01\/IMG-20220119-WA0011-135x300.jpg 135w, https:\/\/www.caririemacao.com\/1\/wp-content\/uploads\/2022\/01\/IMG-20220119-WA0011.jpg 521w\" sizes=\"(max-width: 135px) 100vw, 135px\" \/>\u00a0 \u00a0 <img decoding=\"async\" class=\"alignnone size-medium wp-image-239194\" src=\"https:\/\/www.caririemacao.com\/1\/wp-content\/uploads\/2022\/01\/IMG-20220119-WA0005-135x300.jpg\" alt=\"\" width=\"135\" height=\"300\" srcset=\"https:\/\/www.caririemacao.com\/1\/wp-content\/uploads\/2022\/01\/IMG-20220119-WA0005-135x300.jpg 135w, https:\/\/www.caririemacao.com\/1\/wp-content\/uploads\/2022\/01\/IMG-20220119-WA0005-577x1280.jpg 577w, https:\/\/www.caririemacao.com\/1\/wp-content\/uploads\/2022\/01\/IMG-20220119-WA0005-692x1536.jpg 692w, https:\/\/www.caririemacao.com\/1\/wp-content\/uploads\/2022\/01\/IMG-20220119-WA0005.jpg 721w\" sizes=\"(max-width: 135px) 100vw, 135px\" \/><\/p>\n<p>LIMPA DE MATO<\/p>\n<p>Pra encerrar o balan\u00e7o de a\u00e7\u00f5es realizadas apenas nos \u00faltimos dias, o secret\u00e1rio de Infraestrutura, T\u00falo Conrado tamb\u00e9m confirmou a conclus\u00e3o do ro\u00e7o de mato iniciando nas proximidades do pr\u00e9dio da Justi\u00e7a Federal, seguindo pela Rua Poeta Jansem Filho finalizando na rua por tr\u00e1s da MONTRAN.<\/p>\n<p><img decoding=\"async\" class=\"alignnone size-medium wp-image-239192\" src=\"https:\/\/www.caririemacao.com\/1\/wp-content\/uploads\/2022\/01\/IMG-20220119-WA0008-300x135.jpg\" alt=\"\" width=\"300\" height=\"135\" srcset=\"https:\/\/www.caririemacao.com\/1\/wp-content\/uploads\/2022\/01\/IMG-20220119-WA0008-300x135.jpg 300w, https:\/\/www.caririemacao.com\/1\/wp-content\/uploads\/2022\/01\/IMG-20220119-WA0008-1280x577.jpg 1280w, https:\/\/www.caririemacao.com\/1\/wp-content\/uploads\/2022\/01\/IMG-20220119-WA0008-768x346.jpg 768w, https:\/\/www.caririemacao.com\/1\/wp-content\/uploads\/2022\/01\/IMG-20220119-WA0008-1536x692.jpg 1536w, https:\/\/www.caririemacao.com\/1\/wp-content\/uploads\/2022\/01\/IMG-20220119-WA0008.jpg 1600w\" sizes=\"(max-width: 300px) 100vw, 300px\" \/> <img loading=\"lazy\" decoding=\"async\" class=\"alignnone size-medium wp-image-239195\" src=\"https:\/\/www.caririemacao.com\/1\/wp-content\/uploads\/2022\/01\/IMG-20220119-WA0006-300x135.jpg\" alt=\"\" width=\"300\" height=\"135\" srcset=\"https:\/\/www.caririemacao.com\/1\/wp-content\/uploads\/2022\/01\/IMG-20220119-WA0006-300x135.jpg 300w, https:\/\/www.caririemacao.com\/1\/wp-content\/uploads\/2022\/01\/IMG-20220119-WA0006-1280x577.jpg 1280w, https:\/\/www.caririemacao.com\/1\/wp-content\/uploads\/2022\/01\/IMG-20220119-WA0006-768x346.jpg 768w, https:\/\/www.caririemacao.com\/1\/wp-content\/uploads\/2022\/01\/IMG-20220119-WA0006-1536x692.jpg 1536w, https:\/\/www.caririemacao.com\/1\/wp-content\/uploads\/2022\/01\/IMG-20220119-WA0006.jpg 1600w\" sizes=\"(max-width: 300px) 100vw, 300px\" \/><\/p>\n","protected":false},"excerpt":{"rendered":"<p>A Secretaria de Infraestrutura de Monteiro est\u00e1 realizando seu cont\u00ednuo trabalho de limpeza e conserva\u00e7\u00e3o de ruas e espa\u00e7os p\u00fablicos em todos os pontos do munic\u00edpio. Esta semana foi iniciada com uma s\u00e9rie de a\u00e7\u00f5es em prol da popula\u00e7\u00e3o, deixando a cidade mais limpa e agrad\u00e1vel. Foi finalizada a coloca\u00e7\u00e3o da areia na quadra por tr\u00e1s da Pousada dos Poemas, local onde praticantes de v\u00f4lei e de futev\u00f4lei usam diariamente para a pr\u00e1tica esportiva. Outra a\u00e7\u00e3o important\u00edssima foi a finaliza\u00e7\u00e3o quase que completa do piso do beco da rua da Granja de Etiene, que fica localizada na Vila Popular. PR\u00c9DIOS P\u00daBLICOS Os pr\u00e9dios onde s\u00e3o prestados servi\u00e7os p\u00fablicos \u00e0 comunidade tamb\u00e9m recebem a aten\u00e7\u00e3o especial. Foi conclu\u00edda tamb\u00e9m a, pintura do balc\u00e3o da recep\u00e7\u00e3o no Ambulat\u00f3rio de Sa\u00fade Mental, nova institui\u00e7\u00e3o da estrutura de atendimento em sa\u00fade do munic\u00edpio. \u00a0 \u00a0 LIMPA DE MATO Pra encerrar o balan\u00e7o de a\u00e7\u00f5es realizadas apenas nos \u00faltimos dias, o secret\u00e1rio de Infraestrutura, T\u00falo Conrado tamb\u00e9m confirmou a conclus\u00e3o do ro\u00e7o de mato iniciando nas proximidades do pr\u00e9dio da Justi\u00e7a Federal, seguindo pela Rua Poeta Jansem Filho finalizando na rua por tr\u00e1s da MONTRAN.<\/p>\n","protected":false},"author":6,"featured_media":239196,"comment_status":"closed","ping_status":"closed","sticky":false,"template":"","format":"standard","meta":{"sfsi_plus_gutenberg_text_before_share":"","sfsi_plus_gutenberg_show_text_before_share":"","sfsi_plus_gutenberg_icon_type":"","sfsi_plus_gutenberg_icon_alignemt":"","sfsi_plus_gutenburg_max_per_row":"","footnotes":""},"categories":[81],"tags":[],"class_list":["post-239191","post","type-post","status-publish","format-standard","has-post-thumbnail","hentry","category-monteiro"],"_links":{"self":[{"href":"https:\/\/www.caririemacao.com\/1\/wp-json\/wp\/v2\/posts\/239191","targetHints":{"allow":["GET"]}}],"collection":[{"href":"https:\/\/www.caririemacao.com\/1\/wp-json\/wp\/v2\/posts"}],"about":[{"href":"https:\/\/www.caririemacao.com\/1\/wp-json\/wp\/v2\/types\/post"}],"author":[{"embeddable":true,"href":"https:\/\/www.caririemacao.com\/1\/wp-json\/wp\/v2\/users\/6"}],"replies":[{"embeddable":true,"href":"https:\/\/www.caririemacao.com\/1\/wp-json\/wp\/v2\/comments?post=239191"}],"version-history":[{"count":1,"href":"https:\/\/www.caririemacao.com\/1\/wp-json\/wp\/v2\/posts\/239191\/revisions"}],"predecessor-version":[{"id":239197,"href":"https:\/\/www.caririemacao.com\/1\/wp-json\/wp\/v2\/posts\/239191\/revisions\/239197"}],"wp:featuredmedia":[{"embeddable":true,"href":"https:\/\/www.caririemacao.com\/1\/wp-json\/wp\/v2\/media\/239196"}],"wp:attachment":[{"href":"https:\/\/www.caririemacao.com\/1\/wp-json\/wp\/v2\/media?parent=239191"}],"wp:term":[{"taxonomy":"category","embeddable":true,"href":"https:\/\/www.caririemacao.com\/1\/wp-json\/wp\/v2\/categories?post=239191"},{"taxonomy":"post_tag","embeddable":true,"href":"https:\/\/www.caririemacao.com\/1\/wp-json\/wp\/v2\/tags?post=239191"}],"curies":[{"name":"wp","href":"https:\/\/api.w.org\/{rel}","templated":true}]}}