{"id":240684,"date":"2022-02-08T09:44:18","date_gmt":"2022-02-08T12:44:18","guid":{"rendered":"https:\/\/www.caririemacao.com\/1\/?p=240684"},"modified":"2022-02-08T09:44:18","modified_gmt":"2022-02-08T12:44:18","slug":"idoso-comemora-121-anos-com-bolo-tematico-o-terror-do-inss","status":"publish","type":"post","link":"https:\/\/www.caririemacao.com\/1\/2022\/02\/08\/idoso-comemora-121-anos-com-bolo-tematico-o-terror-do-inss\/","title":{"rendered":"Idoso comemora 121 anos com bolo tem\u00e1tico: &#8216;O terror do INSS&#8217;"},"content":{"rendered":"<p>O aposentado Andrelino Vieira da Silva comemorou o anivers\u00e1rio de 121 anos de idade com um bolo tem\u00e1tico em Aparecida de Goi\u00e2nia, na Regi\u00e3o Metropolitana da capital. Neta dele, a supervisora cont\u00e1bil Janaina Lemes de Souza, de 36 anos, mandou fazer o doce com o tema: \u201cO terror do INSS\u201d.<\/p>\n<p>\u201cTodo ano eu mando fazer um bolo para ele e nesse ano um amigo viu na internet uma pessoa que fez um bolo dessa forma e me mandou dizendo: \u2018\u00c9 a cara do seu av\u00f4\u2019\u201d, disse.<\/p>\n<p>Andrelino nasceu no dia 3 de fevereiro de 1901, em Anicuns, na regi\u00e3o central de Goi\u00e1s. O aposentado foi casado e teve sete filhos, sendo que cinco est\u00e3o vivos. Al\u00e9m disso, ele tem 13 netos, 16 bisnetos e um tataraneto.<\/p>\n<p>\u201c\u00c9 um privil\u00e9gio muito grande ter uma pessoa dessa idade na fam\u00edlia para poder compartilhar hist\u00f3rias com a gente. Minha filha teve a oportunidade de ter um bisav\u00f4. Eu n\u00e3o tive. A gente valoriza todos os momentos. Ele viaja, vai a barzinhos, faz de tudo\u201d afirmou Janaina.<\/p>\n<p>Segundo a neta, apesar da idade, o idoso est\u00e1 l\u00facido e \u00e9 saud\u00e1vel. Janaina explicou que a fam\u00edlia vive em casas separadas em um mesmo terreno: Ela; o esposo e a filha vivem em uma casa; a m\u00e3e, o pai e o irm\u00e3o em outra; e o av\u00f4 vive sozinho.<\/p>\n<p>\u201cEle \u00e9 lucido, ativo, faz a comidinha dele, cuida das coisinhas dele. N\u00f3s moramos a fam\u00edlia toda em um mesmo terreno, mas ele tem um barrac\u00e3o dele, onde mora sozinho. Ele leva uma vida normal. Ele adora forr\u00f3 e ia sempre dan\u00e7ar\u201d, contou.<\/p>\n<p>O anivers\u00e1rio do aposentado foi comemorado na \u00faltima quinta-feira (3) em uma reuni\u00e3o apenas com os familiares que vivem no mesmo terreno. O motivo, conforme Janaina, \u00e9 que o av\u00f4 e demais parentes que moram no local est\u00e3o com Covid-19.<\/p>\n<p>\u201cComo estamos todos com Covid-19, fizemos apenas um bolinho para n\u00e3o deixar passar em branco, s\u00f3 n\u00f3s, mesmo. Mas ele est\u00e1 super bem, apenas com sintomas leves. Ele tomou as tr\u00eas doses da vacina\u201d, explicou.<\/p>\n<p>g1<\/p>\n","protected":false},"excerpt":{"rendered":"<p>O aposentado Andrelino Vieira da Silva comemorou o anivers\u00e1rio de 121 anos de idade com um bolo tem\u00e1tico em Aparecida de Goi\u00e2nia, na Regi\u00e3o Metropolitana da capital. Neta dele, a supervisora cont\u00e1bil Janaina Lemes de Souza, de 36 anos, mandou fazer o doce com o tema: \u201cO terror do INSS\u201d. \u201cTodo ano eu mando fazer um bolo para ele e nesse ano um amigo viu na internet uma pessoa que fez um bolo dessa forma e me mandou dizendo: \u2018\u00c9 a cara do seu av\u00f4\u2019\u201d, disse. Andrelino nasceu no dia 3 de fevereiro de 1901, em Anicuns, na regi\u00e3o central de Goi\u00e1s. O aposentado foi casado e teve sete filhos, sendo que cinco est\u00e3o vivos. Al\u00e9m disso, ele tem 13 netos, 16 bisnetos e um tataraneto. \u201c\u00c9 um privil\u00e9gio muito grande ter uma pessoa dessa idade na fam\u00edlia para poder compartilhar hist\u00f3rias com a gente. Minha filha teve a oportunidade de ter um bisav\u00f4. Eu n\u00e3o tive. A gente valoriza todos os momentos. Ele viaja, vai a barzinhos, faz de tudo\u201d afirmou Janaina. Segundo a neta, apesar da idade, o idoso est\u00e1 l\u00facido e \u00e9 saud\u00e1vel. Janaina explicou que a fam\u00edlia vive em casas separadas em um mesmo terreno: Ela; o esposo e a filha vivem em uma casa; a m\u00e3e, o pai e o irm\u00e3o em outra; e o av\u00f4 vive sozinho. \u201cEle \u00e9 lucido, ativo, faz a comidinha dele, cuida das coisinhas dele. N\u00f3s moramos a fam\u00edlia toda em um mesmo terreno, mas ele tem um barrac\u00e3o dele, onde mora sozinho. Ele leva uma vida normal. Ele adora forr\u00f3 e ia sempre dan\u00e7ar\u201d, contou. O anivers\u00e1rio do aposentado foi comemorado na \u00faltima quinta-feira (3) em uma reuni\u00e3o apenas com os familiares que vivem no mesmo terreno. O motivo, conforme Janaina, \u00e9 que o av\u00f4 e demais parentes que moram no local est\u00e3o com Covid-19. \u201cComo estamos todos com Covid-19, fizemos apenas um bolinho para n\u00e3o deixar passar em branco, s\u00f3 n\u00f3s, mesmo. Mas ele est\u00e1 super bem, apenas com sintomas leves. Ele tomou as tr\u00eas doses da vacina\u201d, explicou. g1<\/p>\n","protected":false},"author":6,"featured_media":240685,"comment_status":"closed","ping_status":"closed","sticky":false,"template":"","format":"standard","meta":{"sfsi_plus_gutenberg_text_before_share":"","sfsi_plus_gutenberg_show_text_before_share":"","sfsi_plus_gutenberg_icon_type":"","sfsi_plus_gutenberg_icon_alignemt":"","sfsi_plus_gutenburg_max_per_row":"","footnotes":""},"categories":[2],"tags":[],"class_list":["post-240684","post","type-post","status-publish","format-standard","has-post-thumbnail","hentry","category-geral"],"_links":{"self":[{"href":"https:\/\/www.caririemacao.com\/1\/wp-json\/wp\/v2\/posts\/240684","targetHints":{"allow":["GET"]}}],"collection":[{"href":"https:\/\/www.caririemacao.com\/1\/wp-json\/wp\/v2\/posts"}],"about":[{"href":"https:\/\/www.caririemacao.com\/1\/wp-json\/wp\/v2\/types\/post"}],"author":[{"embeddable":true,"href":"https:\/\/www.caririemacao.com\/1\/wp-json\/wp\/v2\/users\/6"}],"replies":[{"embeddable":true,"href":"https:\/\/www.caririemacao.com\/1\/wp-json\/wp\/v2\/comments?post=240684"}],"version-history":[{"count":1,"href":"https:\/\/www.caririemacao.com\/1\/wp-json\/wp\/v2\/posts\/240684\/revisions"}],"predecessor-version":[{"id":240686,"href":"https:\/\/www.caririemacao.com\/1\/wp-json\/wp\/v2\/posts\/240684\/revisions\/240686"}],"wp:featuredmedia":[{"embeddable":true,"href":"https:\/\/www.caririemacao.com\/1\/wp-json\/wp\/v2\/media\/240685"}],"wp:attachment":[{"href":"https:\/\/www.caririemacao.com\/1\/wp-json\/wp\/v2\/media?parent=240684"}],"wp:term":[{"taxonomy":"category","embeddable":true,"href":"https:\/\/www.caririemacao.com\/1\/wp-json\/wp\/v2\/categories?post=240684"},{"taxonomy":"post_tag","embeddable":true,"href":"https:\/\/www.caririemacao.com\/1\/wp-json\/wp\/v2\/tags?post=240684"}],"curies":[{"name":"wp","href":"https:\/\/api.w.org\/{rel}","templated":true}]}}