{"id":240690,"date":"2022-02-08T10:45:02","date_gmt":"2022-02-08T13:45:02","guid":{"rendered":"https:\/\/www.caririemacao.com\/1\/?p=240690"},"modified":"2022-02-08T10:45:02","modified_gmt":"2022-02-08T13:45:02","slug":"bolsonaro-preve-jeguiata-e-uso-eleitoral-de-transposicao-em-tour-no-nordeste","status":"publish","type":"post","link":"https:\/\/www.caririemacao.com\/1\/2022\/02\/08\/bolsonaro-preve-jeguiata-e-uso-eleitoral-de-transposicao-em-tour-no-nordeste\/","title":{"rendered":"Bolsonaro prev\u00ea jeguiata e uso eleitoral de transposi\u00e7\u00e3o em tour no Nordeste"},"content":{"rendered":"<p>O presidente Jair Bolsonaro (PL) inicia nesta ter\u00e7a-feira (8) uma nova s\u00e9rie de visitas pelo Nordeste, reduto pol\u00edtico do ex-presidente Luiz In\u00e1cio Lula da Silva (PT).<\/p>\n<p>O chefe do Executivo vai focar as obras de seguran\u00e7a h\u00eddrica no p\u00e9riplo pela regi\u00e3o, onde a rejei\u00e7\u00e3o ao governo Bolsonaro \u00e9 a maior entre todas do pa\u00eds.<\/p>\n<p>Ap\u00f3s participar de uma s\u00e9rie de motociatas em 2021, o presidente desta vez deve participar de uma jeguiata.<\/p>\n<p>Nas primeiras semanas deste ano eleitoral, Bolsonaro tem intensificado as agendas externas ao Pal\u00e1cio do Planalto \u2013 antes, j\u00e1 passou por estados de Norte e Sudeste.<br \/>\nAs quatro agendas de Bolsonaro no Nordeste ao longo desta ter\u00e7a e quarta (9) s\u00e3o voltadas ao combate \u00e0 inseguran\u00e7a h\u00eddrica.<\/p>\n<p>Nesta ter\u00e7a, o presidente vai a Salgueiro, no sert\u00e3o pernambucano, fazer o acionamento das bombas de uma esta\u00e7\u00e3o do eixo norte da transposi\u00e7\u00e3o do rio S\u00e3o Francisco. Em seguida, vai \u00e0 barragem de Jati, no interior do Cear\u00e1, para a retomada da libera\u00e7\u00e3o das \u00e1guas para o cintur\u00e3o das \u00e1guas do estado.<\/p>\n<p>Bolsonaro deve pernoitar em Caic\u00f3, no sert\u00e3o do Rio Grande do Norte. Na quarta de manh\u00e3, sair\u00e1 em dire\u00e7\u00e3o a Jucurutu, na mesma regi\u00e3o, para visita \u00e0 barragem de Oiticica e assinar\u00e1 ordem de servi\u00e7o para constru\u00e7\u00e3o da segunda etapa de pavimenta\u00e7\u00e3o no munic\u00edpio.<\/p>\n<p>Ainda no estado potiguar, Bolsonaro participa da chegada das \u00e1guas do rio S\u00e3o Francisco ao Rio Grande do Norte, em Jardim de Piranhas.<\/p>\n<p>Obra estudada para execu\u00e7\u00e3o por Dom Pedro 2\u00ba, no Brasil Imperial de dois s\u00e9culos atr\u00e1s, a transposi\u00e7\u00e3o foi iniciada em 2007, durante o segundo mandato de Lula.<\/p>\n<p>A previs\u00e3o inicial de conclus\u00e3o era 2012, mas o prazo n\u00e3o foi cumprido. Passou por diversas prorroga\u00e7\u00f5es, com a primeira etapa sendo inaugurada somente em 2017, por Michel Temer (MDB).<\/p>\n<p>O custo das obras tamb\u00e9m n\u00e3o ficou est\u00e1tico e saltou de R$ 4,5 bilh\u00f5es para R$ 12 bilh\u00f5es. Ao todo, s\u00e3o 477 km de canais de \u00e1gua.<\/p>\n<p>Quando todas as estruturas e sistemas complementares nos estados estiverem em opera\u00e7\u00e3o, cerca de 12 milh\u00f5es de pessoas em 390 munic\u00edpios de Pernambuco, Para\u00edba, Cear\u00e1 e Rio Grande do Norte ser\u00e3o beneficiadas.<\/p>\n<p>A transposi\u00e7\u00e3o \u00e9 apontada como diretriz para revitaliza\u00e7\u00e3o econ\u00f4mica do Nordeste pelo fato de ser a maior obra h\u00eddrica do pa\u00eds.<\/p>\n<p>A paternidade da transposi\u00e7\u00e3o do S\u00e3o Francisco \u00e9 disputada por diferentes atores da pol\u00edtica nacional. O embate mais recente come\u00e7ou quando Temer inaugurou um trecho da obra durante o seu governo, provocando rea\u00e7\u00e3o dos petistas Lula e Dilma Rousseff.<\/p>\n<p>Jair Bolsonaro, por sua vez, faz cr\u00edticas aos ex-presidentes petistas por n\u00e3o terem conclu\u00eddo as obras da transposi\u00e7\u00e3o.<\/p>\n<p>O atual presidente alega em discursos que, mais importante que anunciar novas obras, \u00e9 conclu\u00ed-las. J\u00e1 os advers\u00e1rios dizem que o presidente n\u00e3o tem agenda pr\u00f3pria e usa a sobra de ativos dos governos anteriores.<br \/>\nA constru\u00e7\u00e3o de obras para amenizar os efeitos da seca na regi\u00e3o Nordeste dever\u00e1 ser tema da campanha eleitoral deste ano.<\/p>\n<p>O PT aposta no seu tradicional reduto pol\u00edtico para ampliar as bancadas no Congresso Nacional, enquanto aliados do presidente Bolsonaro procuram diminuir as resist\u00eancias do eleitorado nordestino ao mandat\u00e1rio.<\/p>\n<p>A visita de Bolsonaro ao Nordeste come\u00e7a cinco dias depois de ele ter se referido aos nordestinos como &#8220;pau de arara&#8221;. A express\u00e3o depreciativa foi usada pelo presidente ap\u00f3s confundir a origem do Padre C\u00edcero e pedir a auxiliares para confirmarem o estado natal do religioso.<\/p>\n<p>&#8220;De que cidade fica l\u00e1?&#8221;, questionou o presidente a assessores que estavam na sala de transmiss\u00e3o. &#8220;Est\u00e1 cheio de pau de arara aqui e n\u00e3o sabem que cidade fica padre C\u00edcero?&#8221;<\/p>\n<p>Ap\u00f3s o t\u00e9rmino da visita ao Rio Grande do Norte, Bolsonaro dever\u00e1 participar de um passeio sobre jegues com apoiadores pol\u00edticos. O movimento est\u00e1 sendo articulado pelas redes sociais de grupos bolsonaristas.<\/p>\n<p>Na visita a Pernambuco, a expectativa \u00e9 que Bolsonaro diga se o ministro do Turismo, Gilson Machado Neto, \u00e9 pr\u00e9-candidato a governador ou a senador pelo estado em outubro.<\/p>\n<p>Advers\u00e1rio pol\u00edtico do presidente, o governador de Pernambuco, Paulo C\u00e2mara (PSB), presidente do Cons\u00f3rcio Nordeste, n\u00e3o participar\u00e1 do encontro.<\/p>\n<p>No Rio Grande do Norte, Bolsonaro deve ser acompanhado pelos ministros das Comunica\u00e7\u00f5es, F\u00e1bio Faria, e do Desenvolvimento Regional, Rog\u00e9rio Marinho. A oposi\u00e7\u00e3o potiguar tenta uma constru\u00e7\u00e3o para que um dos dois saia candidato ao Senado em prol da unidade para enfrentar aliados do PT.<\/p>\n<p>J\u00e1 a governadora F\u00e1tima Bezerra (PT) n\u00e3o dever\u00e1 comparecer, segundo interlocutores, assim como o tamb\u00e9m petista Camilo Santana, no caso da visita de Bolsonaro ao Cear\u00e1, que tamb\u00e9m \u00e9 ber\u00e7o pol\u00edtico de Ciro Gomes (PDT), pr\u00e9-candidato \u00e0 Presid\u00eancia.<\/p>\n<p>FolhaPress<\/p>\n","protected":false},"excerpt":{"rendered":"<p>O presidente Jair Bolsonaro (PL) inicia nesta ter\u00e7a-feira (8) uma nova s\u00e9rie de visitas pelo Nordeste, reduto pol\u00edtico do ex-presidente Luiz In\u00e1cio Lula da Silva (PT). O chefe do Executivo vai focar as obras de seguran\u00e7a h\u00eddrica no p\u00e9riplo pela regi\u00e3o, onde a rejei\u00e7\u00e3o ao governo Bolsonaro \u00e9 a maior entre todas do pa\u00eds. Ap\u00f3s participar de uma s\u00e9rie de motociatas em 2021, o presidente desta vez deve participar de uma jeguiata. Nas primeiras semanas deste ano eleitoral, Bolsonaro tem intensificado as agendas externas ao Pal\u00e1cio do Planalto \u2013 antes, j\u00e1 passou por estados de Norte e Sudeste. As quatro agendas de Bolsonaro no Nordeste ao longo desta ter\u00e7a e quarta (9) s\u00e3o voltadas ao combate \u00e0 inseguran\u00e7a h\u00eddrica. Nesta ter\u00e7a, o presidente vai a Salgueiro, no sert\u00e3o pernambucano, fazer o acionamento das bombas de uma esta\u00e7\u00e3o do eixo norte da transposi\u00e7\u00e3o do rio S\u00e3o Francisco. Em seguida, vai \u00e0 barragem de Jati, no interior do Cear\u00e1, para a retomada da libera\u00e7\u00e3o das \u00e1guas para o cintur\u00e3o das \u00e1guas do estado. Bolsonaro deve pernoitar em Caic\u00f3, no sert\u00e3o do Rio Grande do Norte. Na quarta de manh\u00e3, sair\u00e1 em dire\u00e7\u00e3o a Jucurutu, na mesma regi\u00e3o, para visita \u00e0 barragem de Oiticica e assinar\u00e1 ordem de servi\u00e7o para constru\u00e7\u00e3o da segunda etapa de pavimenta\u00e7\u00e3o no munic\u00edpio. Ainda no estado potiguar, Bolsonaro participa da chegada das \u00e1guas do rio S\u00e3o Francisco ao Rio Grande do Norte, em Jardim de Piranhas. Obra estudada para execu\u00e7\u00e3o por Dom Pedro 2\u00ba, no Brasil Imperial de dois s\u00e9culos atr\u00e1s, a transposi\u00e7\u00e3o foi iniciada em 2007, durante o segundo mandato de Lula. A previs\u00e3o inicial de conclus\u00e3o era 2012, mas o prazo n\u00e3o foi cumprido. Passou por diversas prorroga\u00e7\u00f5es, com a primeira etapa sendo inaugurada somente em 2017, por Michel Temer (MDB). O custo das obras tamb\u00e9m n\u00e3o ficou est\u00e1tico e saltou de R$ 4,5 bilh\u00f5es para R$ 12 bilh\u00f5es. Ao todo, s\u00e3o 477 km de canais de \u00e1gua. Quando todas as estruturas e sistemas complementares nos estados estiverem em opera\u00e7\u00e3o, cerca de 12 milh\u00f5es de pessoas em 390 munic\u00edpios de Pernambuco, Para\u00edba, Cear\u00e1 e Rio Grande do Norte ser\u00e3o beneficiadas. A transposi\u00e7\u00e3o \u00e9 apontada como diretriz para revitaliza\u00e7\u00e3o econ\u00f4mica do Nordeste pelo fato de ser a maior obra h\u00eddrica do pa\u00eds. A paternidade da transposi\u00e7\u00e3o do S\u00e3o Francisco \u00e9 disputada por diferentes atores da pol\u00edtica nacional. O embate mais recente come\u00e7ou quando Temer inaugurou um trecho da obra durante o seu governo, provocando rea\u00e7\u00e3o dos petistas Lula e Dilma Rousseff. Jair Bolsonaro, por sua vez, faz cr\u00edticas aos ex-presidentes petistas por n\u00e3o terem conclu\u00eddo as obras da transposi\u00e7\u00e3o. O atual presidente alega em discursos que, mais importante que anunciar novas obras, \u00e9 conclu\u00ed-las. J\u00e1 os advers\u00e1rios dizem que o presidente n\u00e3o tem agenda pr\u00f3pria e usa a sobra de ativos dos governos anteriores. A constru\u00e7\u00e3o de obras para amenizar os efeitos da seca na regi\u00e3o Nordeste dever\u00e1 ser tema da campanha eleitoral deste ano. O PT aposta no seu tradicional reduto pol\u00edtico para ampliar as bancadas no Congresso Nacional, enquanto aliados do presidente Bolsonaro procuram diminuir as resist\u00eancias do eleitorado nordestino ao mandat\u00e1rio. A visita de Bolsonaro ao Nordeste come\u00e7a cinco dias depois de ele ter se referido aos nordestinos como &#8220;pau de arara&#8221;. A express\u00e3o depreciativa foi usada pelo presidente ap\u00f3s confundir a origem do Padre C\u00edcero e pedir a auxiliares para confirmarem o estado natal do religioso. &#8220;De que cidade fica l\u00e1?&#8221;, questionou o presidente a assessores que estavam na sala de transmiss\u00e3o. &#8220;Est\u00e1 cheio de pau de arara aqui e n\u00e3o sabem que cidade fica padre C\u00edcero?&#8221; Ap\u00f3s o t\u00e9rmino da visita ao Rio Grande do Norte, Bolsonaro dever\u00e1 participar de um passeio sobre jegues com apoiadores pol\u00edticos. O movimento est\u00e1 sendo articulado pelas redes sociais de grupos bolsonaristas. Na visita a Pernambuco, a expectativa \u00e9 que Bolsonaro diga se o ministro do Turismo, Gilson Machado Neto, \u00e9 pr\u00e9-candidato a governador ou a senador pelo estado em outubro. Advers\u00e1rio pol\u00edtico do presidente, o governador de Pernambuco, Paulo C\u00e2mara (PSB), presidente do Cons\u00f3rcio Nordeste, n\u00e3o participar\u00e1 do encontro. No Rio Grande do Norte, Bolsonaro deve ser acompanhado pelos ministros das Comunica\u00e7\u00f5es, F\u00e1bio Faria, e do Desenvolvimento Regional, Rog\u00e9rio Marinho. A oposi\u00e7\u00e3o potiguar tenta uma constru\u00e7\u00e3o para que um dos dois saia candidato ao Senado em prol da unidade para enfrentar aliados do PT. J\u00e1 a governadora F\u00e1tima Bezerra (PT) n\u00e3o dever\u00e1 comparecer, segundo interlocutores, assim como o tamb\u00e9m petista Camilo Santana, no caso da visita de Bolsonaro ao Cear\u00e1, que tamb\u00e9m \u00e9 ber\u00e7o pol\u00edtico de Ciro Gomes (PDT), pr\u00e9-candidato \u00e0 Presid\u00eancia. FolhaPress<\/p>\n","protected":false},"author":6,"featured_media":240691,"comment_status":"closed","ping_status":"closed","sticky":false,"template":"","format":"standard","meta":{"sfsi_plus_gutenberg_text_before_share":"","sfsi_plus_gutenberg_show_text_before_share":"","sfsi_plus_gutenberg_icon_type":"","sfsi_plus_gutenberg_icon_alignemt":"","sfsi_plus_gutenburg_max_per_row":"","footnotes":""},"categories":[98],"tags":[],"class_list":["post-240690","post","type-post","status-publish","format-standard","has-post-thumbnail","hentry","category-presidente"],"_links":{"self":[{"href":"https:\/\/www.caririemacao.com\/1\/wp-json\/wp\/v2\/posts\/240690","targetHints":{"allow":["GET"]}}],"collection":[{"href":"https:\/\/www.caririemacao.com\/1\/wp-json\/wp\/v2\/posts"}],"about":[{"href":"https:\/\/www.caririemacao.com\/1\/wp-json\/wp\/v2\/types\/post"}],"author":[{"embeddable":true,"href":"https:\/\/www.caririemacao.com\/1\/wp-json\/wp\/v2\/users\/6"}],"replies":[{"embeddable":true,"href":"https:\/\/www.caririemacao.com\/1\/wp-json\/wp\/v2\/comments?post=240690"}],"version-history":[{"count":1,"href":"https:\/\/www.caririemacao.com\/1\/wp-json\/wp\/v2\/posts\/240690\/revisions"}],"predecessor-version":[{"id":240692,"href":"https:\/\/www.caririemacao.com\/1\/wp-json\/wp\/v2\/posts\/240690\/revisions\/240692"}],"wp:featuredmedia":[{"embeddable":true,"href":"https:\/\/www.caririemacao.com\/1\/wp-json\/wp\/v2\/media\/240691"}],"wp:attachment":[{"href":"https:\/\/www.caririemacao.com\/1\/wp-json\/wp\/v2\/media?parent=240690"}],"wp:term":[{"taxonomy":"category","embeddable":true,"href":"https:\/\/www.caririemacao.com\/1\/wp-json\/wp\/v2\/categories?post=240690"},{"taxonomy":"post_tag","embeddable":true,"href":"https:\/\/www.caririemacao.com\/1\/wp-json\/wp\/v2\/tags?post=240690"}],"curies":[{"name":"wp","href":"https:\/\/api.w.org\/{rel}","templated":true}]}}