{"id":240717,"date":"2022-02-08T16:28:24","date_gmt":"2022-02-08T19:28:24","guid":{"rendered":"https:\/\/www.caririemacao.com\/1\/?p=240717"},"modified":"2022-02-08T16:28:24","modified_gmt":"2022-02-08T19:28:24","slug":"calvario-stj-autoriza-ricardo-coutinho-deixar-joao-pessoa-sem-autorizacao-judicial","status":"publish","type":"post","link":"https:\/\/www.caririemacao.com\/1\/2022\/02\/08\/calvario-stj-autoriza-ricardo-coutinho-deixar-joao-pessoa-sem-autorizacao-judicial\/","title":{"rendered":"Calv\u00e1rio: STJ autoriza Ricardo Coutinho deixar Jo\u00e3o Pessoa sem autoriza\u00e7\u00e3o judicial"},"content":{"rendered":"<p>A Sexta Turma do Superior Tribunal de Justi\u00e7a (STJ) acolheu na tarde deste ter\u00e7a-feira (8), \u00a0por unanimidade, pedido da defesa para permitir ao ex-governador Ricardo Coutinho (PT) o direito de se ausentar da comarca sem a necessidade de autoriza\u00e7\u00e3o judicial.<\/p>\n<p>O entendimento do STJ est\u00e1 em conson\u00e2ncia com a legisla\u00e7\u00e3o e com os precedentes das Cortes Superiores no sentido de que as medidas cautelares, por restringirem o direito de ir e vir, n\u00e3o podem ter dura\u00e7\u00e3o indefinida.<\/p>\n<p>Ricardo cumpre medidas cautelares por ser investigado na Opera\u00e7\u00e3o Calv\u00e1rio. Entre as acusa\u00e7\u00f5es, a de integrar um\u00a0 esquema que desviava dinheiro p\u00fablico atrav\u00e9s de Organiza\u00e7\u00f5es Sociais contratada para gerenciar hospitais na Para\u00edba.<\/p>\n<p>Rec\u00e9m filiado ao PT, Ricardo trabalha no sentido de viabilizar candidatura nas elei\u00e7\u00f5es deste ano. Possivelmente deve concorrer vaga na C\u00e2mara Federal.<\/p>\n<p>MaisPB<\/p>\n","protected":false},"excerpt":{"rendered":"<p>A Sexta Turma do Superior Tribunal de Justi\u00e7a (STJ) acolheu na tarde deste ter\u00e7a-feira (8), \u00a0por unanimidade, pedido da defesa para permitir ao ex-governador Ricardo Coutinho (PT) o direito de se ausentar da comarca sem a necessidade de autoriza\u00e7\u00e3o judicial. O entendimento do STJ est\u00e1 em conson\u00e2ncia com a legisla\u00e7\u00e3o e com os precedentes das Cortes Superiores no sentido de que as medidas cautelares, por restringirem o direito de ir e vir, n\u00e3o podem ter dura\u00e7\u00e3o indefinida. Ricardo cumpre medidas cautelares por ser investigado na Opera\u00e7\u00e3o Calv\u00e1rio. Entre as acusa\u00e7\u00f5es, a de integrar um\u00a0 esquema que desviava dinheiro p\u00fablico atrav\u00e9s de Organiza\u00e7\u00f5es Sociais contratada para gerenciar hospitais na Para\u00edba. Rec\u00e9m filiado ao PT, Ricardo trabalha no sentido de viabilizar candidatura nas elei\u00e7\u00f5es deste ano. Possivelmente deve concorrer vaga na C\u00e2mara Federal. MaisPB<\/p>\n","protected":false},"author":6,"featured_media":239607,"comment_status":"closed","ping_status":"closed","sticky":false,"template":"","format":"standard","meta":{"sfsi_plus_gutenberg_text_before_share":"","sfsi_plus_gutenberg_show_text_before_share":"","sfsi_plus_gutenberg_icon_type":"","sfsi_plus_gutenberg_icon_alignemt":"","sfsi_plus_gutenburg_max_per_row":"","footnotes":""},"categories":[104],"tags":[],"class_list":["post-240717","post","type-post","status-publish","format-standard","has-post-thumbnail","hentry","category-paraiba"],"_links":{"self":[{"href":"https:\/\/www.caririemacao.com\/1\/wp-json\/wp\/v2\/posts\/240717","targetHints":{"allow":["GET"]}}],"collection":[{"href":"https:\/\/www.caririemacao.com\/1\/wp-json\/wp\/v2\/posts"}],"about":[{"href":"https:\/\/www.caririemacao.com\/1\/wp-json\/wp\/v2\/types\/post"}],"author":[{"embeddable":true,"href":"https:\/\/www.caririemacao.com\/1\/wp-json\/wp\/v2\/users\/6"}],"replies":[{"embeddable":true,"href":"https:\/\/www.caririemacao.com\/1\/wp-json\/wp\/v2\/comments?post=240717"}],"version-history":[{"count":1,"href":"https:\/\/www.caririemacao.com\/1\/wp-json\/wp\/v2\/posts\/240717\/revisions"}],"predecessor-version":[{"id":240718,"href":"https:\/\/www.caririemacao.com\/1\/wp-json\/wp\/v2\/posts\/240717\/revisions\/240718"}],"wp:featuredmedia":[{"embeddable":true,"href":"https:\/\/www.caririemacao.com\/1\/wp-json\/wp\/v2\/media\/239607"}],"wp:attachment":[{"href":"https:\/\/www.caririemacao.com\/1\/wp-json\/wp\/v2\/media?parent=240717"}],"wp:term":[{"taxonomy":"category","embeddable":true,"href":"https:\/\/www.caririemacao.com\/1\/wp-json\/wp\/v2\/categories?post=240717"},{"taxonomy":"post_tag","embeddable":true,"href":"https:\/\/www.caririemacao.com\/1\/wp-json\/wp\/v2\/tags?post=240717"}],"curies":[{"name":"wp","href":"https:\/\/api.w.org\/{rel}","templated":true}]}}