{"id":240729,"date":"2022-02-08T16:46:05","date_gmt":"2022-02-08T19:46:05","guid":{"rendered":"https:\/\/www.caririemacao.com\/1\/?p=240729"},"modified":"2022-02-08T16:46:05","modified_gmt":"2022-02-08T19:46:05","slug":"em-acao-rapida-policia-militar-prende-acusados-de-assassinar-comerciante-em-cidade-do-cariri","status":"publish","type":"post","link":"https:\/\/www.caririemacao.com\/1\/2022\/02\/08\/em-acao-rapida-policia-militar-prende-acusados-de-assassinar-comerciante-em-cidade-do-cariri\/","title":{"rendered":"Em a\u00e7\u00e3o r\u00e1pida, Pol\u00edcia Militar prende acusados de assassinar comerciante em cidade do Cariri"},"content":{"rendered":"<p>A Segunda Companhia Independente da Pol\u00edcia Militar de Mamanguape, prendeu dois suspeitos, sendo um deles menor da idade, do assassinato do comerciante juazeirinhense Gentil Nascimento.<\/p>\n<p>Gentil era propriet\u00e1rio de uma padaria no distrito de V\u00e1rzea Nova, munic\u00edpio de Santa Rita, e foi sequestrado na \u00faltima sexta-feira (4) e morto com requintes de crueldade.<\/p>\n<p>Seu corpo foi encontrado sob as \u00e1guas do a\u00e7ude da Pedreira, na cidade de Mamanguape, na manh\u00e3 de segunda-feira (7), em avan\u00e7ado estado de decomposi\u00e7\u00e3o, com as m\u00e3os amarradas para tr\u00e1s, al\u00e9m de uma pedra de tamanho m\u00e9dio amarrada aos p\u00e9s do comerciante.<\/p>\n<p><img fetchpriority=\"high\" decoding=\"async\" class=\"wp-image-105592 aligncenter\" src=\"http:\/\/deolhonocariri.com.br\/wp-content\/uploads\/2022\/02\/Screenshot_20220208-1512362-300x208-1.png\" alt=\"\" width=\"630\" height=\"437\" \/><\/p>\n<p>O major Alberto Filho, comandante da 2a CPM de Mamanguape, disse \u00e0 TV Correio, que por for\u00e7a de denuncia an\u00f4nima, foram presos de imediato dois suspeitos de participa\u00e7\u00e3o no crime e que eles j\u00e1 teriam confessado o assassinato.<\/p>\n<p>Outros dois acusados, sendo um deles menor de idade, conseguiram fugir.<\/p>\n<p>\u00c0 pol\u00edcia, os assassinos confesso, contaram uma hist\u00f3ria estapaf\u00fardia.<\/p>\n<p>Eles disseram que Gentil teria ido no s\u00e1bado (5) tentar sequestrar um irm\u00e3o menor dos acusados, sendo essa vers\u00e3o desprovida da menor verossimilhan\u00e7a, haja vista que o comerciante era um homem pacato e vivia apenas para o trabalho e a sua fam\u00edlia, tendo a vizinhan\u00e7a atestado sua conduta ilibada.<\/p>\n<p>Eles tamb\u00e9m relataram que Gentil teria morrido porque foi amorda\u00e7ado com for\u00e7a e colocado dentro da mala do ve\u00edculo sem poder respirar.<\/p>\n<p>Quando foram tir\u00e1-lo do porta-malas, o comerciante j\u00e1 estava quase sem vida e eles, na tentativa de ocultar o cad\u00e1ver, o jogaram dentro do a\u00e7ude com as m\u00e3os amarradas e um pedra presa ao p\u00e9.<\/p>\n<p>Os assassinos presos foram levados \u00e0 Delegacia Seccional de Pol\u00edcia Civil (DSPC) de Mamanguape para serem interrogados e est\u00e3o a disposi\u00e7\u00e3o da Justi\u00e7a.<\/p>\n<p>As dilig\u00eancias para a captura dos outros dois suspeitos prosseguem.<\/p>\n<p>&nbsp;<\/p>\n<p><strong>CARIRI EM A\u00c7\u00c3O<\/strong><\/p>\n<p>Com Heleno Lima<\/p>\n","protected":false},"excerpt":{"rendered":"<p>A Segunda Companhia Independente da Pol\u00edcia Militar de Mamanguape, prendeu dois suspeitos, sendo um deles menor da idade, do assassinato do comerciante juazeirinhense Gentil Nascimento. Gentil era propriet\u00e1rio de uma padaria no distrito de V\u00e1rzea Nova, munic\u00edpio de Santa Rita, e foi sequestrado na \u00faltima sexta-feira (4) e morto com requintes de crueldade. Seu corpo foi encontrado sob as \u00e1guas do a\u00e7ude da Pedreira, na cidade de Mamanguape, na manh\u00e3 de segunda-feira (7), em avan\u00e7ado estado de decomposi\u00e7\u00e3o, com as m\u00e3os amarradas para tr\u00e1s, al\u00e9m de uma pedra de tamanho m\u00e9dio amarrada aos p\u00e9s do comerciante. O major Alberto Filho, comandante da 2a CPM de Mamanguape, disse \u00e0 TV Correio, que por for\u00e7a de denuncia an\u00f4nima, foram presos de imediato dois suspeitos de participa\u00e7\u00e3o no crime e que eles j\u00e1 teriam confessado o assassinato. Outros dois acusados, sendo um deles menor de idade, conseguiram fugir. \u00c0 pol\u00edcia, os assassinos confesso, contaram uma hist\u00f3ria estapaf\u00fardia. Eles disseram que Gentil teria ido no s\u00e1bado (5) tentar sequestrar um irm\u00e3o menor dos acusados, sendo essa vers\u00e3o desprovida da menor verossimilhan\u00e7a, haja vista que o comerciante era um homem pacato e vivia apenas para o trabalho e a sua fam\u00edlia, tendo a vizinhan\u00e7a atestado sua conduta ilibada. Eles tamb\u00e9m relataram que Gentil teria morrido porque foi amorda\u00e7ado com for\u00e7a e colocado dentro da mala do ve\u00edculo sem poder respirar. Quando foram tir\u00e1-lo do porta-malas, o comerciante j\u00e1 estava quase sem vida e eles, na tentativa de ocultar o cad\u00e1ver, o jogaram dentro do a\u00e7ude com as m\u00e3os amarradas e um pedra presa ao p\u00e9. Os assassinos presos foram levados \u00e0 Delegacia Seccional de Pol\u00edcia Civil (DSPC) de Mamanguape para serem interrogados e est\u00e3o a disposi\u00e7\u00e3o da Justi\u00e7a. As dilig\u00eancias para a captura dos outros dois suspeitos prosseguem. &nbsp; CARIRI EM A\u00c7\u00c3O Com Heleno Lima<\/p>\n","protected":false},"author":6,"featured_media":240730,"comment_status":"closed","ping_status":"closed","sticky":false,"template":"","format":"standard","meta":{"sfsi_plus_gutenberg_text_before_share":"","sfsi_plus_gutenberg_show_text_before_share":"","sfsi_plus_gutenberg_icon_type":"","sfsi_plus_gutenberg_icon_alignemt":"","sfsi_plus_gutenburg_max_per_row":"","footnotes":""},"categories":[120],"tags":[],"class_list":["post-240729","post","type-post","status-publish","format-standard","has-post-thumbnail","hentry","category-juazeirinho"],"_links":{"self":[{"href":"https:\/\/www.caririemacao.com\/1\/wp-json\/wp\/v2\/posts\/240729","targetHints":{"allow":["GET"]}}],"collection":[{"href":"https:\/\/www.caririemacao.com\/1\/wp-json\/wp\/v2\/posts"}],"about":[{"href":"https:\/\/www.caririemacao.com\/1\/wp-json\/wp\/v2\/types\/post"}],"author":[{"embeddable":true,"href":"https:\/\/www.caririemacao.com\/1\/wp-json\/wp\/v2\/users\/6"}],"replies":[{"embeddable":true,"href":"https:\/\/www.caririemacao.com\/1\/wp-json\/wp\/v2\/comments?post=240729"}],"version-history":[{"count":1,"href":"https:\/\/www.caririemacao.com\/1\/wp-json\/wp\/v2\/posts\/240729\/revisions"}],"predecessor-version":[{"id":240731,"href":"https:\/\/www.caririemacao.com\/1\/wp-json\/wp\/v2\/posts\/240729\/revisions\/240731"}],"wp:featuredmedia":[{"embeddable":true,"href":"https:\/\/www.caririemacao.com\/1\/wp-json\/wp\/v2\/media\/240730"}],"wp:attachment":[{"href":"https:\/\/www.caririemacao.com\/1\/wp-json\/wp\/v2\/media?parent=240729"}],"wp:term":[{"taxonomy":"category","embeddable":true,"href":"https:\/\/www.caririemacao.com\/1\/wp-json\/wp\/v2\/categories?post=240729"},{"taxonomy":"post_tag","embeddable":true,"href":"https:\/\/www.caririemacao.com\/1\/wp-json\/wp\/v2\/tags?post=240729"}],"curies":[{"name":"wp","href":"https:\/\/api.w.org\/{rel}","templated":true}]}}