{"id":240816,"date":"2022-02-10T09:06:53","date_gmt":"2022-02-10T12:06:53","guid":{"rendered":"https:\/\/www.caririemacao.com\/1\/?p=240816"},"modified":"2022-02-10T09:06:53","modified_gmt":"2022-02-10T12:06:53","slug":"ex-prefeito-de-prata-recorrera-de-decisao-do-tce-e-tem-plena-conviccao-na-aprovacao-de-suas-contas-do-exercicio-de-2015","status":"publish","type":"post","link":"https:\/\/www.caririemacao.com\/1\/2022\/02\/10\/ex-prefeito-de-prata-recorrera-de-decisao-do-tce-e-tem-plena-conviccao-na-aprovacao-de-suas-contas-do-exercicio-de-2015\/","title":{"rendered":"Ex-prefeito de Prata recorrer\u00e1 de decis\u00e3o do TCE e tem plena convic\u00e7\u00e3o na aprova\u00e7\u00e3o de suas contas do exerc\u00edcio de 2015"},"content":{"rendered":"<p>O ex-prefeito do munic\u00edpio de Prata, J\u00fanior N\u00f3brega, recorrer\u00e1 da decis\u00e3o do Tribunal de Contas da Para\u00edba, que rejeitou suas contas do exerc\u00edcio de 2015.<\/p>\n<p>Primeiro, discorda do relat\u00f3rio da Auditoria, que apontou como sendo \u201cdesembolso de recursos sem comprova\u00e7\u00e3o\u201d o valor de aproximadamente R$ 400.000,00, uma vez que no pr\u00f3prio fluxo financeiro apresentado foi considerada toda despesa executada no exerc\u00edcio, no valor de R$10.229.688,61.<\/p>\n<p>Em contato com a reportagem, ele afirmou que houve equ\u00edvoco por parte da auditoria na composi\u00e7\u00e3o do saldo das disponibilidades financeiras em 31.12.2015, onde a mesma, em seu relat\u00f3rio apontou um valor de R$ 428.459,89, e o prefeito demonstrou na sua defesa,\u00a0 valor superior a R$ 800.000,00 (Processo TCE 4492\/16, folhas 7171\/7173).<\/p>\n<p>Portanto, o ex-prefeito se reunir\u00e1 com sua equipe Cont\u00e1bil e Jur\u00eddica nos pr\u00f3ximos dias para apresentar recurso da decis\u00e3o proferida, e desta vez confia na aprova\u00e7\u00e3o de suas contas, assim como j\u00e1 foram julgadas e aprovadas as dos exerc\u00edcios de 2013,2014, 2016, 2017,2018 e 2019.<\/p>\n<p>&nbsp;<\/p>\n<p><strong>CARIRI EM A\u00c7\u00c3O<\/strong><\/p>\n<p>Com Cariri Ligado<\/p>\n","protected":false},"excerpt":{"rendered":"<p>O ex-prefeito do munic\u00edpio de Prata, J\u00fanior N\u00f3brega, recorrer\u00e1 da decis\u00e3o do Tribunal de Contas da Para\u00edba, que rejeitou suas contas do exerc\u00edcio de 2015. Primeiro, discorda do relat\u00f3rio da Auditoria, que apontou como sendo \u201cdesembolso de recursos sem comprova\u00e7\u00e3o\u201d o valor de aproximadamente R$ 400.000,00, uma vez que no pr\u00f3prio fluxo financeiro apresentado foi considerada toda despesa executada no exerc\u00edcio, no valor de R$10.229.688,61. Em contato com a reportagem, ele afirmou que houve equ\u00edvoco por parte da auditoria na composi\u00e7\u00e3o do saldo das disponibilidades financeiras em 31.12.2015, onde a mesma, em seu relat\u00f3rio apontou um valor de R$ 428.459,89, e o prefeito demonstrou na sua defesa,\u00a0 valor superior a R$ 800.000,00 (Processo TCE 4492\/16, folhas 7171\/7173). Portanto, o ex-prefeito se reunir\u00e1 com sua equipe Cont\u00e1bil e Jur\u00eddica nos pr\u00f3ximos dias para apresentar recurso da decis\u00e3o proferida, e desta vez confia na aprova\u00e7\u00e3o de suas contas, assim como j\u00e1 foram julgadas e aprovadas as dos exerc\u00edcios de 2013,2014, 2016, 2017,2018 e 2019. &nbsp; CARIRI EM A\u00c7\u00c3O Com Cariri Ligado<\/p>\n","protected":false},"author":6,"featured_media":240817,"comment_status":"closed","ping_status":"closed","sticky":false,"template":"","format":"standard","meta":{"sfsi_plus_gutenberg_text_before_share":"","sfsi_plus_gutenberg_show_text_before_share":"","sfsi_plus_gutenberg_icon_type":"","sfsi_plus_gutenberg_icon_alignemt":"","sfsi_plus_gutenburg_max_per_row":"","footnotes":""},"categories":[85],"tags":[],"class_list":["post-240816","post","type-post","status-publish","format-standard","has-post-thumbnail","hentry","category-prata"],"_links":{"self":[{"href":"https:\/\/www.caririemacao.com\/1\/wp-json\/wp\/v2\/posts\/240816","targetHints":{"allow":["GET"]}}],"collection":[{"href":"https:\/\/www.caririemacao.com\/1\/wp-json\/wp\/v2\/posts"}],"about":[{"href":"https:\/\/www.caririemacao.com\/1\/wp-json\/wp\/v2\/types\/post"}],"author":[{"embeddable":true,"href":"https:\/\/www.caririemacao.com\/1\/wp-json\/wp\/v2\/users\/6"}],"replies":[{"embeddable":true,"href":"https:\/\/www.caririemacao.com\/1\/wp-json\/wp\/v2\/comments?post=240816"}],"version-history":[{"count":1,"href":"https:\/\/www.caririemacao.com\/1\/wp-json\/wp\/v2\/posts\/240816\/revisions"}],"predecessor-version":[{"id":240818,"href":"https:\/\/www.caririemacao.com\/1\/wp-json\/wp\/v2\/posts\/240816\/revisions\/240818"}],"wp:featuredmedia":[{"embeddable":true,"href":"https:\/\/www.caririemacao.com\/1\/wp-json\/wp\/v2\/media\/240817"}],"wp:attachment":[{"href":"https:\/\/www.caririemacao.com\/1\/wp-json\/wp\/v2\/media?parent=240816"}],"wp:term":[{"taxonomy":"category","embeddable":true,"href":"https:\/\/www.caririemacao.com\/1\/wp-json\/wp\/v2\/categories?post=240816"},{"taxonomy":"post_tag","embeddable":true,"href":"https:\/\/www.caririemacao.com\/1\/wp-json\/wp\/v2\/tags?post=240816"}],"curies":[{"name":"wp","href":"https:\/\/api.w.org\/{rel}","templated":true}]}}