{"id":241031,"date":"2022-02-12T11:11:35","date_gmt":"2022-02-12T14:11:35","guid":{"rendered":"https:\/\/www.caririemacao.com\/1\/?p=241031"},"modified":"2022-02-12T11:11:35","modified_gmt":"2022-02-12T14:11:35","slug":"paraiba-reserva-tres-hospitais-para-atendimento-de-criancas-com-covid-19-no-estado","status":"publish","type":"post","link":"https:\/\/www.caririemacao.com\/1\/2022\/02\/12\/paraiba-reserva-tres-hospitais-para-atendimento-de-criancas-com-covid-19-no-estado\/","title":{"rendered":"Para\u00edba reserva tr\u00eas hospitais para atendimento de crian\u00e7as com Covid-19 no estado"},"content":{"rendered":"<p>Com o aumento de contamina\u00e7\u00e3o e interna\u00e7\u00f5es com a Covid-19, a Secretaria de Estado da Sa\u00fade (SES), separou tr\u00eas hospitais para atendimento de crian\u00e7as com a doen\u00e7a no Estado.<\/p>\n<p>Est\u00e3o habilitados para tratar as crian\u00e7as com o v\u00edrus, o Hospital Municipal Valentina Figueiredo, em Jo\u00e3o Pessoa, passa a ser exclusivo para crian\u00e7as com Covid-19. J\u00e1 o Hospital da Crian\u00e7a e do Adolescente, em Campina Grande, e o Hospital Infantil Noaldo Leite, em Patos, embora sejam refer\u00eancias para casos de coronav\u00edrus na popula\u00e7\u00e3o pedi\u00e1trica entre de 0 e 17 anos, permanecem abertos para outros tipos de enfermidades.<\/p>\n<p>Conforme explicou a SES, esse ajuste se mostrou necess\u00e1rio devido ao aumento de pacientes pedi\u00e1tricos com s\u00edndromes gripais na Para\u00edba. Segundo o secret\u00e1rio-executivo de Sa\u00fade do estado, Daniel Beltrammi, o plano de conting\u00eancia est\u00e1 criado basicamente ao longo da BR-230.<\/p>\n<p>Segundo ele, crian\u00e7as com sintomas de gripe est\u00e3o sendo mais presentes agora do que em tempos passados da pandemia. Al\u00e9m disso, algumas crian\u00e7as com doen\u00e7as cr\u00f4nicas est\u00e3o precisando de mais cuidados, inclusive internamentos em Unidades de Terapia Intensiva (UTI).<\/p>\n<p>No Hospital do Valentina, em Jo\u00e3o Pessoa, foram organizados 10 leitos UTI e 30 leitos de enfermaria para casos de Covid-19 em crian\u00e7as. Pacientes infantis cujo sintomas n\u00e3o s\u00e3o decorrentes do coronav\u00edrus est\u00e3o sendo encaminhados para o Hospital Infantil Arlinda Marques, em Jaguaribe.<\/p>\n<p>A orienta\u00e7\u00e3o da SES \u00e9 que as crian\u00e7as com sintomas de Covid-19 como febre, fadiga, coriza e tosse devem buscar, em primeiro lugar, a Unidade B\u00e1sica de Sa\u00fade (UBS), onde ser\u00e1 avaliada a necessidade de encaminhamento para a Unidade de Pronto Atendimento (UPA) ou a um dos hospitais de refer\u00eancia.<\/p>\n<p>Caso apresente sintomas como falta de ar e fadiga, a crian\u00e7a poder\u00e1 precisar de uma assist\u00eancia especializada e dever\u00e1 ser encaminhada para os hospitais pedi\u00e1tricos de refer\u00eancia para o agravo.<\/p>\n","protected":false},"excerpt":{"rendered":"<p>Com o aumento de contamina\u00e7\u00e3o e interna\u00e7\u00f5es com a Covid-19, a Secretaria de Estado da Sa\u00fade (SES), separou tr\u00eas hospitais para atendimento de crian\u00e7as com&hellip; <\/p>\n","protected":false},"author":6,"featured_media":241033,"comment_status":"closed","ping_status":"closed","sticky":false,"template":"","format":"standard","meta":{"sfsi_plus_gutenberg_text_before_share":"","sfsi_plus_gutenberg_show_text_before_share":"","sfsi_plus_gutenberg_icon_type":"","sfsi_plus_gutenberg_icon_alignemt":"","sfsi_plus_gutenburg_max_per_row":"","footnotes":""},"categories":[104],"tags":[],"class_list":["post-241031","post","type-post","status-publish","format-standard","has-post-thumbnail","hentry","category-paraiba"],"_links":{"self":[{"href":"https:\/\/www.caririemacao.com\/1\/wp-json\/wp\/v2\/posts\/241031","targetHints":{"allow":["GET"]}}],"collection":[{"href":"https:\/\/www.caririemacao.com\/1\/wp-json\/wp\/v2\/posts"}],"about":[{"href":"https:\/\/www.caririemacao.com\/1\/wp-json\/wp\/v2\/types\/post"}],"author":[{"embeddable":true,"href":"https:\/\/www.caririemacao.com\/1\/wp-json\/wp\/v2\/users\/6"}],"replies":[{"embeddable":true,"href":"https:\/\/www.caririemacao.com\/1\/wp-json\/wp\/v2\/comments?post=241031"}],"version-history":[{"count":1,"href":"https:\/\/www.caririemacao.com\/1\/wp-json\/wp\/v2\/posts\/241031\/revisions"}],"predecessor-version":[{"id":241034,"href":"https:\/\/www.caririemacao.com\/1\/wp-json\/wp\/v2\/posts\/241031\/revisions\/241034"}],"wp:featuredmedia":[{"embeddable":true,"href":"https:\/\/www.caririemacao.com\/1\/wp-json\/wp\/v2\/media\/241033"}],"wp:attachment":[{"href":"https:\/\/www.caririemacao.com\/1\/wp-json\/wp\/v2\/media?parent=241031"}],"wp:term":[{"taxonomy":"category","embeddable":true,"href":"https:\/\/www.caririemacao.com\/1\/wp-json\/wp\/v2\/categories?post=241031"},{"taxonomy":"post_tag","embeddable":true,"href":"https:\/\/www.caririemacao.com\/1\/wp-json\/wp\/v2\/tags?post=241031"}],"curies":[{"name":"wp","href":"https:\/\/api.w.org\/{rel}","templated":true}]}}