{"id":241038,"date":"2022-02-12T11:16:38","date_gmt":"2022-02-12T14:16:38","guid":{"rendered":"https:\/\/www.caririemacao.com\/1\/?p=241038"},"modified":"2022-02-12T11:24:18","modified_gmt":"2022-02-12T14:24:18","slug":"mais-de-279-mil-eleitores-precisam-regularizar-titulo-eleitoral-na-paraiba","status":"publish","type":"post","link":"https:\/\/www.caririemacao.com\/1\/2022\/02\/12\/mais-de-279-mil-eleitores-precisam-regularizar-titulo-eleitoral-na-paraiba\/","title":{"rendered":"Mais de 279 mil eleitores precisam regularizar t\u00edtulo eleitoral na Para\u00edba"},"content":{"rendered":"<p>Dados do Tribunal Regional Eleitoral da Para\u00edba (TRE-PB), divulgados nessa sexta-feira (11), estimam que 279.724 mil eleitores paraibanos precisam regularizar alguma pend\u00eancia no t\u00edtulo eleitoral para poder votar neste ano. O prazo para regulariza\u00e7\u00e3o do t\u00edtulo \u00e9 at\u00e9 o dia 4 de maio.<\/p>\n<p>De acordo com o secret\u00e1rio de Tecnologia da Informa\u00e7\u00e3o e Comunica\u00e7\u00e3o (STIC) do Tribunal Regional Eleitoral da Para\u00edba (TRE-PB),\u00a0Jos\u00e9 Cassimiro J\u00fanior, est\u00e3o em situa\u00e7\u00e3o irregular com a Justi\u00e7a Eleitoral 279.724 mil eleitores em todo estado. Desses, 233.971 inscri\u00e7\u00f5es atualmente est\u00e3o canceladas por aus\u00eancia \u00e0 revis\u00e3o e 45.753 por aus\u00eancia a tr\u00eas elei\u00e7\u00f5es consecutivas.<\/p>\n<p>Ainda conforme Cassimiro, as pessoas que est\u00e3o nessa situa\u00e7\u00e3o podem se regularizar sem sair de casa, com o atendimento da Justi\u00e7a Eleitoral paraibana \u00e9 prioritariamente feito pela internet, acessando o s<a href=\"https:\/\/www.tre-pb.jus.br\/\">ite do TRE-PB<\/a>, preenchendo o formul\u00e1rio, juntando os documentos necess\u00e1rios, fotografando com o celular a identidade em frente e verso, o comprovante de resid\u00eancia e fazendo uma fotografia \u201cselfie\u201d de si, pessoa interessada, requerente, segurando o seu documento oficial.<\/p>\n<p>Para os que n\u00e3o t\u00eam acesso \u00e0 internet, pode ser feito um agendamento por meio de telefone, n\u00e3o adianta ir ao Cart\u00f3rio Eleitoral sem antes fazer o agendamento, porque n\u00e3o h\u00e1 atendimento presencial sem agendamento pr\u00e9vio.<\/p>\n","protected":false},"excerpt":{"rendered":"<p>Dados do Tribunal Regional Eleitoral da Para\u00edba (TRE-PB), divulgados nessa sexta-feira (11), estimam que 279.724 mil eleitores paraibanos precisam regularizar alguma pend\u00eancia no t\u00edtulo eleitoral&hellip; <\/p>\n","protected":false},"author":6,"featured_media":184302,"comment_status":"closed","ping_status":"closed","sticky":false,"template":"","format":"standard","meta":{"sfsi_plus_gutenberg_text_before_share":"","sfsi_plus_gutenberg_show_text_before_share":"","sfsi_plus_gutenberg_icon_type":"","sfsi_plus_gutenberg_icon_alignemt":"","sfsi_plus_gutenburg_max_per_row":"","footnotes":""},"categories":[104],"tags":[],"class_list":["post-241038","post","type-post","status-publish","format-standard","has-post-thumbnail","hentry","category-paraiba"],"_links":{"self":[{"href":"https:\/\/www.caririemacao.com\/1\/wp-json\/wp\/v2\/posts\/241038","targetHints":{"allow":["GET"]}}],"collection":[{"href":"https:\/\/www.caririemacao.com\/1\/wp-json\/wp\/v2\/posts"}],"about":[{"href":"https:\/\/www.caririemacao.com\/1\/wp-json\/wp\/v2\/types\/post"}],"author":[{"embeddable":true,"href":"https:\/\/www.caririemacao.com\/1\/wp-json\/wp\/v2\/users\/6"}],"replies":[{"embeddable":true,"href":"https:\/\/www.caririemacao.com\/1\/wp-json\/wp\/v2\/comments?post=241038"}],"version-history":[{"count":2,"href":"https:\/\/www.caririemacao.com\/1\/wp-json\/wp\/v2\/posts\/241038\/revisions"}],"predecessor-version":[{"id":241040,"href":"https:\/\/www.caririemacao.com\/1\/wp-json\/wp\/v2\/posts\/241038\/revisions\/241040"}],"wp:featuredmedia":[{"embeddable":true,"href":"https:\/\/www.caririemacao.com\/1\/wp-json\/wp\/v2\/media\/184302"}],"wp:attachment":[{"href":"https:\/\/www.caririemacao.com\/1\/wp-json\/wp\/v2\/media?parent=241038"}],"wp:term":[{"taxonomy":"category","embeddable":true,"href":"https:\/\/www.caririemacao.com\/1\/wp-json\/wp\/v2\/categories?post=241038"},{"taxonomy":"post_tag","embeddable":true,"href":"https:\/\/www.caririemacao.com\/1\/wp-json\/wp\/v2\/tags?post=241038"}],"curies":[{"name":"wp","href":"https:\/\/api.w.org\/{rel}","templated":true}]}}