{"id":241041,"date":"2022-02-12T14:35:36","date_gmt":"2022-02-12T17:35:36","guid":{"rendered":"https:\/\/www.caririemacao.com\/1\/?p=241041"},"modified":"2022-02-12T14:35:36","modified_gmt":"2022-02-12T17:35:36","slug":"sem-entendimento-bolsonaro-diz-que-reajustes-das-policias-podem-ficar-para-2023","status":"publish","type":"post","link":"https:\/\/www.caririemacao.com\/1\/2022\/02\/12\/sem-entendimento-bolsonaro-diz-que-reajustes-das-policias-podem-ficar-para-2023\/","title":{"rendered":"Sem entendimento, Bolsonaro diz que reajustes das pol\u00edcias podem ficar para 2023"},"content":{"rendered":"<p>O presidente\u00a0Jair Bolsonaro\u00a0afirmou, na noite desta sexta-feira (11), que se n\u00e3o houver \u201centendimento\u201d das demais categorias de servidores p\u00fablicos federais, o reajuste salarial dos policiais federais, policiais rodovi\u00e1rios federais e agentes penitenci\u00e1rios ficar\u00e3o \u00a0para o pr\u00f3ximo ano.<\/p>\n<p>\u201cSe houver entendimento por parte dos demais servidores, alguns amea\u00e7am greve etc, a gente pretende conceder essa recomposi\u00e7\u00e3o aos policiais federais, rodovi\u00e1rios federais e aos agentes penitenci\u00e1rios. Se n\u00e3o houver entendimento, a gente lamenta e deixa para o ano que vem\u201d, afirmou.<\/p>\n<p>De acordo com Bolsonaro, \u00e9 justo que outras categorias reivindiquem o reajuste, mas a pandemia deixou o governo sem recursos.<\/p>\n<p>\u201cTem uma pol\u00eamica sobre que ter\u00edamos reservado \u2014 e \u00e9 verdade \u2014 quase R$ 2 bilh\u00f5es para conceder reposi\u00e7\u00f5es \u00e0 PF, \u00e0 PRF e ao pessoal que trabalha no sistema penitenci\u00e1rio. Houve uma grita geral. Muitos servidores querem aumento tamb\u00e9m. Eu acho que todos merecem aumento, todos merecem realmente porque trabalham, mas a pandemia nos deixou numa situa\u00e7\u00e3o sem recursos\u201d, declarou.<\/p>\n<p>A reserva de R$ 1,7 bilh\u00e3o para reajustes na\u00a0Pol\u00edcia Federal\u00a0(PF), da\u00a0Pol\u00edcia Rodovi\u00e1ria Federal\u00a0(PRF) e do Departamento Penitenci\u00e1rio Nacional (Depen) foi aprovada pelo Congresso no Or\u00e7amento do ano passado. A\u00a0previs\u00e3o de recomposi\u00e7\u00e3o salarial para essas carreiras\u00a0provocou\u00a0rea\u00e7\u00f5es entre as demais categorias de servidores federais, que passaram a tamb\u00e9m reivindicar reajuste e amea\u00e7ar paralisa\u00e7\u00f5es.\u00a0Fiscais da Receita Federal chegaram a entregar cargos\u00a0de chefia em protesto.<\/p>\n<p>&nbsp;<\/p>\n<p>MaisPB<\/p>\n","protected":false},"excerpt":{"rendered":"<p>O presidente\u00a0Jair Bolsonaro\u00a0afirmou, na noite desta sexta-feira (11), que se n\u00e3o houver \u201centendimento\u201d das demais categorias de servidores p\u00fablicos federais, o reajuste salarial dos policiais&hellip; <\/p>\n","protected":false},"author":6,"featured_media":238665,"comment_status":"closed","ping_status":"closed","sticky":false,"template":"","format":"standard","meta":{"sfsi_plus_gutenberg_text_before_share":"","sfsi_plus_gutenberg_show_text_before_share":"","sfsi_plus_gutenberg_icon_type":"","sfsi_plus_gutenberg_icon_alignemt":"","sfsi_plus_gutenburg_max_per_row":"","footnotes":""},"categories":[123],"tags":[],"class_list":["post-241041","post","type-post","status-publish","format-standard","has-post-thumbnail","hentry","category-brasil"],"_links":{"self":[{"href":"https:\/\/www.caririemacao.com\/1\/wp-json\/wp\/v2\/posts\/241041","targetHints":{"allow":["GET"]}}],"collection":[{"href":"https:\/\/www.caririemacao.com\/1\/wp-json\/wp\/v2\/posts"}],"about":[{"href":"https:\/\/www.caririemacao.com\/1\/wp-json\/wp\/v2\/types\/post"}],"author":[{"embeddable":true,"href":"https:\/\/www.caririemacao.com\/1\/wp-json\/wp\/v2\/users\/6"}],"replies":[{"embeddable":true,"href":"https:\/\/www.caririemacao.com\/1\/wp-json\/wp\/v2\/comments?post=241041"}],"version-history":[{"count":1,"href":"https:\/\/www.caririemacao.com\/1\/wp-json\/wp\/v2\/posts\/241041\/revisions"}],"predecessor-version":[{"id":241042,"href":"https:\/\/www.caririemacao.com\/1\/wp-json\/wp\/v2\/posts\/241041\/revisions\/241042"}],"wp:featuredmedia":[{"embeddable":true,"href":"https:\/\/www.caririemacao.com\/1\/wp-json\/wp\/v2\/media\/238665"}],"wp:attachment":[{"href":"https:\/\/www.caririemacao.com\/1\/wp-json\/wp\/v2\/media?parent=241041"}],"wp:term":[{"taxonomy":"category","embeddable":true,"href":"https:\/\/www.caririemacao.com\/1\/wp-json\/wp\/v2\/categories?post=241041"},{"taxonomy":"post_tag","embeddable":true,"href":"https:\/\/www.caririemacao.com\/1\/wp-json\/wp\/v2\/tags?post=241041"}],"curies":[{"name":"wp","href":"https:\/\/api.w.org\/{rel}","templated":true}]}}