{"id":241131,"date":"2022-02-14T09:56:12","date_gmt":"2022-02-14T12:56:12","guid":{"rendered":"https:\/\/www.caririemacao.com\/1\/?p=241131"},"modified":"2022-02-14T09:56:12","modified_gmt":"2022-02-14T12:56:12","slug":"arranjos-nos-estados-podem-afunilar-candidaturas-de-ministros-de-bolsonaro","status":"publish","type":"post","link":"https:\/\/www.caririemacao.com\/1\/2022\/02\/14\/arranjos-nos-estados-podem-afunilar-candidaturas-de-ministros-de-bolsonaro\/","title":{"rendered":"Arranjos nos estados podem afunilar candidaturas de ministros de Bolsonaro"},"content":{"rendered":"<p>O presidente Jair Bolsonaro (PL) contabilizava que\u00a011 dos seus ministros se lan\u00e7ariam candidatos nas elei\u00e7\u00f5es deste ano, mas arranjos estaduais devem afunilar as possibilidades eleitorais do time ministerial.<\/p>\n<p>F\u00e1bio Faria (Comunica\u00e7\u00f5es), Anderson Torres (Justi\u00e7a) e Jo\u00e3o Roma (Cidadania) ainda aguardam para bater o martelo, mas podem decidir permanecer na Esplanada dos Minist\u00e9rios.<\/p>\n<p>No caso do primeiro, ele disputava a vaga de Senado pelo Rio Grande do Norte com Rog\u00e9rio Marinho, do Desenvolvimento Regional.<\/p>\n<p>Num evento em Jardim de Piranhas (RN) nesta semana, Faria sinalizou que pode abrir m\u00e3o da disputa.<\/p>\n<p>\u201cEle [Marinho], assim como eu, tem o direito de pleitear qualquer pr\u00e9-candidatura\u201d, disse Faria, num palco ao lado de Bolsonaro e do ministro do Desenvolvimento Regional.<\/p>\n<p>\u201cN\u00f3s temos um projeto: reeleger o presidente Bolsonaro. E somos gratos, quem achou que ia ter briga entre n\u00f3s dois vai quebrar a cara. Entre eu e o Rog\u00e9rio, e em nome do projeto do estado, s\u00f3 vai sair um\u201d, afirmou.<\/p>\n<p>No ato pol\u00edtico no Nordeste, Marinho foi recebido aos gritos de \u201csenador\u201d. Depois, na live semanal de Bolsonaro, declarou-se pr\u00e9-candidato ao Senado.<\/p>\n<p>Faria sempre descartou a possibilidade de concorrer ao governo do estado, onde a governadora F\u00e1tima Bezerra (PT) tem bom desempenho eleitoral na disputa pela reelei\u00e7\u00e3o.<\/p>\n<p>Para deputado federal, j\u00e1 est\u00e1 sacramentada a candidatura do ex-governador e pai do ministro, Robinson Faria.<\/p>\n<p>A aliados Faria diz ainda que o arranjo definitivo ser\u00e1 selado neste m\u00eas. A avalia\u00e7\u00e3o \u00e9 de que, se os dois disputarem, ele pelo PP e Marinho pelo PL, quem ganhar\u00e1 a \u00fanica vaga pelo Senado ser\u00e1 um nome do PT.<\/p>\n<p>Segundo a reportagem apurou, Torres tamb\u00e9m admite que sua candidatura depende do cen\u00e1rio no Distrito Federal.<\/p>\n<p>Ainda que sua inten\u00e7\u00e3o fosse disputar o Senado, a ministra Fl\u00e1via Arruda (Secretaria de Governo) \u00e9 candidata natural ao posto.<\/p>\n<p>Ela tem acordo com o governador Ibaneis Rocha (MDB) para formar a chapa.<\/p>\n<p>O ministro, que \u00e9 delegado, filiado ao Uni\u00e3o Brasil (ex-PSL) e nunca disputou elei\u00e7\u00e3o, poderia sair para a C\u00e2mara, mas j\u00e1 admite a interlocutores a possibilidade de continuar no governo at\u00e9 o final do mandato.<\/p>\n<p>Na Bahia, Jo\u00e3o Roma insiste em disputar o governo do estado. O ministro, que criou o aux\u00edlio emergencial, disputaria contra seu ex-aliado ACM Neto (Uni\u00e3o Brasil), ex-prefeito de Salvador, e Jaques Wagner (PT), ex-governador.<\/p>\n<p>A avalia\u00e7\u00e3o de interlocutores, contudo, \u00e9 que o cen\u00e1rio \u00e9 incerto no estado.<\/p>\n<p>O anseio de aproximar o Uni\u00e3o Brasil da chapa nacional de Bolsonaro esbarra na candidatura de Neto, que teme a rejei\u00e7\u00e3o do presidente na Bahia.<\/p>\n<p>Bolsonaro pode precisar de Roma para fazer palanque no terceiro maior col\u00e9gio eleitoral do pa\u00eds.<\/p>\n<p>Com o afunilamento, a conta de auxiliares palacianos \u00e9 de que hoje h\u00e1 oito candidaturas no primeiro escal\u00e3o do governo.<\/p>\n<p>Tarc\u00edsio de Freiras (Infraestrutura) e Onyx Lorenzoni (Trabalho) v\u00e3o disputar os governos de S\u00e3o Paulo e Rio Grande do Sul, respectivamente. Ambos pelo PL de Valdemar Costa Neto.<\/p>\n<p>Devem sair pelo Senado os titulares do Desenvolvimento Regional, Marinho; Mulher, Fam\u00edlia e Direitos Humanos, Damares Alves; Secretaria de Governo, Fl\u00e1via Arruda; Turismo, Gilson Machado; e Agricultura, Tereza Cristina. Neste ano, h\u00e1 apenas uma vaga por estado.<\/p>\n<p>Tereza Cristina est\u00e1 bem posicionada nas pesquisas e interlocutores dizem que se lan\u00e7ar\u00e1 mesmo para senadora, embora no entorno de Bolsonaro h\u00e1 quem defenda seu nome para compor chapa do presidente na tentativa de reelei\u00e7\u00e3o.<\/p>\n<p>O chefe do Executivo, por outro lado, tem explicitado sua prefer\u00eancia por um general, mesma f\u00f3rmula adotada em 2018.<\/p>\n<p>Os principais nomes que circulam hoje para a vaga s\u00e3o de Braga Netto, ministro da Defesa, e de Augusto Heleno, do GSI.<\/p>\n<p>Al\u00e9m desses, h\u00e1 tamb\u00e9m candidatos no segundo escal\u00e3o do governo.<\/p>\n<p>M\u00e1rio Frias, que ocupa o cargo de secret\u00e1rio de Cultura, \u00e9 esperado para se lan\u00e7ar candidato \u00e0 C\u00e2mara dos Deputados pelo PL.<\/p>\n<p>O ex-ministro da Sa\u00fade general Eduardo Pazuello tamb\u00e9m deve se lan\u00e7ar ao Senado por Roraima ou \u00e0 C\u00e2mara dos Deputados pelo Rio de Janeiro<\/p>\n<p>&nbsp;<\/p>\n<p>FolhaPress<\/p>\n","protected":false},"excerpt":{"rendered":"<p>O presidente Jair Bolsonaro (PL) contabilizava que\u00a011 dos seus ministros se lan\u00e7ariam candidatos nas elei\u00e7\u00f5es deste ano, mas arranjos estaduais devem afunilar as possibilidades eleitorais do time ministerial. F\u00e1bio Faria (Comunica\u00e7\u00f5es), Anderson Torres (Justi\u00e7a) e Jo\u00e3o Roma (Cidadania) ainda aguardam para bater o martelo, mas podem decidir permanecer na Esplanada dos Minist\u00e9rios. No caso do primeiro, ele disputava a vaga de Senado pelo Rio Grande do Norte com Rog\u00e9rio Marinho, do Desenvolvimento Regional. Num evento em Jardim de Piranhas (RN) nesta semana, Faria sinalizou que pode abrir m\u00e3o da disputa. \u201cEle [Marinho], assim como eu, tem o direito de pleitear qualquer pr\u00e9-candidatura\u201d, disse Faria, num palco ao lado de Bolsonaro e do ministro do Desenvolvimento Regional. \u201cN\u00f3s temos um projeto: reeleger o presidente Bolsonaro. E somos gratos, quem achou que ia ter briga entre n\u00f3s dois vai quebrar a cara. Entre eu e o Rog\u00e9rio, e em nome do projeto do estado, s\u00f3 vai sair um\u201d, afirmou. No ato pol\u00edtico no Nordeste, Marinho foi recebido aos gritos de \u201csenador\u201d. Depois, na live semanal de Bolsonaro, declarou-se pr\u00e9-candidato ao Senado. Faria sempre descartou a possibilidade de concorrer ao governo do estado, onde a governadora F\u00e1tima Bezerra (PT) tem bom desempenho eleitoral na disputa pela reelei\u00e7\u00e3o. Para deputado federal, j\u00e1 est\u00e1 sacramentada a candidatura do ex-governador e pai do ministro, Robinson Faria. A aliados Faria diz ainda que o arranjo definitivo ser\u00e1 selado neste m\u00eas. A avalia\u00e7\u00e3o \u00e9 de que, se os dois disputarem, ele pelo PP e Marinho pelo PL, quem ganhar\u00e1 a \u00fanica vaga pelo Senado ser\u00e1 um nome do PT. Segundo a reportagem apurou, Torres tamb\u00e9m admite que sua candidatura depende do cen\u00e1rio no Distrito Federal. Ainda que sua inten\u00e7\u00e3o fosse disputar o Senado, a ministra Fl\u00e1via Arruda (Secretaria de Governo) \u00e9 candidata natural ao posto. Ela tem acordo com o governador Ibaneis Rocha (MDB) para formar a chapa. O ministro, que \u00e9 delegado, filiado ao Uni\u00e3o Brasil (ex-PSL) e nunca disputou elei\u00e7\u00e3o, poderia sair para a C\u00e2mara, mas j\u00e1 admite a interlocutores a possibilidade de continuar no governo at\u00e9 o final do mandato. Na Bahia, Jo\u00e3o Roma insiste em disputar o governo do estado. O ministro, que criou o aux\u00edlio emergencial, disputaria contra seu ex-aliado ACM Neto (Uni\u00e3o Brasil), ex-prefeito de Salvador, e Jaques Wagner (PT), ex-governador. A avalia\u00e7\u00e3o de interlocutores, contudo, \u00e9 que o cen\u00e1rio \u00e9 incerto no estado. O anseio de aproximar o Uni\u00e3o Brasil da chapa nacional de Bolsonaro esbarra na candidatura de Neto, que teme a rejei\u00e7\u00e3o do presidente na Bahia. Bolsonaro pode precisar de Roma para fazer palanque no terceiro maior col\u00e9gio eleitoral do pa\u00eds. Com o afunilamento, a conta de auxiliares palacianos \u00e9 de que hoje h\u00e1 oito candidaturas no primeiro escal\u00e3o do governo. Tarc\u00edsio de Freiras (Infraestrutura) e Onyx Lorenzoni (Trabalho) v\u00e3o disputar os governos de S\u00e3o Paulo e Rio Grande do Sul, respectivamente. Ambos pelo PL de Valdemar Costa Neto. Devem sair pelo Senado os titulares do Desenvolvimento Regional, Marinho; Mulher, Fam\u00edlia e Direitos Humanos, Damares Alves; Secretaria de Governo, Fl\u00e1via Arruda; Turismo, Gilson Machado; e Agricultura, Tereza Cristina. Neste ano, h\u00e1 apenas uma vaga por estado. Tereza Cristina est\u00e1 bem posicionada nas pesquisas e interlocutores dizem que se lan\u00e7ar\u00e1 mesmo para senadora, embora no entorno de Bolsonaro h\u00e1 quem defenda seu nome para compor chapa do presidente na tentativa de reelei\u00e7\u00e3o. O chefe do Executivo, por outro lado, tem explicitado sua prefer\u00eancia por um general, mesma f\u00f3rmula adotada em 2018. Os principais nomes que circulam hoje para a vaga s\u00e3o de Braga Netto, ministro da Defesa, e de Augusto Heleno, do GSI. Al\u00e9m desses, h\u00e1 tamb\u00e9m candidatos no segundo escal\u00e3o do governo. M\u00e1rio Frias, que ocupa o cargo de secret\u00e1rio de Cultura, \u00e9 esperado para se lan\u00e7ar candidato \u00e0 C\u00e2mara dos Deputados pelo PL. O ex-ministro da Sa\u00fade general Eduardo Pazuello tamb\u00e9m deve se lan\u00e7ar ao Senado por Roraima ou \u00e0 C\u00e2mara dos Deputados pelo Rio de Janeiro &nbsp; FolhaPress<\/p>\n","protected":false},"author":6,"featured_media":241132,"comment_status":"closed","ping_status":"closed","sticky":false,"template":"","format":"standard","meta":{"sfsi_plus_gutenberg_text_before_share":"","sfsi_plus_gutenberg_show_text_before_share":"","sfsi_plus_gutenberg_icon_type":"","sfsi_plus_gutenberg_icon_alignemt":"","sfsi_plus_gutenburg_max_per_row":"","footnotes":""},"categories":[118,98],"tags":[],"class_list":["post-241131","post","type-post","status-publish","format-standard","has-post-thumbnail","hentry","category-governo","category-presidente"],"_links":{"self":[{"href":"https:\/\/www.caririemacao.com\/1\/wp-json\/wp\/v2\/posts\/241131","targetHints":{"allow":["GET"]}}],"collection":[{"href":"https:\/\/www.caririemacao.com\/1\/wp-json\/wp\/v2\/posts"}],"about":[{"href":"https:\/\/www.caririemacao.com\/1\/wp-json\/wp\/v2\/types\/post"}],"author":[{"embeddable":true,"href":"https:\/\/www.caririemacao.com\/1\/wp-json\/wp\/v2\/users\/6"}],"replies":[{"embeddable":true,"href":"https:\/\/www.caririemacao.com\/1\/wp-json\/wp\/v2\/comments?post=241131"}],"version-history":[{"count":1,"href":"https:\/\/www.caririemacao.com\/1\/wp-json\/wp\/v2\/posts\/241131\/revisions"}],"predecessor-version":[{"id":241133,"href":"https:\/\/www.caririemacao.com\/1\/wp-json\/wp\/v2\/posts\/241131\/revisions\/241133"}],"wp:featuredmedia":[{"embeddable":true,"href":"https:\/\/www.caririemacao.com\/1\/wp-json\/wp\/v2\/media\/241132"}],"wp:attachment":[{"href":"https:\/\/www.caririemacao.com\/1\/wp-json\/wp\/v2\/media?parent=241131"}],"wp:term":[{"taxonomy":"category","embeddable":true,"href":"https:\/\/www.caririemacao.com\/1\/wp-json\/wp\/v2\/categories?post=241131"},{"taxonomy":"post_tag","embeddable":true,"href":"https:\/\/www.caririemacao.com\/1\/wp-json\/wp\/v2\/tags?post=241131"}],"curies":[{"name":"wp","href":"https:\/\/api.w.org\/{rel}","templated":true}]}}