{"id":241217,"date":"2022-02-15T13:35:48","date_gmt":"2022-02-15T16:35:48","guid":{"rendered":"https:\/\/www.caririemacao.com\/1\/?p=241217"},"modified":"2022-02-15T14:22:26","modified_gmt":"2022-02-15T17:22:26","slug":"programa-cidadao-paraiba-realizara-emissao-de-documentos-de-forma-gratuita-na-cidade-de-livramento","status":"publish","type":"post","link":"https:\/\/www.caririemacao.com\/1\/2022\/02\/15\/programa-cidadao-paraiba-realizara-emissao-de-documentos-de-forma-gratuita-na-cidade-de-livramento\/","title":{"rendered":"Programa Cidad\u00e3o Para\u00edba realizar\u00e1 emiss\u00e3o de documentos de forma gratuita na cidade de Livramento"},"content":{"rendered":"<p>A Prefeitura Municipal de Livramento, atrav\u00e9s da Secretaria de Assist\u00eancia Social e em parceria com o Governo Estadual, estar\u00e1 realizando nesta pr\u00f3xima quarta-feira (16) uma A\u00e7\u00e3o Itinerante do Programa Cidad\u00e3o.<\/p>\n<p>O a\u00e7\u00e3o do Governo que visa a legaliza\u00e7\u00e3o e emiss\u00e3o de v\u00e1rios documentos ser\u00e1 realizada na quadra da Escola Jo\u00e3o Lelys, das 08h \u00e0s 16h. A idade para atendimento ser\u00e1 a partir dos 12 anos, com o limite de at\u00e9 200 pessoas.<\/p>\n<p>A iniciativa tem como objetivo proporcionar as pessoas de baixo poder aquisitivo e em situa\u00e7\u00e3o de vulnerabilidade social os meios necess\u00e1rios \u00e0 sua legaliza\u00e7\u00e3o junto aos \u00f3rg\u00e3os p\u00fablicos.<\/p>\n<p>Ser\u00e3o oferecidos os servi\u00e7os de Emiss\u00e3o de 1\u00aa Via de CPF, 1\u00aa e 2\u00aa Via de RG, Carteira de trabalho digital (CTPS) e Foto 3\u00d74.<\/p>\n<p><strong>A documenta\u00e7\u00e3o exigida para o atendimento ser\u00e3o as seguintes:<\/strong><\/p>\n<p>1\u00aa Via de CPF:<\/p>\n<p>\u2022 Certid\u00e3o de Nascimento (se for solteiro), de Casamento ou Div\u00f3rcio (original ou c\u00f3pia leg\u00edvel autenticada, na frente do documento, em cart\u00f3rio);<br \/>\n\u2022 Identifica\u00e7\u00e3o civil;<br \/>\n\u2022 Comprovante de resid\u00eancia com CEP;<br \/>\n\u2022 Sendo maior de 18 anos, \u00e9 obrigat\u00f3ria a apresenta\u00e7\u00e3o do T\u00edtulo Eleitoral.<\/p>\n<p>Emiss\u00e3o de RG 1\u00aa e 2\u00aa VIA:<\/p>\n<p>\u2022 Certid\u00e3o de Nascimento (se for solteiro), de Casamento ou Div\u00f3rcio original ou c\u00f3pia leg\u00edvel autenticada, na frente do documento, em cart\u00f3rio e Comprovante de Resid\u00eancia.<br \/>\n\u2022 N\u00famero do CPF<br \/>\n\u2022 DNI (Documento nacional de Identifica\u00e7\u00e3o)<br \/>\n\u2022 NIS\/PIS\/PASEP<br \/>\n\u2022 CNS (Carteira Nacional de Sa\u00fade)<br \/>\n\u2022 Titulo de Eleitor<br \/>\n\u2022 Identidade Profissional<br \/>\n\u2022 CTPS (Carteira de Trabalho)<br \/>\n\u2022 CNH (Carteira Nacional de Habita\u00e7\u00e3o)<br \/>\n\u2022 Certificado Militar<br \/>\n\u2022 Tipo Sangu\u00edneo e Fator RH<br \/>\n\u2022 Nome Social (Requerimento)<\/p>\n<p>CTPS (Carteira de Trabalho Digital):<\/p>\n<p>\u2022 CPF<\/p>\n<p>Para participar e adentrar ao local do evento ser\u00e1 obrigat\u00f3rio o uso de m\u00e1scara.<\/p>\n<p><img decoding=\"async\" src=\"http:\/\/deolhonocariri.com.br\/wp-content\/uploads\/2022\/02\/ece4a290-befc-4a93-b1c3-d91bc58ef1ac-600x600.jpg\" \/><\/p>\n","protected":false},"excerpt":{"rendered":"<p>A Prefeitura Municipal de Livramento, atrav\u00e9s da Secretaria de Assist\u00eancia Social e em parceria com o Governo Estadual, estar\u00e1 realizando nesta pr\u00f3xima quarta-feira (16) uma A\u00e7\u00e3o Itinerante do Programa Cidad\u00e3o. O a\u00e7\u00e3o do Governo que visa a legaliza\u00e7\u00e3o e emiss\u00e3o de v\u00e1rios documentos ser\u00e1 realizada na quadra da Escola Jo\u00e3o Lelys, das 08h \u00e0s 16h. A idade para atendimento ser\u00e1 a partir dos 12 anos, com o limite de at\u00e9 200 pessoas. A iniciativa tem como objetivo proporcionar as pessoas de baixo poder aquisitivo e em situa\u00e7\u00e3o de vulnerabilidade social os meios necess\u00e1rios \u00e0 sua legaliza\u00e7\u00e3o junto aos \u00f3rg\u00e3os p\u00fablicos. Ser\u00e3o oferecidos os servi\u00e7os de Emiss\u00e3o de 1\u00aa Via de CPF, 1\u00aa e 2\u00aa Via de RG, Carteira de trabalho digital (CTPS) e Foto 3\u00d74. A documenta\u00e7\u00e3o exigida para o atendimento ser\u00e3o as seguintes: 1\u00aa Via de CPF: \u2022 Certid\u00e3o de Nascimento (se for solteiro), de Casamento ou Div\u00f3rcio (original ou c\u00f3pia leg\u00edvel autenticada, na frente do documento, em cart\u00f3rio); \u2022 Identifica\u00e7\u00e3o civil; \u2022 Comprovante de resid\u00eancia com CEP; \u2022 Sendo maior de 18 anos, \u00e9 obrigat\u00f3ria a apresenta\u00e7\u00e3o do T\u00edtulo Eleitoral. Emiss\u00e3o de RG 1\u00aa e 2\u00aa VIA: \u2022 Certid\u00e3o de Nascimento (se for solteiro), de Casamento ou Div\u00f3rcio original ou c\u00f3pia leg\u00edvel autenticada, na frente do documento, em cart\u00f3rio e Comprovante de Resid\u00eancia. \u2022 N\u00famero do CPF \u2022 DNI (Documento nacional de Identifica\u00e7\u00e3o) \u2022 NIS\/PIS\/PASEP \u2022 CNS (Carteira Nacional de Sa\u00fade) \u2022 Titulo de Eleitor \u2022 Identidade Profissional \u2022 CTPS (Carteira de Trabalho) \u2022 CNH (Carteira Nacional de Habita\u00e7\u00e3o) \u2022 Certificado Militar \u2022 Tipo Sangu\u00edneo e Fator RH \u2022 Nome Social (Requerimento) CTPS (Carteira de Trabalho Digital): \u2022 CPF Para participar e adentrar ao local do evento ser\u00e1 obrigat\u00f3rio o uso de m\u00e1scara.<\/p>\n","protected":false},"author":6,"featured_media":241225,"comment_status":"closed","ping_status":"closed","sticky":false,"template":"","format":"standard","meta":{"sfsi_plus_gutenberg_text_before_share":"","sfsi_plus_gutenberg_show_text_before_share":"","sfsi_plus_gutenberg_icon_type":"","sfsi_plus_gutenberg_icon_alignemt":"","sfsi_plus_gutenburg_max_per_row":"","footnotes":""},"categories":[80],"tags":[],"class_list":["post-241217","post","type-post","status-publish","format-standard","has-post-thumbnail","hentry","category-livramento"],"_links":{"self":[{"href":"https:\/\/www.caririemacao.com\/1\/wp-json\/wp\/v2\/posts\/241217","targetHints":{"allow":["GET"]}}],"collection":[{"href":"https:\/\/www.caririemacao.com\/1\/wp-json\/wp\/v2\/posts"}],"about":[{"href":"https:\/\/www.caririemacao.com\/1\/wp-json\/wp\/v2\/types\/post"}],"author":[{"embeddable":true,"href":"https:\/\/www.caririemacao.com\/1\/wp-json\/wp\/v2\/users\/6"}],"replies":[{"embeddable":true,"href":"https:\/\/www.caririemacao.com\/1\/wp-json\/wp\/v2\/comments?post=241217"}],"version-history":[{"count":1,"href":"https:\/\/www.caririemacao.com\/1\/wp-json\/wp\/v2\/posts\/241217\/revisions"}],"predecessor-version":[{"id":241218,"href":"https:\/\/www.caririemacao.com\/1\/wp-json\/wp\/v2\/posts\/241217\/revisions\/241218"}],"wp:featuredmedia":[{"embeddable":true,"href":"https:\/\/www.caririemacao.com\/1\/wp-json\/wp\/v2\/media\/241225"}],"wp:attachment":[{"href":"https:\/\/www.caririemacao.com\/1\/wp-json\/wp\/v2\/media?parent=241217"}],"wp:term":[{"taxonomy":"category","embeddable":true,"href":"https:\/\/www.caririemacao.com\/1\/wp-json\/wp\/v2\/categories?post=241217"},{"taxonomy":"post_tag","embeddable":true,"href":"https:\/\/www.caririemacao.com\/1\/wp-json\/wp\/v2\/tags?post=241217"}],"curies":[{"name":"wp","href":"https:\/\/api.w.org\/{rel}","templated":true}]}}