{"id":242095,"date":"2022-02-26T12:09:01","date_gmt":"2022-02-26T15:09:01","guid":{"rendered":"https:\/\/www.caririemacao.com\/1\/?p=242095"},"modified":"2022-02-26T12:09:01","modified_gmt":"2022-02-26T15:09:01","slug":"imposto-de-renda-2022-nao-tera-devolucao-de-auxilio-emergencial","status":"publish","type":"post","link":"https:\/\/www.caririemacao.com\/1\/2022\/02\/26\/imposto-de-renda-2022-nao-tera-devolucao-de-auxilio-emergencial\/","title":{"rendered":"Imposto de Renda 2022 n\u00e3o ter\u00e1 devolu\u00e7\u00e3o de aux\u00edlio emergencial"},"content":{"rendered":"<p>A Receita Federal n\u00e3o prev\u00ea para este ano a devolu\u00e7\u00e3o do aux\u00edlio emergencial na declara\u00e7\u00e3o do IRPF 2022 (Imposto de Renda da Pessoa F\u00edsica). No ano passado, foi obrigat\u00f3rio declarar e devolver o benef\u00edcio pago a contribuintes que tiveram rendimentos tribut\u00e1veis acima de R$ 22.847,76.<\/p>\n<p>Segundo a Receita, este ano n\u00e3o h\u00e1 previs\u00e3o legal para essa cobran\u00e7a no IR 2022. &#8220;A Receita fez a cobran\u00e7a, no ano passado, porque a lei previa. Agora, a devolu\u00e7\u00e3o ser\u00e1 s\u00f3 pelo Minist\u00e9rio da Cidadania. Como o aux\u00edlio emergencial \u00e9 um rendimento tribut\u00e1vel, caso somado aos demais rendimentos tribut\u00e1veis ultrapasse o limite definido pela norma [R$ 28.559,70], a\u00ed sim a pessoa est\u00e1 obrigada a apresentar declara\u00e7\u00e3o&#8221;, explicou o auditor fiscal Jos\u00e9 Carlos da Fonseca, respons\u00e1vel pelo programa do IRPF.<\/p>\n<p>Foram recebidas 985.455 declara\u00e7\u00f5es com devolu\u00e7\u00e3o do aux\u00edlio, que geraram 1.114.591 Darfs (Documentos de Arrecada\u00e7\u00e3o de Receitas Federais). Desses, 30,25% foram recolhidos, o que representa R$ 976,4 milh\u00f5es dos R$ 3,3 bilh\u00f5es previstos.<\/p>\n<p>O per\u00edodo de entrega da declara\u00e7\u00e3o do IR 2022 come\u00e7a no dia 7 de mar\u00e7o e vai at\u00e9 29 de abril. A expectativa \u00e9 que 34,1 milh\u00f5es de declara\u00e7\u00f5es sejam enviadas at\u00e9 o fim do prazo.<\/p>\n<p>Entre as novidades deste ano, anunciadas pela Receita, est\u00e3o o acesso ampliado \u00e0 declara\u00e7\u00e3o pr\u00e9-preenchida por meio de todas as plataformas dispon\u00edveis e o recebimento da restitui\u00e7\u00e3o e o pagamento de Darf via Pix.<\/p>\n<p>A partir da pr\u00f3xima quinta-feira (3), come\u00e7am a ser habilitados os servi\u00e7os de Imposto de Renda com conta no site do governo federal. Em 7 de mar\u00e7o o contribuinte poder\u00e1 fazer o download do programa na plataforma da Receita Federal. Somente a partir de 15 de mar\u00e7o haver\u00e1 a disponibiliza\u00e7\u00e3o da declara\u00e7\u00e3o pr\u00e9-preenchida.<\/p>\n<p>R7<\/p>\n","protected":false},"excerpt":{"rendered":"<p>A Receita Federal n\u00e3o prev\u00ea para este ano a devolu\u00e7\u00e3o do aux\u00edlio emergencial na declara\u00e7\u00e3o do IRPF 2022 (Imposto de Renda da Pessoa F\u00edsica). No ano passado, foi obrigat\u00f3rio declarar e devolver o benef\u00edcio pago a contribuintes que tiveram rendimentos tribut\u00e1veis acima de R$ 22.847,76. Segundo a Receita, este ano n\u00e3o h\u00e1 previs\u00e3o legal para essa cobran\u00e7a no IR 2022. &#8220;A Receita fez a cobran\u00e7a, no ano passado, porque a lei previa. Agora, a devolu\u00e7\u00e3o ser\u00e1 s\u00f3 pelo Minist\u00e9rio da Cidadania. Como o aux\u00edlio emergencial \u00e9 um rendimento tribut\u00e1vel, caso somado aos demais rendimentos tribut\u00e1veis ultrapasse o limite definido pela norma [R$ 28.559,70], a\u00ed sim a pessoa est\u00e1 obrigada a apresentar declara\u00e7\u00e3o&#8221;, explicou o auditor fiscal Jos\u00e9 Carlos da Fonseca, respons\u00e1vel pelo programa do IRPF. Foram recebidas 985.455 declara\u00e7\u00f5es com devolu\u00e7\u00e3o do aux\u00edlio, que geraram 1.114.591 Darfs (Documentos de Arrecada\u00e7\u00e3o de Receitas Federais). Desses, 30,25% foram recolhidos, o que representa R$ 976,4 milh\u00f5es dos R$ 3,3 bilh\u00f5es previstos. O per\u00edodo de entrega da declara\u00e7\u00e3o do IR 2022 come\u00e7a no dia 7 de mar\u00e7o e vai at\u00e9 29 de abril. A expectativa \u00e9 que 34,1 milh\u00f5es de declara\u00e7\u00f5es sejam enviadas at\u00e9 o fim do prazo. Entre as novidades deste ano, anunciadas pela Receita, est\u00e3o o acesso ampliado \u00e0 declara\u00e7\u00e3o pr\u00e9-preenchida por meio de todas as plataformas dispon\u00edveis e o recebimento da restitui\u00e7\u00e3o e o pagamento de Darf via Pix. A partir da pr\u00f3xima quinta-feira (3), come\u00e7am a ser habilitados os servi\u00e7os de Imposto de Renda com conta no site do governo federal. Em 7 de mar\u00e7o o contribuinte poder\u00e1 fazer o download do programa na plataforma da Receita Federal. Somente a partir de 15 de mar\u00e7o haver\u00e1 a disponibiliza\u00e7\u00e3o da declara\u00e7\u00e3o pr\u00e9-preenchida. R7<\/p>\n","protected":false},"author":6,"featured_media":242096,"comment_status":"closed","ping_status":"closed","sticky":false,"template":"","format":"standard","meta":{"sfsi_plus_gutenberg_text_before_share":"","sfsi_plus_gutenberg_show_text_before_share":"","sfsi_plus_gutenberg_icon_type":"","sfsi_plus_gutenberg_icon_alignemt":"","sfsi_plus_gutenburg_max_per_row":"","footnotes":""},"categories":[123],"tags":[],"class_list":["post-242095","post","type-post","status-publish","format-standard","has-post-thumbnail","hentry","category-brasil"],"_links":{"self":[{"href":"https:\/\/www.caririemacao.com\/1\/wp-json\/wp\/v2\/posts\/242095","targetHints":{"allow":["GET"]}}],"collection":[{"href":"https:\/\/www.caririemacao.com\/1\/wp-json\/wp\/v2\/posts"}],"about":[{"href":"https:\/\/www.caririemacao.com\/1\/wp-json\/wp\/v2\/types\/post"}],"author":[{"embeddable":true,"href":"https:\/\/www.caririemacao.com\/1\/wp-json\/wp\/v2\/users\/6"}],"replies":[{"embeddable":true,"href":"https:\/\/www.caririemacao.com\/1\/wp-json\/wp\/v2\/comments?post=242095"}],"version-history":[{"count":1,"href":"https:\/\/www.caririemacao.com\/1\/wp-json\/wp\/v2\/posts\/242095\/revisions"}],"predecessor-version":[{"id":242097,"href":"https:\/\/www.caririemacao.com\/1\/wp-json\/wp\/v2\/posts\/242095\/revisions\/242097"}],"wp:featuredmedia":[{"embeddable":true,"href":"https:\/\/www.caririemacao.com\/1\/wp-json\/wp\/v2\/media\/242096"}],"wp:attachment":[{"href":"https:\/\/www.caririemacao.com\/1\/wp-json\/wp\/v2\/media?parent=242095"}],"wp:term":[{"taxonomy":"category","embeddable":true,"href":"https:\/\/www.caririemacao.com\/1\/wp-json\/wp\/v2\/categories?post=242095"},{"taxonomy":"post_tag","embeddable":true,"href":"https:\/\/www.caririemacao.com\/1\/wp-json\/wp\/v2\/tags?post=242095"}],"curies":[{"name":"wp","href":"https:\/\/api.w.org\/{rel}","templated":true}]}}