{"id":242116,"date":"2022-02-27T12:11:18","date_gmt":"2022-02-27T15:11:18","guid":{"rendered":"https:\/\/www.caririemacao.com\/1\/?p=242116"},"modified":"2022-02-27T12:11:18","modified_gmt":"2022-02-27T15:11:18","slug":"polonia-e-suecia-se-recusam-a-enfrentar-a-russia-invasao-ilegal-e-injusta-a-ucrania-diz-presidente-da-federacao","status":"publish","type":"post","link":"https:\/\/www.caririemacao.com\/1\/2022\/02\/27\/polonia-e-suecia-se-recusam-a-enfrentar-a-russia-invasao-ilegal-e-injusta-a-ucrania-diz-presidente-da-federacao\/","title":{"rendered":"Pol\u00f4nia e Su\u00e9cia se recusam a enfrentar a R\u00fassia: &#8220;invas\u00e3o ilegal e injusta \u00e0 Ucr\u00e2nia&#8221;, diz presidente da Federa\u00e7\u00e3o"},"content":{"rendered":"<p>Pol\u00f4nia e Su\u00e9cia afirmaram neste s\u00e1bado (26) que n\u00e3o disputar\u00e3o seus jogos pelas Eliminat\u00f3rias Europeias para a Copa do Mundo do Catar contra a R\u00fassia em mar\u00e7o, ap\u00f3s a invas\u00e3o russa \u00e0 Ucr\u00e2nia.<\/p>\n<p>Os jogos eliminat\u00f3rios definir\u00e3o uma vaga para a Copa do Mundo de 2022, no Catar. V\u00e1rios jogadores da Pol\u00f4nia, incluindo o capit\u00e3o Robert Lewandowski, apoiaram a decis\u00e3o com comunicados nas redes sociais.<\/p>\n<p>\u201cDiante da escalada de agress\u00f5es da Federa\u00e7\u00e3o Russa contra a Ucr\u00e2nia, a sele\u00e7\u00e3o polonesa n\u00e3o jogar\u00e1 contra a Rep\u00fablica Russa\u201d, escreveu o chefe da Federa\u00e7\u00e3o Polonesa de Futebol, Cezary Kulesza, no Twitter.<\/p>\n<p>\u201c\u00c9 a \u00fanica decis\u00e3o correta. Estamos conversando com as associa\u00e7\u00f5es sueca e tcheca para apresentar uma posi\u00e7\u00e3o em comum \u00e0 Fifa\u201d, afirmou.<\/p>\n<p>A R\u00fassia receberia a Pol\u00f4nia pela semifinal da repescagem em 24 de mar\u00e7o e, caso avan\u00e7asse, tamb\u00e9m jogaria em casa contra Su\u00e9cia ou Rep\u00fablica Tcheca em 29 de mar\u00e7o na final da chave B.<\/p>\n<p>Depois, a Federa\u00e7\u00e3o Sueca disse que o seu time n\u00e3o enfrentar\u00e1 a R\u00fassia, independente de onde a partida for disputada.<\/p>\n<p>\u201cA invas\u00e3o ilegal e profundamente injusta \u00e0 Ucr\u00e2nia torna neste momento todas as intera\u00e7\u00f5es de futebol com a R\u00fassia imposs\u00edveis\u201d, afirmou o presidente da Federa\u00e7\u00e3o Sueca de Futebol, Karl-Erik Nilsson.<\/p>\n<p>\u201cLogo, pedimos que a Fifa decida que os jogos de repescagem em mar\u00e7o dos quais a R\u00fassia participa sejam cancelados. Mas, independente do que a Fifa decidir fazer, n\u00e3o enfrentaremos a R\u00fassia em mar\u00e7o\u201d, declarou.<\/p>\n<p>Mais cedo, jogadores da sele\u00e7\u00e3o polonesa foram \u00e0s redes sociais apoiar a decis\u00e3o.<\/p>\n<p>\u201cN\u00e3o \u00e9 uma decis\u00e3o f\u00e1cil, mas h\u00e1 coisas mais importantes na vida do que futebol\u201d, escreveram Kamil Glik, Mateusz Klich, Matty Cash e outros no Twitter neste s\u00e1bado.<\/p>\n<p>\u201cNossos pensamentos est\u00e3o com a na\u00e7\u00e3o ucraniana e com nosso amigo da sele\u00e7\u00e3o, Tomasz Kedziora, que ainda est\u00e1 em Kiev com sua fam\u00edlia\u201d.<\/p>\n<p>Capit\u00e3o da sele\u00e7\u00e3o, Lewandowski tuitou: \u201cN\u00e3o consigo imaginar jogar uma partida contra a sele\u00e7\u00e3o russa em uma situa\u00e7\u00e3o na qual as agress\u00f5es armadas na Ucr\u00e2nia continuam\u201d.<\/p>\n<p>\u201cJogadores e torcedores russos n\u00e3o s\u00e3o respons\u00e1veis por isso, mas n\u00e3o podemos fingir que nada est\u00e1 acontecendo\u201d, declarou o artilheiro.<\/p>\n<p>Ag\u00eancia Brasil<\/p>\n","protected":false},"excerpt":{"rendered":"<p>Pol\u00f4nia e Su\u00e9cia afirmaram neste s\u00e1bado (26) que n\u00e3o disputar\u00e3o seus jogos pelas Eliminat\u00f3rias Europeias para a Copa do Mundo do Catar contra a R\u00fassia em mar\u00e7o, ap\u00f3s a invas\u00e3o russa \u00e0 Ucr\u00e2nia. Os jogos eliminat\u00f3rios definir\u00e3o uma vaga para a Copa do Mundo de 2022, no Catar. V\u00e1rios jogadores da Pol\u00f4nia, incluindo o capit\u00e3o Robert Lewandowski, apoiaram a decis\u00e3o com comunicados nas redes sociais. \u201cDiante da escalada de agress\u00f5es da Federa\u00e7\u00e3o Russa contra a Ucr\u00e2nia, a sele\u00e7\u00e3o polonesa n\u00e3o jogar\u00e1 contra a Rep\u00fablica Russa\u201d, escreveu o chefe da Federa\u00e7\u00e3o Polonesa de Futebol, Cezary Kulesza, no Twitter. \u201c\u00c9 a \u00fanica decis\u00e3o correta. Estamos conversando com as associa\u00e7\u00f5es sueca e tcheca para apresentar uma posi\u00e7\u00e3o em comum \u00e0 Fifa\u201d, afirmou. A R\u00fassia receberia a Pol\u00f4nia pela semifinal da repescagem em 24 de mar\u00e7o e, caso avan\u00e7asse, tamb\u00e9m jogaria em casa contra Su\u00e9cia ou Rep\u00fablica Tcheca em 29 de mar\u00e7o na final da chave B. Depois, a Federa\u00e7\u00e3o Sueca disse que o seu time n\u00e3o enfrentar\u00e1 a R\u00fassia, independente de onde a partida for disputada. \u201cA invas\u00e3o ilegal e profundamente injusta \u00e0 Ucr\u00e2nia torna neste momento todas as intera\u00e7\u00f5es de futebol com a R\u00fassia imposs\u00edveis\u201d, afirmou o presidente da Federa\u00e7\u00e3o Sueca de Futebol, Karl-Erik Nilsson. \u201cLogo, pedimos que a Fifa decida que os jogos de repescagem em mar\u00e7o dos quais a R\u00fassia participa sejam cancelados. Mas, independente do que a Fifa decidir fazer, n\u00e3o enfrentaremos a R\u00fassia em mar\u00e7o\u201d, declarou. Mais cedo, jogadores da sele\u00e7\u00e3o polonesa foram \u00e0s redes sociais apoiar a decis\u00e3o. \u201cN\u00e3o \u00e9 uma decis\u00e3o f\u00e1cil, mas h\u00e1 coisas mais importantes na vida do que futebol\u201d, escreveram Kamil Glik, Mateusz Klich, Matty Cash e outros no Twitter neste s\u00e1bado. \u201cNossos pensamentos est\u00e3o com a na\u00e7\u00e3o ucraniana e com nosso amigo da sele\u00e7\u00e3o, Tomasz Kedziora, que ainda est\u00e1 em Kiev com sua fam\u00edlia\u201d. Capit\u00e3o da sele\u00e7\u00e3o, Lewandowski tuitou: \u201cN\u00e3o consigo imaginar jogar uma partida contra a sele\u00e7\u00e3o russa em uma situa\u00e7\u00e3o na qual as agress\u00f5es armadas na Ucr\u00e2nia continuam\u201d. \u201cJogadores e torcedores russos n\u00e3o s\u00e3o respons\u00e1veis por isso, mas n\u00e3o podemos fingir que nada est\u00e1 acontecendo\u201d, declarou o artilheiro. Ag\u00eancia Brasil<\/p>\n","protected":false},"author":6,"featured_media":242117,"comment_status":"closed","ping_status":"closed","sticky":false,"template":"","format":"standard","meta":{"sfsi_plus_gutenberg_text_before_share":"","sfsi_plus_gutenberg_show_text_before_share":"","sfsi_plus_gutenberg_icon_type":"","sfsi_plus_gutenberg_icon_alignemt":"","sfsi_plus_gutenburg_max_per_row":"","footnotes":""},"categories":[103],"tags":[],"class_list":["post-242116","post","type-post","status-publish","format-standard","has-post-thumbnail","hentry","category-mundo"],"_links":{"self":[{"href":"https:\/\/www.caririemacao.com\/1\/wp-json\/wp\/v2\/posts\/242116","targetHints":{"allow":["GET"]}}],"collection":[{"href":"https:\/\/www.caririemacao.com\/1\/wp-json\/wp\/v2\/posts"}],"about":[{"href":"https:\/\/www.caririemacao.com\/1\/wp-json\/wp\/v2\/types\/post"}],"author":[{"embeddable":true,"href":"https:\/\/www.caririemacao.com\/1\/wp-json\/wp\/v2\/users\/6"}],"replies":[{"embeddable":true,"href":"https:\/\/www.caririemacao.com\/1\/wp-json\/wp\/v2\/comments?post=242116"}],"version-history":[{"count":1,"href":"https:\/\/www.caririemacao.com\/1\/wp-json\/wp\/v2\/posts\/242116\/revisions"}],"predecessor-version":[{"id":242118,"href":"https:\/\/www.caririemacao.com\/1\/wp-json\/wp\/v2\/posts\/242116\/revisions\/242118"}],"wp:featuredmedia":[{"embeddable":true,"href":"https:\/\/www.caririemacao.com\/1\/wp-json\/wp\/v2\/media\/242117"}],"wp:attachment":[{"href":"https:\/\/www.caririemacao.com\/1\/wp-json\/wp\/v2\/media?parent=242116"}],"wp:term":[{"taxonomy":"category","embeddable":true,"href":"https:\/\/www.caririemacao.com\/1\/wp-json\/wp\/v2\/categories?post=242116"},{"taxonomy":"post_tag","embeddable":true,"href":"https:\/\/www.caririemacao.com\/1\/wp-json\/wp\/v2\/tags?post=242116"}],"curies":[{"name":"wp","href":"https:\/\/api.w.org\/{rel}","templated":true}]}}