{"id":242209,"date":"2022-03-03T07:08:23","date_gmt":"2022-03-03T10:08:23","guid":{"rendered":"https:\/\/www.caririemacao.com\/1\/?p=242209"},"modified":"2022-03-03T07:08:23","modified_gmt":"2022-03-03T10:08:23","slug":"aprovados-no-concurso-da-fundacao-pb-saude-assinam-contratos-de-trabalho-nesta-quinta-feira-revela-governador-joao-azevedo","status":"publish","type":"post","link":"https:\/\/www.caririemacao.com\/1\/2022\/03\/03\/aprovados-no-concurso-da-fundacao-pb-saude-assinam-contratos-de-trabalho-nesta-quinta-feira-revela-governador-joao-azevedo\/","title":{"rendered":"Aprovados no concurso da Funda\u00e7\u00e3o PB Sa\u00fade assinam contratos de trabalho nesta quinta-feira, revela governador Jo\u00e3o Azev\u00eado"},"content":{"rendered":"<p>Os primeiros aprovados no concurso da Funda\u00e7\u00e3o PB Sa\u00fade assinam seus contratos de trabalho nesta quinta-feira (03). A informa\u00e7\u00e3o foi dada pelo governador da Para\u00edba, Jo\u00e3o Azev\u00eado, atrav\u00e9s do seu twitter.<\/p>\n<p>Os m\u00e9dicos, enfermeiros, t\u00e9cnicos, assistentes administrativos entre outros profissionais ir\u00e3o atuar no Hospital Metropolitano Dom Jos\u00e9 Maria Pires, em Santa Rita, na Grande Jo\u00e3o Pessoa.<\/p>\n<p>&#8220;A Para\u00edba vive um novo momento na gest\u00e3o p\u00fablica de sa\u00fade. A contrata\u00e7\u00e3o dessas equipes, por meio de concurso, refor\u00e7a o compromisso do governo em garantir a qualidade no atendimento \u00e0 popula\u00e7\u00e3o&#8221;, afirmou o governador.<\/p>\n<p>Ainda segundo Jo\u00e3o Azevedo,\u00a0at\u00e9 o final de mar\u00e7o, outros profissionais aprovados tamb\u00e9m ser\u00e3o admitidos.<\/p>\n<p>ClickPB<\/p>\n","protected":false},"excerpt":{"rendered":"<p>Os primeiros aprovados no concurso da Funda\u00e7\u00e3o PB Sa\u00fade assinam seus contratos de trabalho nesta quinta-feira (03). A informa\u00e7\u00e3o foi dada pelo governador da Para\u00edba, Jo\u00e3o Azev\u00eado, atrav\u00e9s do seu twitter. Os m\u00e9dicos, enfermeiros, t\u00e9cnicos, assistentes administrativos entre outros profissionais ir\u00e3o atuar no Hospital Metropolitano Dom Jos\u00e9 Maria Pires, em Santa Rita, na Grande Jo\u00e3o Pessoa. &#8220;A Para\u00edba vive um novo momento na gest\u00e3o p\u00fablica de sa\u00fade. A contrata\u00e7\u00e3o dessas equipes, por meio de concurso, refor\u00e7a o compromisso do governo em garantir a qualidade no atendimento \u00e0 popula\u00e7\u00e3o&#8221;, afirmou o governador. Ainda segundo Jo\u00e3o Azevedo,\u00a0at\u00e9 o final de mar\u00e7o, outros profissionais aprovados tamb\u00e9m ser\u00e3o admitidos. ClickPB<\/p>\n","protected":false},"author":6,"featured_media":242210,"comment_status":"closed","ping_status":"closed","sticky":false,"template":"","format":"standard","meta":{"sfsi_plus_gutenberg_text_before_share":"","sfsi_plus_gutenberg_show_text_before_share":"","sfsi_plus_gutenberg_icon_type":"","sfsi_plus_gutenberg_icon_alignemt":"","sfsi_plus_gutenburg_max_per_row":"","footnotes":""},"categories":[50,104],"tags":[],"class_list":["post-242209","post","type-post","status-publish","format-standard","has-post-thumbnail","hentry","category-destaque","category-paraiba"],"_links":{"self":[{"href":"https:\/\/www.caririemacao.com\/1\/wp-json\/wp\/v2\/posts\/242209","targetHints":{"allow":["GET"]}}],"collection":[{"href":"https:\/\/www.caririemacao.com\/1\/wp-json\/wp\/v2\/posts"}],"about":[{"href":"https:\/\/www.caririemacao.com\/1\/wp-json\/wp\/v2\/types\/post"}],"author":[{"embeddable":true,"href":"https:\/\/www.caririemacao.com\/1\/wp-json\/wp\/v2\/users\/6"}],"replies":[{"embeddable":true,"href":"https:\/\/www.caririemacao.com\/1\/wp-json\/wp\/v2\/comments?post=242209"}],"version-history":[{"count":1,"href":"https:\/\/www.caririemacao.com\/1\/wp-json\/wp\/v2\/posts\/242209\/revisions"}],"predecessor-version":[{"id":242211,"href":"https:\/\/www.caririemacao.com\/1\/wp-json\/wp\/v2\/posts\/242209\/revisions\/242211"}],"wp:featuredmedia":[{"embeddable":true,"href":"https:\/\/www.caririemacao.com\/1\/wp-json\/wp\/v2\/media\/242210"}],"wp:attachment":[{"href":"https:\/\/www.caririemacao.com\/1\/wp-json\/wp\/v2\/media?parent=242209"}],"wp:term":[{"taxonomy":"category","embeddable":true,"href":"https:\/\/www.caririemacao.com\/1\/wp-json\/wp\/v2\/categories?post=242209"},{"taxonomy":"post_tag","embeddable":true,"href":"https:\/\/www.caririemacao.com\/1\/wp-json\/wp\/v2\/tags?post=242209"}],"curies":[{"name":"wp","href":"https:\/\/api.w.org\/{rel}","templated":true}]}}