{"id":242462,"date":"2022-03-06T11:39:33","date_gmt":"2022-03-06T14:39:33","guid":{"rendered":"https:\/\/www.caririemacao.com\/1\/?p=242462"},"modified":"2022-03-06T11:39:33","modified_gmt":"2022-03-06T14:39:33","slug":"doacao-de-orgaos-registrada-no-hospital-de-trauma-de-campina-grande-diminui-fila-de-espera-na-paraiba","status":"publish","type":"post","link":"https:\/\/www.caririemacao.com\/1\/2022\/03\/06\/doacao-de-orgaos-registrada-no-hospital-de-trauma-de-campina-grande-diminui-fila-de-espera-na-paraiba\/","title":{"rendered":"Doa\u00e7\u00e3o de \u00f3rg\u00e3os registrada no Hospital de Trauma de Campina Grande diminui fila de espera na Para\u00edba"},"content":{"rendered":"<p>A fila de espera por um \u00f3rg\u00e3o segue diminuindo na Para\u00edba com mais uma doa\u00e7\u00e3o registrada na manh\u00e3 deste s\u00e1bado (5), no Hospital de Trauma de Campina Grande. Dessa vez, a doa\u00e7\u00e3o veio de uma mulher de 55 anos, que teve como causa da morte uma hemorragia cerebral. O ato s\u00f3 foi poss\u00edvel gra\u00e7as \u00e0 autoriza\u00e7\u00e3o familiar.<\/p>\n<p>Com esta \u00faltima doa\u00e7\u00e3o, saiu da fila um homem pernambucano, de 58 anos, que recebeu o f\u00edgado, e mais dois paraibanos que foram beneficiados com os rins. As c\u00f3rneas tamb\u00e9m foram doadas e foram encaminhadas para o Banco de Olhos.<\/p>\n<p>Esse ano, a Central de Transplantes da Para\u00edba j\u00e1 soma 10 doadores efetivos e quase 50 transplantes realizados, mas ainda est\u00e3o na fila de espera 508 paraibanos.<\/p>\n<p>Processo de doa\u00e7\u00e3o &#8211; Ap\u00f3s a confirma\u00e7\u00e3o da morte encef\u00e1lica, a fam\u00edlia \u00e9 consultada pelos profissionais da Central de Transplantes, que explicam detalhadamente como ocorre o tr\u00e2mite. Em agradecimento ao gesto, a fam\u00edlia recebe uma muda de cacto, que simboliza que o momento \u00e9 espinhoso, mas que um dia ir\u00e1 florescer. No momento da sa\u00edda do doador da UTI para o bloco cir\u00fargico, tamb\u00e9m \u00e9 feito o \u2018cortejo da vida\u2019, mais um gesto dos profissionais do hospital em homenagem ao doador.<\/p>\n<p>\u201cNosso trabalho \u00e9 no sentido de proporcionar uma melhor qualidade de vida para essas pessoas que est\u00e3o aguardando o dia do seu transplante chegar, porque sabemos que sofre n\u00e3o s\u00f3 o paciente, mas toda a fam\u00edlia. E por isso temos uma enorme gratid\u00e3o a todas as fam\u00edlias doadoras, que no momento da dor conseguem pensar no pr\u00f3ximo,\u201d explica a chefe do N\u00facleo de A\u00e7\u00f5es Estrat\u00e9gicas da Central Estadual de Transplantes, Rafaela Carvalho.<\/p>\n<p>ClickPB<\/p>\n","protected":false},"excerpt":{"rendered":"<p>A fila de espera por um \u00f3rg\u00e3o segue diminuindo na Para\u00edba com mais uma doa\u00e7\u00e3o registrada na manh\u00e3 deste s\u00e1bado (5), no Hospital de Trauma de Campina Grande. Dessa vez, a doa\u00e7\u00e3o veio de uma mulher de 55 anos, que teve como causa da morte uma hemorragia cerebral. O ato s\u00f3 foi poss\u00edvel gra\u00e7as \u00e0 autoriza\u00e7\u00e3o familiar. Com esta \u00faltima doa\u00e7\u00e3o, saiu da fila um homem pernambucano, de 58 anos, que recebeu o f\u00edgado, e mais dois paraibanos que foram beneficiados com os rins. As c\u00f3rneas tamb\u00e9m foram doadas e foram encaminhadas para o Banco de Olhos. Esse ano, a Central de Transplantes da Para\u00edba j\u00e1 soma 10 doadores efetivos e quase 50 transplantes realizados, mas ainda est\u00e3o na fila de espera 508 paraibanos. Processo de doa\u00e7\u00e3o &#8211; Ap\u00f3s a confirma\u00e7\u00e3o da morte encef\u00e1lica, a fam\u00edlia \u00e9 consultada pelos profissionais da Central de Transplantes, que explicam detalhadamente como ocorre o tr\u00e2mite. Em agradecimento ao gesto, a fam\u00edlia recebe uma muda de cacto, que simboliza que o momento \u00e9 espinhoso, mas que um dia ir\u00e1 florescer. No momento da sa\u00edda do doador da UTI para o bloco cir\u00fargico, tamb\u00e9m \u00e9 feito o \u2018cortejo da vida\u2019, mais um gesto dos profissionais do hospital em homenagem ao doador. \u201cNosso trabalho \u00e9 no sentido de proporcionar uma melhor qualidade de vida para essas pessoas que est\u00e3o aguardando o dia do seu transplante chegar, porque sabemos que sofre n\u00e3o s\u00f3 o paciente, mas toda a fam\u00edlia. E por isso temos uma enorme gratid\u00e3o a todas as fam\u00edlias doadoras, que no momento da dor conseguem pensar no pr\u00f3ximo,\u201d explica a chefe do N\u00facleo de A\u00e7\u00f5es Estrat\u00e9gicas da Central Estadual de Transplantes, Rafaela Carvalho. ClickPB<\/p>\n","protected":false},"author":6,"featured_media":242463,"comment_status":"closed","ping_status":"closed","sticky":false,"template":"","format":"standard","meta":{"sfsi_plus_gutenberg_text_before_share":"","sfsi_plus_gutenberg_show_text_before_share":"","sfsi_plus_gutenberg_icon_type":"","sfsi_plus_gutenberg_icon_alignemt":"","sfsi_plus_gutenburg_max_per_row":"","footnotes":""},"categories":[104],"tags":[],"class_list":["post-242462","post","type-post","status-publish","format-standard","has-post-thumbnail","hentry","category-paraiba"],"_links":{"self":[{"href":"https:\/\/www.caririemacao.com\/1\/wp-json\/wp\/v2\/posts\/242462","targetHints":{"allow":["GET"]}}],"collection":[{"href":"https:\/\/www.caririemacao.com\/1\/wp-json\/wp\/v2\/posts"}],"about":[{"href":"https:\/\/www.caririemacao.com\/1\/wp-json\/wp\/v2\/types\/post"}],"author":[{"embeddable":true,"href":"https:\/\/www.caririemacao.com\/1\/wp-json\/wp\/v2\/users\/6"}],"replies":[{"embeddable":true,"href":"https:\/\/www.caririemacao.com\/1\/wp-json\/wp\/v2\/comments?post=242462"}],"version-history":[{"count":1,"href":"https:\/\/www.caririemacao.com\/1\/wp-json\/wp\/v2\/posts\/242462\/revisions"}],"predecessor-version":[{"id":242464,"href":"https:\/\/www.caririemacao.com\/1\/wp-json\/wp\/v2\/posts\/242462\/revisions\/242464"}],"wp:featuredmedia":[{"embeddable":true,"href":"https:\/\/www.caririemacao.com\/1\/wp-json\/wp\/v2\/media\/242463"}],"wp:attachment":[{"href":"https:\/\/www.caririemacao.com\/1\/wp-json\/wp\/v2\/media?parent=242462"}],"wp:term":[{"taxonomy":"category","embeddable":true,"href":"https:\/\/www.caririemacao.com\/1\/wp-json\/wp\/v2\/categories?post=242462"},{"taxonomy":"post_tag","embeddable":true,"href":"https:\/\/www.caririemacao.com\/1\/wp-json\/wp\/v2\/tags?post=242462"}],"curies":[{"name":"wp","href":"https:\/\/api.w.org\/{rel}","templated":true}]}}