{"id":242489,"date":"2022-03-07T07:17:18","date_gmt":"2022-03-07T10:17:18","guid":{"rendered":"https:\/\/www.caririemacao.com\/1\/?p=242489"},"modified":"2022-03-07T07:17:18","modified_gmt":"2022-03-07T10:17:18","slug":"brasil-registra-219-mortes-por-covid-e-15-810-casos-em-24-horas","status":"publish","type":"post","link":"https:\/\/www.caririemacao.com\/1\/2022\/03\/07\/brasil-registra-219-mortes-por-covid-e-15-810-casos-em-24-horas\/","title":{"rendered":"Brasil registra 219 mortes por Covid e 15.810 casos em 24 horas"},"content":{"rendered":"<p>O Brasil registrou 219 mortes por Covid e 15.810 casos da doen\u00e7a, neste domingo (6). Com isso, o pa\u00eds chega a 652.207 mortes e 29.045.946 casos registrados de Covid-19 desde o in\u00edcio da pandemia.<\/p>\n<p>As m\u00e9dias m\u00f3veis de mortes e de casos permanecem em queda, em rela\u00e7\u00e3o aos dados de duas semanas atr\u00e1s. A m\u00e9dia de \u00f3bitos agora \u00e9 de 430, redu\u00e7\u00e3o de 48%, e a de infec\u00e7\u00f5es \u00e9 de 40.161, queda de 60%.<\/p>\n<p>O recurso estat\u00edstico que busca amenizar varia\u00e7\u00f5es nos dados, como os que costumam acontecer aos finais de semana e feriados, \u00e9 calculado pela soma das mortes dos \u00faltimos sete dias e pela divis\u00e3o do resultado por sete.<\/p>\n<p>Os dados do pa\u00eds, coletados at\u00e9 20h, s\u00e3o fruto de colabora\u00e7\u00e3o entre Folha, UOL, O Estado de S. Paulo, Extra, O Globo e G1 para reunir e divulgar os n\u00fameros relativos \u00e0 pandemia do novo coronav\u00edrus.<\/p>\n<p>As informa\u00e7\u00f5es s\u00e3o recolhidas pelo cons\u00f3rcio de ve\u00edculos de imprensa diariamente com as Secretarias de Sa\u00fade estaduais.<\/p>\n<p>Os dados da vacina\u00e7\u00e3o contra a Covid-19, tamb\u00e9m coletados pelo cons\u00f3rcio, foram atualizados em 18 estados.<\/p>\n<p>O cons\u00f3rcio de ve\u00edculos de imprensa recentemente atualizou os n\u00fameros de popula\u00e7\u00e3o brasileira usados para calcular o percentual de pessoas vacinadas no pa\u00eds. Agora, os dados usados s\u00e3o a proje\u00e7\u00e3o do IBGE (Instituto Brasileiro de Geografia e Estat\u00edstica) para 2022.<\/p>\n<p>Todos os n\u00fameros passam a ser calculados de acordo com esses valores, inclusive os do ano passado. Por isso, os percentuais de pessoas vacinadas podem apresentar alguma diverg\u00eancia em rela\u00e7\u00e3o aos n\u00fameros publicados anteriormente.<\/p>\n<p>O Brasil registrou 187.551 doses de vacinas contra Covid-19, neste domingo. De acordo com dados das secretarias estaduais de Sa\u00fade, foram 47.532 primeiras doses, 28.763 segundas doses. Al\u00e9m disso, foram registradas 507 doses \u00fanicas e 110.749 doses de refor\u00e7o.<\/p>\n<p>Ao todo, 173.038.399 pessoas receberam pelo menos a primeira dose de uma vacina contra a Covid no Brasil. J\u00e1 s\u00e3o 155.757.233 pessoas com as duas doses ou com uma dose da vacina da Janssen. Quanto \u00e0s doses de refor\u00e7o, foram aplicadas 66.074.186.<\/p>\n<p>Assim, o pa\u00eds j\u00e1 tem 80,55% da popula\u00e7\u00e3o com a 1\u00aa dose e 72,5% dos brasileiros com as duas doses ou com uma dose da vacina da Janssen, e 30,76% da popula\u00e7\u00e3o com refor\u00e7o vacinal.<\/p>\n<p>O cons\u00f3rcio come\u00e7ou a fazer tamb\u00e9m o registro das doses de vacinas aplicadas em crian\u00e7as. A popula\u00e7\u00e3o de 5 a 11 anos parcialmente imunizada (com somente a primeira dose de vacina recebida) \u00e9 de 47,1%. Na mesma faixa et\u00e1rias, 1,43% receberam a segunda dose ou a dose \u00fanica.<\/p>\n<p>Considerando toda a popula\u00e7\u00e3o acima de 5 anos, 86,45% recebeu uma dose e 77,82% recebeu duas doses ou a vacina de dose \u00fanica da Janssen.<\/p>\n<p>Mesmo quem recebeu as duas doses ou uma dose da vacina da Janssen deve manter cuidados b\u00e1sicos, como uso de m\u00e1scara e distanciamento social, afirmam especialistas.<\/p>\n<p>A iniciativa do cons\u00f3rcio de ve\u00edculos de imprensa ocorreu em resposta \u00e0s atitudes do governo Jair Bolsonaro (PL), que amea\u00e7ou sonegar dados, atrasou boletins sobre a doen\u00e7a e tirou informa\u00e7\u00f5es do ar, com a interrup\u00e7\u00e3o da divulga\u00e7\u00e3o dos totais de casos e mortes. Al\u00e9m disso, o governo divulgou dados conflitantes.<\/p>\n<p>FolhaPress<\/p>\n","protected":false},"excerpt":{"rendered":"<p>O Brasil registrou 219 mortes por Covid e 15.810 casos da doen\u00e7a, neste domingo (6). Com isso, o pa\u00eds chega a 652.207 mortes e 29.045.946 casos registrados de Covid-19 desde o in\u00edcio da pandemia. As m\u00e9dias m\u00f3veis de mortes e de casos permanecem em queda, em rela\u00e7\u00e3o aos dados de duas semanas atr\u00e1s. A m\u00e9dia de \u00f3bitos agora \u00e9 de 430, redu\u00e7\u00e3o de 48%, e a de infec\u00e7\u00f5es \u00e9 de 40.161, queda de 60%. O recurso estat\u00edstico que busca amenizar varia\u00e7\u00f5es nos dados, como os que costumam acontecer aos finais de semana e feriados, \u00e9 calculado pela soma das mortes dos \u00faltimos sete dias e pela divis\u00e3o do resultado por sete. Os dados do pa\u00eds, coletados at\u00e9 20h, s\u00e3o fruto de colabora\u00e7\u00e3o entre Folha, UOL, O Estado de S. Paulo, Extra, O Globo e G1 para reunir e divulgar os n\u00fameros relativos \u00e0 pandemia do novo coronav\u00edrus. As informa\u00e7\u00f5es s\u00e3o recolhidas pelo cons\u00f3rcio de ve\u00edculos de imprensa diariamente com as Secretarias de Sa\u00fade estaduais. Os dados da vacina\u00e7\u00e3o contra a Covid-19, tamb\u00e9m coletados pelo cons\u00f3rcio, foram atualizados em 18 estados. O cons\u00f3rcio de ve\u00edculos de imprensa recentemente atualizou os n\u00fameros de popula\u00e7\u00e3o brasileira usados para calcular o percentual de pessoas vacinadas no pa\u00eds. Agora, os dados usados s\u00e3o a proje\u00e7\u00e3o do IBGE (Instituto Brasileiro de Geografia e Estat\u00edstica) para 2022. Todos os n\u00fameros passam a ser calculados de acordo com esses valores, inclusive os do ano passado. Por isso, os percentuais de pessoas vacinadas podem apresentar alguma diverg\u00eancia em rela\u00e7\u00e3o aos n\u00fameros publicados anteriormente. O Brasil registrou 187.551 doses de vacinas contra Covid-19, neste domingo. De acordo com dados das secretarias estaduais de Sa\u00fade, foram 47.532 primeiras doses, 28.763 segundas doses. Al\u00e9m disso, foram registradas 507 doses \u00fanicas e 110.749 doses de refor\u00e7o. Ao todo, 173.038.399 pessoas receberam pelo menos a primeira dose de uma vacina contra a Covid no Brasil. J\u00e1 s\u00e3o 155.757.233 pessoas com as duas doses ou com uma dose da vacina da Janssen. Quanto \u00e0s doses de refor\u00e7o, foram aplicadas 66.074.186. Assim, o pa\u00eds j\u00e1 tem 80,55% da popula\u00e7\u00e3o com a 1\u00aa dose e 72,5% dos brasileiros com as duas doses ou com uma dose da vacina da Janssen, e 30,76% da popula\u00e7\u00e3o com refor\u00e7o vacinal. O cons\u00f3rcio come\u00e7ou a fazer tamb\u00e9m o registro das doses de vacinas aplicadas em crian\u00e7as. A popula\u00e7\u00e3o de 5 a 11 anos parcialmente imunizada (com somente a primeira dose de vacina recebida) \u00e9 de 47,1%. Na mesma faixa et\u00e1rias, 1,43% receberam a segunda dose ou a dose \u00fanica. Considerando toda a popula\u00e7\u00e3o acima de 5 anos, 86,45% recebeu uma dose e 77,82% recebeu duas doses ou a vacina de dose \u00fanica da Janssen. Mesmo quem recebeu as duas doses ou uma dose da vacina da Janssen deve manter cuidados b\u00e1sicos, como uso de m\u00e1scara e distanciamento social, afirmam especialistas. A iniciativa do cons\u00f3rcio de ve\u00edculos de imprensa ocorreu em resposta \u00e0s atitudes do governo Jair Bolsonaro (PL), que amea\u00e7ou sonegar dados, atrasou boletins sobre a doen\u00e7a e tirou informa\u00e7\u00f5es do ar, com a interrup\u00e7\u00e3o da divulga\u00e7\u00e3o dos totais de casos e mortes. Al\u00e9m disso, o governo divulgou dados conflitantes. FolhaPress<\/p>\n","protected":false},"author":6,"featured_media":242490,"comment_status":"closed","ping_status":"closed","sticky":false,"template":"","format":"standard","meta":{"sfsi_plus_gutenberg_text_before_share":"","sfsi_plus_gutenberg_show_text_before_share":"","sfsi_plus_gutenberg_icon_type":"","sfsi_plus_gutenberg_icon_alignemt":"","sfsi_plus_gutenburg_max_per_row":"","footnotes":""},"categories":[123,124,50],"tags":[],"class_list":["post-242489","post","type-post","status-publish","format-standard","has-post-thumbnail","hentry","category-brasil","category-covid-19","category-destaque"],"_links":{"self":[{"href":"https:\/\/www.caririemacao.com\/1\/wp-json\/wp\/v2\/posts\/242489","targetHints":{"allow":["GET"]}}],"collection":[{"href":"https:\/\/www.caririemacao.com\/1\/wp-json\/wp\/v2\/posts"}],"about":[{"href":"https:\/\/www.caririemacao.com\/1\/wp-json\/wp\/v2\/types\/post"}],"author":[{"embeddable":true,"href":"https:\/\/www.caririemacao.com\/1\/wp-json\/wp\/v2\/users\/6"}],"replies":[{"embeddable":true,"href":"https:\/\/www.caririemacao.com\/1\/wp-json\/wp\/v2\/comments?post=242489"}],"version-history":[{"count":1,"href":"https:\/\/www.caririemacao.com\/1\/wp-json\/wp\/v2\/posts\/242489\/revisions"}],"predecessor-version":[{"id":242491,"href":"https:\/\/www.caririemacao.com\/1\/wp-json\/wp\/v2\/posts\/242489\/revisions\/242491"}],"wp:featuredmedia":[{"embeddable":true,"href":"https:\/\/www.caririemacao.com\/1\/wp-json\/wp\/v2\/media\/242490"}],"wp:attachment":[{"href":"https:\/\/www.caririemacao.com\/1\/wp-json\/wp\/v2\/media?parent=242489"}],"wp:term":[{"taxonomy":"category","embeddable":true,"href":"https:\/\/www.caririemacao.com\/1\/wp-json\/wp\/v2\/categories?post=242489"},{"taxonomy":"post_tag","embeddable":true,"href":"https:\/\/www.caririemacao.com\/1\/wp-json\/wp\/v2\/tags?post=242489"}],"curies":[{"name":"wp","href":"https:\/\/api.w.org\/{rel}","templated":true}]}}