{"id":242495,"date":"2022-03-07T07:20:53","date_gmt":"2022-03-07T10:20:53","guid":{"rendered":"https:\/\/www.caririemacao.com\/1\/?p=242495"},"modified":"2022-03-07T07:20:53","modified_gmt":"2022-03-07T10:20:53","slug":"exames-apontam-quatro-doencas-como-possiveis-causas-para-morte-da-cantora-paulinha-abelha","status":"publish","type":"post","link":"https:\/\/www.caririemacao.com\/1\/2022\/03\/07\/exames-apontam-quatro-doencas-como-possiveis-causas-para-morte-da-cantora-paulinha-abelha\/","title":{"rendered":"Exames apontam quatro doen\u00e7as como poss\u00edveis causas para morte da cantora Paulinha Abelha"},"content":{"rendered":"<p>Os laudos da morte da cantora Paulinha Abelha, do Calcinha Preta, apontam quatro doen\u00e7as como poss\u00edveis causas do falecimento: meningoencefalite, hipertens\u00e3o craniana, insufici\u00eancia renal aguda e hepatite. As informa\u00e7\u00f5es dos exames foram reveladas pelo &#8216;Domingo Espetacular&#8217; neste domingo (6).<\/p>\n<p>A origem da meningoencefalite, que \u00e9 uma inflama\u00e7\u00e3o do c\u00e9rebro e das membranas que o revestem, ainda \u00e9 investigada. Al\u00e9m do laudo tamb\u00e9m foram exibidos exames toxicol\u00f3gicos da artista que indicaram a presen\u00e7a de diversas subst\u00e2ncias como anfetaminas e barbit\u00faricos. A possibilidade de uma hepatite medicamentosa n\u00e3o foi descartada e segue em investiga\u00e7\u00e3o.<\/p>\n<p>O atestado de \u00f3bito da artista apontava para &#8220;comprometimento multissist\u00eamico&#8221; como causa, mas em coletiva de imprensa os m\u00e9dicos n\u00e3o descartaram a possibilidade de intoxica\u00e7\u00e3o hep\u00e1tica gerada por medicamentos para perder peso.<\/p>\n<p>Paulinha Abelha faleceu em 23 de fevereiro, aos 43 anos. Ela estava internada em um hospital de Aracaju (SE) desde 11 de fevereiro.<\/p>\n<p>Terra<\/p>\n","protected":false},"excerpt":{"rendered":"<p>Os laudos da morte da cantora Paulinha Abelha, do Calcinha Preta, apontam quatro doen\u00e7as como poss\u00edveis causas do falecimento: meningoencefalite, hipertens\u00e3o craniana, insufici\u00eancia renal aguda e hepatite. As informa\u00e7\u00f5es dos exames foram reveladas pelo &#8216;Domingo Espetacular&#8217; neste domingo (6). A origem da meningoencefalite, que \u00e9 uma inflama\u00e7\u00e3o do c\u00e9rebro e das membranas que o revestem, ainda \u00e9 investigada. Al\u00e9m do laudo tamb\u00e9m foram exibidos exames toxicol\u00f3gicos da artista que indicaram a presen\u00e7a de diversas subst\u00e2ncias como anfetaminas e barbit\u00faricos. A possibilidade de uma hepatite medicamentosa n\u00e3o foi descartada e segue em investiga\u00e7\u00e3o. O atestado de \u00f3bito da artista apontava para &#8220;comprometimento multissist\u00eamico&#8221; como causa, mas em coletiva de imprensa os m\u00e9dicos n\u00e3o descartaram a possibilidade de intoxica\u00e7\u00e3o hep\u00e1tica gerada por medicamentos para perder peso. Paulinha Abelha faleceu em 23 de fevereiro, aos 43 anos. Ela estava internada em um hospital de Aracaju (SE) desde 11 de fevereiro. Terra<\/p>\n","protected":false},"author":6,"featured_media":242496,"comment_status":"closed","ping_status":"closed","sticky":false,"template":"","format":"standard","meta":{"sfsi_plus_gutenberg_text_before_share":"","sfsi_plus_gutenberg_show_text_before_share":"","sfsi_plus_gutenberg_icon_type":"","sfsi_plus_gutenberg_icon_alignemt":"","sfsi_plus_gutenburg_max_per_row":"","footnotes":""},"categories":[2],"tags":[],"class_list":["post-242495","post","type-post","status-publish","format-standard","has-post-thumbnail","hentry","category-geral"],"_links":{"self":[{"href":"https:\/\/www.caririemacao.com\/1\/wp-json\/wp\/v2\/posts\/242495","targetHints":{"allow":["GET"]}}],"collection":[{"href":"https:\/\/www.caririemacao.com\/1\/wp-json\/wp\/v2\/posts"}],"about":[{"href":"https:\/\/www.caririemacao.com\/1\/wp-json\/wp\/v2\/types\/post"}],"author":[{"embeddable":true,"href":"https:\/\/www.caririemacao.com\/1\/wp-json\/wp\/v2\/users\/6"}],"replies":[{"embeddable":true,"href":"https:\/\/www.caririemacao.com\/1\/wp-json\/wp\/v2\/comments?post=242495"}],"version-history":[{"count":1,"href":"https:\/\/www.caririemacao.com\/1\/wp-json\/wp\/v2\/posts\/242495\/revisions"}],"predecessor-version":[{"id":242497,"href":"https:\/\/www.caririemacao.com\/1\/wp-json\/wp\/v2\/posts\/242495\/revisions\/242497"}],"wp:featuredmedia":[{"embeddable":true,"href":"https:\/\/www.caririemacao.com\/1\/wp-json\/wp\/v2\/media\/242496"}],"wp:attachment":[{"href":"https:\/\/www.caririemacao.com\/1\/wp-json\/wp\/v2\/media?parent=242495"}],"wp:term":[{"taxonomy":"category","embeddable":true,"href":"https:\/\/www.caririemacao.com\/1\/wp-json\/wp\/v2\/categories?post=242495"},{"taxonomy":"post_tag","embeddable":true,"href":"https:\/\/www.caririemacao.com\/1\/wp-json\/wp\/v2\/tags?post=242495"}],"curies":[{"name":"wp","href":"https:\/\/api.w.org\/{rel}","templated":true}]}}