{"id":242731,"date":"2022-03-10T00:06:24","date_gmt":"2022-03-10T03:06:24","guid":{"rendered":"https:\/\/www.caririemacao.com\/1\/?p=242731"},"modified":"2022-03-10T00:09:40","modified_gmt":"2022-03-10T03:09:40","slug":"camara-de-sume-realiza-sessao-itinerante-no-distrito-de-pio-x","status":"publish","type":"post","link":"https:\/\/www.caririemacao.com\/1\/2022\/03\/10\/camara-de-sume-realiza-sessao-itinerante-no-distrito-de-pio-x\/","title":{"rendered":"C\u00e2mara de Sum\u00e9 realiza sess\u00e3o itinerante no Distrito de Pio X"},"content":{"rendered":"<div class=\"cxmmr5t8 oygrvhab hcukyx3x c1et5uql o9v6fnle ii04i59q\">\n<div dir=\"auto\">Como forma de aproximar os vereadores da popula\u00e7\u00e3o, a C\u00e2mara de Vereadores de Sum\u00e9, realizou nesta ter\u00e7a-feira (08), a primeira sess\u00e3o itinerante da hist\u00f3ria do Legislativo do munic\u00edpio.<\/div>\n<div dir=\"auto\"><\/div>\n<div dir=\"auto\">A reuni\u00e3o aconteceu no Distrito de Pio X e contou com uma grande participa\u00e7\u00e3o da popula\u00e7\u00e3o, que teve a oportunidade de usar a palavra para fazer questionamentos. Estiveram presentes os vereadores, o secret\u00e1rio de educa\u00e7\u00e3o do munic\u00edpio, Bonilson Timot\u00e9o, e os servidores da Secretaria de Assist\u00eancia Social, Edson Cavalcante e Francismere Passos, que divulgaram a campanha de destina\u00e7\u00e3o de imposto de renda 2022 para o Fundo Municipal da Crian\u00e7a e do Adolescente.<\/div>\n<div dir=\"auto\"><\/div>\n<div dir=\"auto\">Durante o encontro, a C\u00e2mara Municipal atrav\u00e9s de iniciativa do presidente Ant\u00f4nio Carlos, homenageou mulheres da regi\u00e3o do Pio X, do munic\u00edpio e as servidoras da Casa C\u00edcero Soares, em alus\u00e3o ao Dia Internacional da Mulher. Ant\u00f4nio Carlos presenteou tamb\u00e9m os vereadores, em reconhecimento ao trabalho prestado ao povo de Sum\u00e9.<\/div>\n<div dir=\"auto\"><\/div>\n<div dir=\"auto\">\u201cUma noite inesquec\u00edvel, de grande participa\u00e7\u00e3o popular, assuntos debatidos e de homenagens, uma sess\u00e3o que superou as expectativas\u201d, afirmou.<\/div>\n<\/div>\n<div dir=\"auto\"><\/div>\n<div dir=\"auto\"><img decoding=\"async\" src=\"https:\/\/scontent.fcpv17-1.fna.fbcdn.net\/v\/t39.30808-6\/275374737_2362277537247106_1697770613652900892_n.jpg?_nc_cat=105&amp;ccb=1-5&amp;_nc_sid=730e14&amp;_nc_eui2=AeGtG0w2HmIf2Jsdfl5oaAuKxJgw6_twzHbEmDDr-3DMdl9dVON1-qDzvC2RcPdJs3QUp4itcpN7ERo9nk3PPHg5&amp;_nc_ohc=cWRf-B-XC_YAX-MP8PX&amp;_nc_ht=scontent.fcpv17-1.fna&amp;oh=00_AT-OcfcYG7HPUx2z2fCLBTmSjJ9BdELvdlEABi1xQJRE6A&amp;oe=622EC224\" alt=\"Pode ser uma imagem de 5 pessoas e pessoas em p\u00e9\" \/><\/div>\n<div dir=\"auto\"><\/div>\n<div dir=\"auto\">\n<p>A C\u00e2mara de Vereadores de Sum\u00e9 realizou nesta ter\u00e7a-feira (08), no Distrito de Pio X, a primeira sess\u00e3o itinerante da hist\u00f3ria do Legislativo do munic\u00edpio.<\/p>\n<p>Foi aprovado o Projeto de Lei de autoria do Poder Executivo, que altera o quantitativo do cargo de T\u00e9cnico em Sa\u00fade Bucal, constante do Anexo I, da Lei n\u00ba. 1.217\/2017, de 11 de maio de 2017, que passar\u00e1 a viger com 11 vagas.<\/p>\n<p>Os vereadores aprovaram ainda, o Projeto de Lei que disp\u00f5e sobre o reajuste salarial dos servidores efetivos da C\u00e2mara Municipal.<\/p>\n<\/div>\n<div dir=\"auto\"><\/div>\n<div dir=\"auto\"><img fetchpriority=\"high\" decoding=\"async\" class=\"aligncenter\" src=\"https:\/\/scontent.fcpv17-1.fna.fbcdn.net\/v\/t39.30808-6\/275363602_2362279030580290_6993153388381058945_n.jpg?_nc_cat=103&amp;ccb=1-5&amp;_nc_sid=730e14&amp;_nc_eui2=AeH4KOZ_-4ngVRuuV6LQuPJqUSEXVtR_ElxRIRdW1H8SXLZJwO0x2It7ajToHEMDRTfH21VPiMj4pBbo7iT4hyGB&amp;_nc_ohc=PfLlHl2KsVIAX9nrFDd&amp;_nc_ht=scontent.fcpv17-1.fna&amp;oh=00_AT-L6zrJUMy-Ogr24-Gq7fxbiGXGQy2aKBb3eoq1QQy-5Q&amp;oe=622F0058\" alt=\"Pode ser uma imagem de 1 pessoa, em p\u00e9 e \u00e1rea interna\" width=\"798\" height=\"707\" \/><\/div>\n<div dir=\"auto\"><\/div>\n<div dir=\"auto\">\n<p>A C\u00e2mara de Vereadores de Sum\u00e9 realizou nesta ter\u00e7a-feira (08), no Distrito de Pio X, a primeira sess\u00e3o itinerante da hist\u00f3ria do Legislativo do munic\u00edpio.<\/p>\n<p>Foi aprovado o Projeto de Lei de autoria do vereador Jos\u00e9 Ant\u00f4nio, que denomina a Passagem Molhada do S\u00edtio Riacho das Porteiras de Jos\u00e9 Alexandre da Silva, localizado no S\u00edtio Riacho das Porteiras, zona rural do munic\u00edpio.<\/p>\n<p>Tamb\u00e9m foi aprovado o Projeto de Lei de autoria do vereador Jos\u00e9 Ant\u00f4nio, que denomina a Adutora Bartolomeu Divino Ferreira, localizado no S\u00edtio Pau D\u2019arco \/ Cai\u00e7ara, zona rural de Sum\u00e9.<\/p>\n<\/div>\n<div dir=\"auto\"><\/div>\n<div dir=\"auto\"><img decoding=\"async\" src=\"https:\/\/scontent.fcpv17-1.fna.fbcdn.net\/v\/t39.30808-6\/275326616_2362279973913529_2125908280991238418_n.jpg?_nc_cat=109&amp;ccb=1-5&amp;_nc_sid=730e14&amp;_nc_eui2=AeHzrmVC3NHfefUX-A3V7512zJ3vm_AP8srMne-b8A_yyle_J-vSuhZEroauTxPdAcPhKjkbpXJfOOHbiOqIVP21&amp;_nc_ohc=u39qHuDz0xcAX-mAUgI&amp;_nc_ht=scontent.fcpv17-1.fna&amp;oh=00_AT9mKfshPP9uyn8y4DQBb90maTtEK7Tkl86M2l81gBt9RA&amp;oe=622DFD70\" alt=\"Pode ser uma imagem de 1 pessoa, sentada, em p\u00e9 e \u00e1rea interna\" \/><\/div>\n<div dir=\"auto\"><\/div>\n<div dir=\"auto\">\n<p>A C\u00e2mara de Vereadores de Sum\u00e9 realizou nesta ter\u00e7a-feira (08), no Distrito de Pio X, a primeira sess\u00e3o itinerante da hist\u00f3ria do Legislativo do munic\u00edpio.<\/p>\n<p>Foi aprovado o Projeto de resolu\u00e7\u00e3o de autoria do vereador Daniel L\u00eala, que concede o T\u00edtulo de Cidad\u00e3 Sumeense a Senhora Maria da Concei\u00e7\u00e3o Saraiva das Chagas.<\/p>\n<p>Daniel apresentou ainda, voto de aplauso ao estudante Renan Balbino, em prol do resultado da nota de reda\u00e7\u00e3o do Exame Nacional do Ensino M\u00e9dio \u2013 Enem 2021, o qual conseguiu atingir 980 pontos.<\/p>\n<\/div>\n<div dir=\"auto\"><\/div>\n<div dir=\"auto\"><img decoding=\"async\" src=\"https:\/\/scontent.fcpv17-1.fna.fbcdn.net\/v\/t39.30808-6\/275293110_2362280810580112_7968361073165632073_n.jpg?_nc_cat=110&amp;ccb=1-5&amp;_nc_sid=730e14&amp;_nc_eui2=AeHuZtYA11LVzcOtt5pS-9TAYy7iCPIcSndjLuII8hxKd9mVu1f7vdFkOE03AmhCo0LcOicbp2yaogkecUXcMC8c&amp;_nc_ohc=Ncrok3GtV7IAX-WZ-BQ&amp;tn=M3PalzhL4Zux50J9&amp;_nc_ht=scontent.fcpv17-1.fna&amp;oh=00_AT8fbiXS9DVOmnjzSnf4UmlzUdsbPG5Qf5PZSn2nBzSbWw&amp;oe=622E7D92\" alt=\"Pode ser uma imagem de 1 pessoa, barba e em p\u00e9\" \/><\/div>\n<div dir=\"auto\"><\/div>\n<div dir=\"auto\">\n<p>A C\u00e2mara de Vereadores de Sum\u00e9 realizou nesta ter\u00e7a-feira (08), no Distrito de Pio X, a primeira sess\u00e3o itinerante da hist\u00f3ria do Legislativo do munic\u00edpio.<\/p>\n<p>O vereador Cordeirinho apresentou requerimento solicitando que seja disponibilizado um m\u00e9dico substituto para o hospital em caso de transfer\u00eancias para dar continuidade aos atendimentos e que seja colocado refletores e telas por tr\u00e1s das traves nos campos de futebol da zona rural nas localidades: Sitio Pitombeira, S\u00edtio Concei\u00e7\u00e3o, S\u00edtio Cigana, Distrito de Pio-X.<\/p>\n<p>Cordeirinho apresentou voto de pesar Voto de Pesar a fam\u00edlia da Senhora Maria Andrea Macedo Pereira, Voto de Pesar a fam\u00edlia do Senhor Dejamilton Barbosa de Sousa e Voto de Pesar a fam\u00edlia do Senhor Vanderlei Feitosa da Silva.<\/p>\n<\/div>\n<div dir=\"auto\"><img decoding=\"async\" src=\"https:\/\/scontent.fcpv17-1.fna.fbcdn.net\/v\/t39.30808-6\/275576239_2362281960579997_3298818300833169609_n.jpg?_nc_cat=104&amp;ccb=1-5&amp;_nc_sid=730e14&amp;_nc_eui2=AeGW19CpA4CqQbolBdx_d5KTpd6EWn5Kgz6l3oRafkqDPpC1bFVyv8MN-V_BooxCpEaM2Hg5UDpApGKaJswXpaNn&amp;_nc_ohc=sOGfTlCsuZEAX-Nzyxv&amp;_nc_ht=scontent.fcpv17-1.fna&amp;oh=00_AT-qiEeQd4iLMjGRvKlSuetQ4V7M1MPIDQ9CowoU2qMnIA&amp;oe=622D8297\" alt=\"Pode ser uma imagem de 1 pessoa, em p\u00e9, sentada e \u00e1rea interna\" \/><\/div>\n<div dir=\"auto\"><\/div>\n<div dir=\"auto\">\n<p>A C\u00e2mara de Vereadores de Sum\u00e9 realizou nesta ter\u00e7a-feira (08), no Distrito de Pio X, a primeira sess\u00e3o itinerante da hist\u00f3ria do Legislativo do munic\u00edpio.<\/p>\n<p>O vereador Francisco Fontinele apresentou Voto de Pesar a fam\u00edlia do Senhor Vanderlei Feitosa da Silva e Voto de Pesar a Fam\u00edlia da Senhora Alcinda Medeiros de Freitas.<\/p>\n<p>Fontinele requereu a constru\u00e7\u00e3o de um ponto de \u00f4nibus na PB 214 em frente ao Assentamento C\u00edcero Severo. Tendo em vista a necessidade dos moradores e estudantes.<\/p>\n<p>Solicitou ainda, a disponibiliza\u00e7\u00e3o de ve\u00edculo para transportar alunos sumeenses matriculados no Regime Integral \u2013 IFPB (Campus Monteiro), e que seja forrado a parte do refeit\u00f3rio, hall que d\u00e1 acesso aos banheiros e os banheiros na Escola Manoel In\u00e1cio da Silva, localizado no S\u00edtio Po\u00e7o da Pedra.<\/p>\n<\/div>\n<div dir=\"auto\"><\/div>\n<div dir=\"auto\"><img decoding=\"async\" src=\"https:\/\/scontent.fcpv17-1.fna.fbcdn.net\/v\/t39.30808-6\/275303660_2362282557246604_2010746071859836053_n.jpg?_nc_cat=100&amp;ccb=1-5&amp;_nc_sid=730e14&amp;_nc_eui2=AeGHPNHLE0xYP4m9BO-M6UUXIYEKGlP344ohgQoaU_fjig5GNbn0L1MXcSEy8xuIPvOx-zuCyV9wQaMxq7pcsBai&amp;_nc_ohc=6DKWeTp2G9gAX8qaNu4&amp;_nc_ht=scontent.fcpv17-1.fna&amp;oh=00_AT--0DDaBbXMXPnKAUw0RX9RjWpxZ1gb-uVt-27WZlAH9A&amp;oe=622E8222\" alt=\"Pode ser uma imagem de 1 pessoa, em p\u00e9, rel\u00f3gio de pulso e \u00e1rea interna\" \/><\/div>\n<div dir=\"auto\"><\/div>\n<div dir=\"auto\">\n<p>A C\u00e2mara de Vereadores de Sum\u00e9 realizou nesta ter\u00e7a-feira (08), no Distrito de Pio X, a primeira sess\u00e3o itinerante da hist\u00f3ria do Legislativo do munic\u00edpio.<\/p>\n<p>O vereador Dida Alves apresentou requerimento solicitando a constru\u00e7\u00e3o de quatro portais nos sentidos Campina Grande, Monteiro, Congo e Amparo. O vereador apresentou Voto de Pesar a fam\u00edlia de Jurandir Soares da Silva.<\/p>\n<p><img decoding=\"async\" src=\"https:\/\/scontent.fcpv17-1.fna.fbcdn.net\/v\/t39.30808-6\/275112892_2362283103913216_6796865407448119291_n.jpg?_nc_cat=109&amp;ccb=1-5&amp;_nc_sid=730e14&amp;_nc_eui2=AeH6UiBO24TwSFF_FwnTtcQpMs8qE-CLTLEyzyoT4ItMsSasLqwIgFIElXjwDTSSPWQ0MKvmm1E15jjNRo4BFGzp&amp;_nc_ohc=BaJ56Ye2U5kAX__mWLg&amp;tn=M3PalzhL4Zux50J9&amp;_nc_ht=scontent.fcpv17-1.fna&amp;oh=00_AT96op-V3hYGEvkFgF3wUAdFIwCj19GgqBA1ozQI0coHig&amp;oe=622E94E5\" alt=\"Pode ser uma imagem de 1 pessoa, sentada e \u00e1rea interna\" \/><\/p>\n<\/div>\n<div dir=\"auto\">\n<p>A C\u00e2mara de Vereadores de Sum\u00e9 realizou nesta ter\u00e7a-feira (08), no Distrito de Pio X, a primeira sess\u00e3o itinerante da hist\u00f3ria do Legislativo do munic\u00edpio.<\/p>\n<p>O vereador Dami\u00e3o do Pio X apresentou Voto de Pesar a Fam\u00edlia do Senhor Sebasti\u00e3o Jos\u00e9 Ara\u00fajo, Voto de Pesar a Fam\u00edlia do Senhor Osvaldo Soares Silva, Voto de Pesar a Fam\u00edlia do Senhor Gilliard Alves de Siqueira (Gil ACS), subscrito pelo vereador Cordeirinho e Voto de Pesar a Fam\u00edlia da Senhora Francisca Josefa do Nascimento.<\/p>\n<p>Dami\u00e3o apresentou requerimento solicitando o cal\u00e7amento na rua em frente da Escola no Distrito de Pio X com constru\u00e7\u00e3o de rampa de acessibilidade.<\/p>\n<p>O vereador apresentou Voto de Aplauso ao Senhor Zenilton Mac\u00eado de Ara\u00fajo pelo encerramento com excel\u00eancia e dedica\u00e7\u00e3o de sua carreira como Professor Municipal da Escola Jos\u00e9 Bonif\u00e1cio de Sousa.<\/p>\n<\/div>\n<div dir=\"auto\"><img decoding=\"async\" src=\"https:\/\/scontent.fcpv17-1.fna.fbcdn.net\/v\/t39.30808-6\/275362198_2362283763913150_7451125824643031719_n.jpg?_nc_cat=100&amp;ccb=1-5&amp;_nc_sid=730e14&amp;_nc_eui2=AeEc0kUi5QgJXoieOl3EtznU29yuCplw9cPb3K4KmXD1w3MukHRQofJCcY6DSIV6_qOd8WSHOMi6nZwV_cGTjR_A&amp;_nc_ohc=hVWurVsGfQEAX_o1TTJ&amp;_nc_ht=scontent.fcpv17-1.fna&amp;oh=00_AT8tJpagz3wReKFhxUlQhb8mVfVm81PWU0h1fVTiWqse_A&amp;oe=622D9F3C\" alt=\"Pode ser uma imagem de 2 pessoas, pessoas sentadas, pessoas em p\u00e9 e \u00e1rea interna\" \/><\/div>\n<div dir=\"auto\"><\/div>\n<div dir=\"auto\">\n<p>A C\u00e2mara de Vereadores de Sum\u00e9 realizou nesta ter\u00e7a-feira (08), no Distrito de Pio X, a primeira sess\u00e3o itinerante da hist\u00f3ria do Legislativo do munic\u00edpio.<\/p>\n<p>O vereador Ivandro Produ\u00e7\u00f5es solicitou que seja notificado o \u00f3rg\u00e3o competente respons\u00e1vel pelo terreno da antiga Telpa para que seja feito a limpeza do terreno em car\u00e1ter de urg\u00eancia.<\/p>\n<p><img decoding=\"async\" src=\"https:\/\/scontent.fcpv17-1.fna.fbcdn.net\/v\/t39.30808-6\/275365334_2362284387246421_6506553966481198237_n.jpg?_nc_cat=106&amp;ccb=1-5&amp;_nc_sid=730e14&amp;_nc_eui2=AeE1Z6OakuTKpyKxFwoqYldLv6hGZ8I7V5y_qEZnwjtXnMatdQ4Rvy6NOpNaxFSzrx1SoHYjFYpoiGOk7nGxONIy&amp;_nc_ohc=ILAP2rxEG3UAX8UIxpG&amp;_nc_ht=scontent.fcpv17-1.fna&amp;oh=00_AT_ET4eIxzKipt_JYrvSYtD2OEQcruueGRHMB7Ee_4Yh1w&amp;oe=622F0513\" alt=\"Pode ser uma imagem de 1 pessoa e em p\u00e9\" \/><\/p>\n<\/div>\n<div dir=\"auto\">\n<p>A C\u00e2mara de Vereadores de Sum\u00e9 realizou nesta ter\u00e7a-feira (08), no Distrito de Pio X, a primeira sess\u00e3o itinerante da hist\u00f3ria do Legislativo do munic\u00edpio.<\/p>\n<p>O vereador Ant\u00f4nio Carlos apresentou Voto de Pesar a Fam\u00edlia da Senhora Suzete Fernandes de Oliveira e Voto de Pesar a Fam\u00edlia da Senhora Dulce Batista Gon\u00e7alves,<\/p>\n<\/div>\n<div dir=\"auto\"><\/div>\n<div dir=\"auto\"><\/div>\n<div dir=\"auto\"><\/div>\n<div dir=\"auto\"><\/div>\n<div dir=\"auto\"><\/div>\n","protected":false},"excerpt":{"rendered":"<p>Como forma de aproximar os vereadores da popula\u00e7\u00e3o, a C\u00e2mara de Vereadores de Sum\u00e9, realizou nesta ter\u00e7a-feira (08), a primeira sess\u00e3o itinerante da hist\u00f3ria do Legislativo do munic\u00edpio. A reuni\u00e3o aconteceu no Distrito de Pio X e contou com uma grande participa\u00e7\u00e3o da popula\u00e7\u00e3o, que teve a oportunidade de usar a palavra para fazer questionamentos. Estiveram presentes os vereadores, o secret\u00e1rio de educa\u00e7\u00e3o do munic\u00edpio, Bonilson Timot\u00e9o, e os servidores da Secretaria de Assist\u00eancia Social, Edson Cavalcante e Francismere Passos, que divulgaram a campanha de destina\u00e7\u00e3o de imposto de renda 2022 para o Fundo Municipal da Crian\u00e7a e do Adolescente. Durante o encontro, a C\u00e2mara Municipal atrav\u00e9s de iniciativa do presidente Ant\u00f4nio Carlos, homenageou mulheres da regi\u00e3o do Pio X, do munic\u00edpio e as servidoras da Casa C\u00edcero Soares, em alus\u00e3o ao Dia Internacional da Mulher. Ant\u00f4nio Carlos presenteou tamb\u00e9m os vereadores, em reconhecimento ao trabalho prestado ao povo de Sum\u00e9. \u201cUma noite inesquec\u00edvel, de grande participa\u00e7\u00e3o popular, assuntos debatidos e de homenagens, uma sess\u00e3o que superou as expectativas\u201d, afirmou. A C\u00e2mara de Vereadores de Sum\u00e9 realizou nesta ter\u00e7a-feira (08), no Distrito de Pio X, a primeira sess\u00e3o itinerante da hist\u00f3ria do Legislativo do munic\u00edpio. Foi aprovado o Projeto de Lei de autoria do Poder Executivo, que altera o quantitativo do cargo de T\u00e9cnico em Sa\u00fade Bucal, constante do Anexo I, da Lei n\u00ba. 1.217\/2017, de 11 de maio de 2017, que passar\u00e1 a viger com 11 vagas. Os vereadores aprovaram ainda, o Projeto de Lei que disp\u00f5e sobre o reajuste salarial dos servidores efetivos da C\u00e2mara Municipal. A C\u00e2mara de Vereadores de Sum\u00e9 realizou nesta ter\u00e7a-feira (08), no Distrito de Pio X, a primeira sess\u00e3o itinerante da hist\u00f3ria do Legislativo do munic\u00edpio. Foi aprovado o Projeto de Lei de autoria do vereador Jos\u00e9 Ant\u00f4nio, que denomina a Passagem Molhada do S\u00edtio Riacho das Porteiras de Jos\u00e9 Alexandre da Silva, localizado no S\u00edtio Riacho das Porteiras, zona rural do munic\u00edpio. Tamb\u00e9m foi aprovado o Projeto de Lei de autoria do vereador Jos\u00e9 Ant\u00f4nio, que denomina a Adutora Bartolomeu Divino Ferreira, localizado no S\u00edtio Pau D\u2019arco \/ Cai\u00e7ara, zona rural de Sum\u00e9. A C\u00e2mara de Vereadores de Sum\u00e9 realizou nesta ter\u00e7a-feira (08), no Distrito de Pio X, a primeira sess\u00e3o itinerante da hist\u00f3ria do Legislativo do munic\u00edpio. Foi aprovado o Projeto de resolu\u00e7\u00e3o de autoria do vereador Daniel L\u00eala, que concede o T\u00edtulo de Cidad\u00e3 Sumeense a Senhora Maria da Concei\u00e7\u00e3o Saraiva das Chagas. Daniel apresentou ainda, voto de aplauso ao estudante Renan Balbino, em prol do resultado da nota de reda\u00e7\u00e3o do Exame Nacional do Ensino M\u00e9dio \u2013 Enem 2021, o qual conseguiu atingir 980 pontos. A C\u00e2mara de Vereadores de Sum\u00e9 realizou nesta ter\u00e7a-feira (08), no Distrito de Pio X, a primeira sess\u00e3o itinerante da hist\u00f3ria do Legislativo do munic\u00edpio. O vereador Cordeirinho apresentou requerimento solicitando que seja disponibilizado um m\u00e9dico substituto para o hospital em caso de transfer\u00eancias para dar continuidade aos atendimentos e que seja colocado refletores e telas por tr\u00e1s das traves nos campos de futebol da zona rural nas localidades: Sitio Pitombeira, S\u00edtio Concei\u00e7\u00e3o, S\u00edtio Cigana, Distrito de Pio-X. Cordeirinho apresentou voto de pesar Voto de Pesar a fam\u00edlia da Senhora Maria Andrea Macedo Pereira, Voto de Pesar a fam\u00edlia do Senhor Dejamilton Barbosa de Sousa e Voto de Pesar a fam\u00edlia do Senhor Vanderlei Feitosa da Silva. A C\u00e2mara de Vereadores de Sum\u00e9 realizou nesta ter\u00e7a-feira (08), no Distrito de Pio X, a primeira sess\u00e3o itinerante da hist\u00f3ria do Legislativo do munic\u00edpio. O vereador Francisco Fontinele apresentou Voto de Pesar a fam\u00edlia do Senhor Vanderlei Feitosa da Silva e Voto de Pesar a Fam\u00edlia da Senhora Alcinda Medeiros de Freitas. Fontinele requereu a constru\u00e7\u00e3o de um ponto de \u00f4nibus na PB 214 em frente ao Assentamento C\u00edcero Severo. Tendo em vista a necessidade dos moradores e estudantes. Solicitou ainda, a disponibiliza\u00e7\u00e3o de ve\u00edculo para transportar alunos sumeenses matriculados no Regime Integral \u2013 IFPB (Campus Monteiro), e que seja forrado a parte do refeit\u00f3rio, hall que d\u00e1 acesso aos banheiros e os banheiros na Escola Manoel In\u00e1cio da Silva, localizado no S\u00edtio Po\u00e7o da Pedra. A C\u00e2mara de Vereadores de Sum\u00e9 realizou nesta ter\u00e7a-feira (08), no Distrito de Pio X, a primeira sess\u00e3o itinerante da hist\u00f3ria do Legislativo do munic\u00edpio. O vereador Dida Alves apresentou requerimento solicitando a constru\u00e7\u00e3o de quatro portais nos sentidos Campina Grande, Monteiro, Congo e Amparo. O vereador apresentou Voto de Pesar a fam\u00edlia de Jurandir Soares da Silva. A C\u00e2mara de Vereadores de Sum\u00e9 realizou nesta ter\u00e7a-feira (08), no Distrito de Pio X, a primeira sess\u00e3o itinerante da hist\u00f3ria do Legislativo do munic\u00edpio. O vereador Dami\u00e3o do Pio X apresentou Voto de Pesar a Fam\u00edlia do Senhor Sebasti\u00e3o Jos\u00e9 Ara\u00fajo, Voto de Pesar a Fam\u00edlia do Senhor Osvaldo Soares Silva, Voto de Pesar a Fam\u00edlia do Senhor Gilliard Alves de Siqueira (Gil ACS), subscrito pelo vereador Cordeirinho e Voto de Pesar a Fam\u00edlia da Senhora Francisca Josefa do Nascimento. Dami\u00e3o apresentou requerimento solicitando o cal\u00e7amento na rua em frente da Escola no Distrito de Pio X com constru\u00e7\u00e3o de rampa de acessibilidade. O vereador apresentou Voto de Aplauso ao Senhor Zenilton Mac\u00eado de Ara\u00fajo pelo encerramento com excel\u00eancia e dedica\u00e7\u00e3o de sua carreira como Professor Municipal da Escola Jos\u00e9 Bonif\u00e1cio de Sousa. A C\u00e2mara de Vereadores de Sum\u00e9 realizou nesta ter\u00e7a-feira (08), no Distrito de Pio X, a primeira sess\u00e3o itinerante da hist\u00f3ria do Legislativo do munic\u00edpio. O vereador Ivandro Produ\u00e7\u00f5es solicitou que seja notificado o \u00f3rg\u00e3o competente respons\u00e1vel pelo terreno da antiga Telpa para que seja feito a limpeza do terreno em car\u00e1ter de urg\u00eancia. A C\u00e2mara de Vereadores de Sum\u00e9 realizou nesta ter\u00e7a-feira (08), no Distrito de Pio X, a primeira sess\u00e3o itinerante da hist\u00f3ria do Legislativo do munic\u00edpio. O vereador Ant\u00f4nio Carlos apresentou Voto de Pesar a Fam\u00edlia da Senhora Suzete Fernandes de Oliveira e Voto de Pesar a Fam\u00edlia da Senhora Dulce Batista Gon\u00e7alves,<\/p>\n","protected":false},"author":6,"featured_media":242732,"comment_status":"closed","ping_status":"closed","sticky":false,"template":"","format":"standard","meta":{"sfsi_plus_gutenberg_text_before_share":"","sfsi_plus_gutenberg_show_text_before_share":"","sfsi_plus_gutenberg_icon_type":"","sfsi_plus_gutenberg_icon_alignemt":"","sfsi_plus_gutenburg_max_per_row":"","footnotes":""},"categories":[95],"tags":[],"class_list":["post-242731","post","type-post","status-publish","format-standard","has-post-thumbnail","hentry","category-sume"],"_links":{"self":[{"href":"https:\/\/www.caririemacao.com\/1\/wp-json\/wp\/v2\/posts\/242731","targetHints":{"allow":["GET"]}}],"collection":[{"href":"https:\/\/www.caririemacao.com\/1\/wp-json\/wp\/v2\/posts"}],"about":[{"href":"https:\/\/www.caririemacao.com\/1\/wp-json\/wp\/v2\/types\/post"}],"author":[{"embeddable":true,"href":"https:\/\/www.caririemacao.com\/1\/wp-json\/wp\/v2\/users\/6"}],"replies":[{"embeddable":true,"href":"https:\/\/www.caririemacao.com\/1\/wp-json\/wp\/v2\/comments?post=242731"}],"version-history":[{"count":3,"href":"https:\/\/www.caririemacao.com\/1\/wp-json\/wp\/v2\/posts\/242731\/revisions"}],"predecessor-version":[{"id":242735,"href":"https:\/\/www.caririemacao.com\/1\/wp-json\/wp\/v2\/posts\/242731\/revisions\/242735"}],"wp:featuredmedia":[{"embeddable":true,"href":"https:\/\/www.caririemacao.com\/1\/wp-json\/wp\/v2\/media\/242732"}],"wp:attachment":[{"href":"https:\/\/www.caririemacao.com\/1\/wp-json\/wp\/v2\/media?parent=242731"}],"wp:term":[{"taxonomy":"category","embeddable":true,"href":"https:\/\/www.caririemacao.com\/1\/wp-json\/wp\/v2\/categories?post=242731"},{"taxonomy":"post_tag","embeddable":true,"href":"https:\/\/www.caririemacao.com\/1\/wp-json\/wp\/v2\/tags?post=242731"}],"curies":[{"name":"wp","href":"https:\/\/api.w.org\/{rel}","templated":true}]}}