{"id":242829,"date":"2022-03-11T07:34:44","date_gmt":"2022-03-11T10:34:44","guid":{"rendered":"https:\/\/www.caririemacao.com\/1\/?p=242829"},"modified":"2022-03-11T07:34:44","modified_gmt":"2022-03-11T10:34:44","slug":"brasil-registra-559-mortes-por-covid-e-mais-de-53-mil-casos-nesta-quinta-10","status":"publish","type":"post","link":"https:\/\/www.caririemacao.com\/1\/2022\/03\/11\/brasil-registra-559-mortes-por-covid-e-mais-de-53-mil-casos-nesta-quinta-10\/","title":{"rendered":"Brasil registra 559 mortes por Covid e mais de 53 mil casos nesta quinta (10)"},"content":{"rendered":"<p>O Brasil registrou 559 mortes por Covid e 53.796 casos da doen\u00e7a, nesta quinta-feira (10). Com isso, o pa\u00eds chegou 654.147 vidas perdidas e a 29.247.838 pessoas infectadas pelo Sars-CoV-2.<\/p>\n<p>Rond\u00f4nia n\u00e3o divulgou dados de Covid nesta quinta.<\/p>\n<p>As m\u00e9dias m\u00f3veis de mortes e de casos continuam em queda, em rela\u00e7\u00e3o aos dados de duas semanas atr\u00e1s. A m\u00e9dia de \u00f3bitos agora \u00e9 de 500 por dia, redu\u00e7\u00e3o de 32%. J\u00e1 a m\u00e9dia de infec\u00e7\u00f5es \u00e9 de 48.803 por dia, 44% menor.<\/p>\n<p>Os dados do pa\u00eds, coletados at\u00e9 20h, s\u00e3o fruto de colabora\u00e7\u00e3o entre Folha de S.Paulo, UOL, O Estado de S. Paulo, Extra, O Globo e G1 para reunir e divulgar os n\u00fameros relativos \u00e0 pandemia do novo coronav\u00edrus. As informa\u00e7\u00f5es s\u00e3o recolhidas pelo cons\u00f3rcio de ve\u00edculos de imprensa diariamente com as Secretarias de Sa\u00fade estaduais.<\/p>\n<p>Os dados da vacina\u00e7\u00e3o contra a Covid-19 foram afetados pelo ataque hacker ao sistema do Minist\u00e9rio da Sa\u00fade, ocorrido em dezembro, o que levou \u00e0 falta de atualiza\u00e7\u00e3o em diversos estados por longos per\u00edodos de tempo. Nesta quarta, as informa\u00e7\u00f5es foram atualizadas em 19 estados e no Distrito Federal.<\/p>\n<p>O cons\u00f3rcio de ve\u00edculos de imprensa recentemente atualizou os n\u00fameros de popula\u00e7\u00e3o brasileira usados para calcular o percentual de pessoas vacinadas no pa\u00eds. Agora, os dados usados s\u00e3o a proje\u00e7\u00e3o do IBGE (Instituto Brasileiro de Geografia e Estat\u00edstica) para 2022. Todos os n\u00fameros passam a ser calculados de acordo com esses valores, inclusive os do ano passado. Por isso, os percentuais de pessoas vacinadas podem apresentar alguma diverg\u00eancia em rela\u00e7\u00e3o aos n\u00fameros publicados anteriormente.<\/p>\n<p>O Brasil registrou 1.896.536 doses de vacinas contra Covid-19, nesta quinta. De acordo com dados das secretarias estaduais de Sa\u00fade, foram 635.410 primeiras doses e 788.468 segundas. Tamb\u00e9m foram registradas 480.615 doses de refor\u00e7o.<\/p>\n<p>As doses \u00fanicas ficaram com dados negativos (-7.957). Isso ocorreu devido a doses negativas no Cear\u00e1 (-6.384) e em Minas Gerais (-3.231).<\/p>\n<p>A Bahia tamb\u00e9m teve registro negativo, mas de primeiras doses (-1.417).<\/p>\n<p>Al\u00e9m de doses \u00fanicas, o Cear\u00e1 tamb\u00e9m registrou primeiras doses negativas (-356).<br \/>\nPor fim, o Esp\u00edrito Santo e Santa Catarina registraram valores negativos de segundas doses, respectivamente -104.072 e -1.758<\/p>\n<p>Ao todo, 174.176.783 pessoas receberam pelo menos a primeira dose de uma vacina contra a Covid no Brasil \u2013152.539.274 delas j\u00e1 receberam a segunda dose do imunizante. Somadas as doses \u00fanicas da vacina da Janssen contra a Covid, j\u00e1 s\u00e3o 157.257.686 pessoas com as duas doses ou com uma dose da vacina da Janssen.<\/p>\n<p>Assim, o pa\u00eds j\u00e1 tem 81,08% da popula\u00e7\u00e3o com a 1\u00aa dose e 73,20% dos brasileiros com as duas doses ou com uma dose da vacina da Janssen. Considerando somente a popula\u00e7\u00e3o adulta, os valores s\u00e3o, respectivamente, de 107,67% e 97,21%.<\/p>\n<p>Somente 31,81% da popula\u00e7\u00e3o tomou dose de refor\u00e7o at\u00e9 o momento.<\/p>\n<p>O cons\u00f3rcio come\u00e7ou a fazer tamb\u00e9m o registro das doses de vacinas aplicadas em crian\u00e7as. A popula\u00e7\u00e3o de 5 a 11 anos parcialmente imunizada (com somente a primeira dose de vacina recebida) \u00e9 de 50,30%. Na mesma faixa et\u00e1ria, 3,26% recebeu a segunda dose ou a dose \u00fanica.<\/p>\n<p>Considerando toda a popula\u00e7\u00e3o acima de 5 anos, 87,02% recebeu uma dose e 78,57% recebeu duas doses ou a vacina de dose \u00fanica da Janssen.<\/p>\n<p>Mesmo quem recebeu as duas doses ou uma dose da vacina da Janssen deve manter cuidados b\u00e1sicos, como uso de m\u00e1scara e distanciamento social, afirmam especialistas.<\/p>\n<p>A iniciativa do cons\u00f3rcio de ve\u00edculos de imprensa ocorreu em resposta \u00e0s atitudes do governo Jair Bolsonaro (PL), que amea\u00e7ou sonegar dados, atrasou boletins sobre a doen\u00e7a e tirou informa\u00e7\u00f5es do ar, com a interrup\u00e7\u00e3o da divulga\u00e7\u00e3o dos totais de casos e mortes. Al\u00e9m disso, o governo divulgou dados conflitantes.<\/p>\n<p>FolhaPress<\/p>\n","protected":false},"excerpt":{"rendered":"<p>O Brasil registrou 559 mortes por Covid e 53.796 casos da doen\u00e7a, nesta quinta-feira (10). Com isso, o pa\u00eds chegou 654.147 vidas perdidas e a 29.247.838 pessoas infectadas pelo Sars-CoV-2. Rond\u00f4nia n\u00e3o divulgou dados de Covid nesta quinta. As m\u00e9dias m\u00f3veis de mortes e de casos continuam em queda, em rela\u00e7\u00e3o aos dados de duas semanas atr\u00e1s. A m\u00e9dia de \u00f3bitos agora \u00e9 de 500 por dia, redu\u00e7\u00e3o de 32%. J\u00e1 a m\u00e9dia de infec\u00e7\u00f5es \u00e9 de 48.803 por dia, 44% menor. Os dados do pa\u00eds, coletados at\u00e9 20h, s\u00e3o fruto de colabora\u00e7\u00e3o entre Folha de S.Paulo, UOL, O Estado de S. Paulo, Extra, O Globo e G1 para reunir e divulgar os n\u00fameros relativos \u00e0 pandemia do novo coronav\u00edrus. As informa\u00e7\u00f5es s\u00e3o recolhidas pelo cons\u00f3rcio de ve\u00edculos de imprensa diariamente com as Secretarias de Sa\u00fade estaduais. Os dados da vacina\u00e7\u00e3o contra a Covid-19 foram afetados pelo ataque hacker ao sistema do Minist\u00e9rio da Sa\u00fade, ocorrido em dezembro, o que levou \u00e0 falta de atualiza\u00e7\u00e3o em diversos estados por longos per\u00edodos de tempo. Nesta quarta, as informa\u00e7\u00f5es foram atualizadas em 19 estados e no Distrito Federal. O cons\u00f3rcio de ve\u00edculos de imprensa recentemente atualizou os n\u00fameros de popula\u00e7\u00e3o brasileira usados para calcular o percentual de pessoas vacinadas no pa\u00eds. Agora, os dados usados s\u00e3o a proje\u00e7\u00e3o do IBGE (Instituto Brasileiro de Geografia e Estat\u00edstica) para 2022. Todos os n\u00fameros passam a ser calculados de acordo com esses valores, inclusive os do ano passado. Por isso, os percentuais de pessoas vacinadas podem apresentar alguma diverg\u00eancia em rela\u00e7\u00e3o aos n\u00fameros publicados anteriormente. O Brasil registrou 1.896.536 doses de vacinas contra Covid-19, nesta quinta. De acordo com dados das secretarias estaduais de Sa\u00fade, foram 635.410 primeiras doses e 788.468 segundas. Tamb\u00e9m foram registradas 480.615 doses de refor\u00e7o. As doses \u00fanicas ficaram com dados negativos (-7.957). Isso ocorreu devido a doses negativas no Cear\u00e1 (-6.384) e em Minas Gerais (-3.231). A Bahia tamb\u00e9m teve registro negativo, mas de primeiras doses (-1.417). Al\u00e9m de doses \u00fanicas, o Cear\u00e1 tamb\u00e9m registrou primeiras doses negativas (-356). Por fim, o Esp\u00edrito Santo e Santa Catarina registraram valores negativos de segundas doses, respectivamente -104.072 e -1.758 Ao todo, 174.176.783 pessoas receberam pelo menos a primeira dose de uma vacina contra a Covid no Brasil \u2013152.539.274 delas j\u00e1 receberam a segunda dose do imunizante. Somadas as doses \u00fanicas da vacina da Janssen contra a Covid, j\u00e1 s\u00e3o 157.257.686 pessoas com as duas doses ou com uma dose da vacina da Janssen. Assim, o pa\u00eds j\u00e1 tem 81,08% da popula\u00e7\u00e3o com a 1\u00aa dose e 73,20% dos brasileiros com as duas doses ou com uma dose da vacina da Janssen. Considerando somente a popula\u00e7\u00e3o adulta, os valores s\u00e3o, respectivamente, de 107,67% e 97,21%. Somente 31,81% da popula\u00e7\u00e3o tomou dose de refor\u00e7o at\u00e9 o momento. O cons\u00f3rcio come\u00e7ou a fazer tamb\u00e9m o registro das doses de vacinas aplicadas em crian\u00e7as. A popula\u00e7\u00e3o de 5 a 11 anos parcialmente imunizada (com somente a primeira dose de vacina recebida) \u00e9 de 50,30%. Na mesma faixa et\u00e1ria, 3,26% recebeu a segunda dose ou a dose \u00fanica. Considerando toda a popula\u00e7\u00e3o acima de 5 anos, 87,02% recebeu uma dose e 78,57% recebeu duas doses ou a vacina de dose \u00fanica da Janssen. Mesmo quem recebeu as duas doses ou uma dose da vacina da Janssen deve manter cuidados b\u00e1sicos, como uso de m\u00e1scara e distanciamento social, afirmam especialistas. A iniciativa do cons\u00f3rcio de ve\u00edculos de imprensa ocorreu em resposta \u00e0s atitudes do governo Jair Bolsonaro (PL), que amea\u00e7ou sonegar dados, atrasou boletins sobre a doen\u00e7a e tirou informa\u00e7\u00f5es do ar, com a interrup\u00e7\u00e3o da divulga\u00e7\u00e3o dos totais de casos e mortes. Al\u00e9m disso, o governo divulgou dados conflitantes. FolhaPress<\/p>\n","protected":false},"author":6,"featured_media":240589,"comment_status":"closed","ping_status":"closed","sticky":false,"template":"","format":"standard","meta":{"sfsi_plus_gutenberg_text_before_share":"","sfsi_plus_gutenberg_show_text_before_share":"","sfsi_plus_gutenberg_icon_type":"","sfsi_plus_gutenberg_icon_alignemt":"","sfsi_plus_gutenburg_max_per_row":"","footnotes":""},"categories":[123,124,50],"tags":[],"class_list":["post-242829","post","type-post","status-publish","format-standard","has-post-thumbnail","hentry","category-brasil","category-covid-19","category-destaque"],"_links":{"self":[{"href":"https:\/\/www.caririemacao.com\/1\/wp-json\/wp\/v2\/posts\/242829","targetHints":{"allow":["GET"]}}],"collection":[{"href":"https:\/\/www.caririemacao.com\/1\/wp-json\/wp\/v2\/posts"}],"about":[{"href":"https:\/\/www.caririemacao.com\/1\/wp-json\/wp\/v2\/types\/post"}],"author":[{"embeddable":true,"href":"https:\/\/www.caririemacao.com\/1\/wp-json\/wp\/v2\/users\/6"}],"replies":[{"embeddable":true,"href":"https:\/\/www.caririemacao.com\/1\/wp-json\/wp\/v2\/comments?post=242829"}],"version-history":[{"count":1,"href":"https:\/\/www.caririemacao.com\/1\/wp-json\/wp\/v2\/posts\/242829\/revisions"}],"predecessor-version":[{"id":242830,"href":"https:\/\/www.caririemacao.com\/1\/wp-json\/wp\/v2\/posts\/242829\/revisions\/242830"}],"wp:featuredmedia":[{"embeddable":true,"href":"https:\/\/www.caririemacao.com\/1\/wp-json\/wp\/v2\/media\/240589"}],"wp:attachment":[{"href":"https:\/\/www.caririemacao.com\/1\/wp-json\/wp\/v2\/media?parent=242829"}],"wp:term":[{"taxonomy":"category","embeddable":true,"href":"https:\/\/www.caririemacao.com\/1\/wp-json\/wp\/v2\/categories?post=242829"},{"taxonomy":"post_tag","embeddable":true,"href":"https:\/\/www.caririemacao.com\/1\/wp-json\/wp\/v2\/tags?post=242829"}],"curies":[{"name":"wp","href":"https:\/\/api.w.org\/{rel}","templated":true}]}}