{"id":243230,"date":"2022-03-17T10:49:30","date_gmt":"2022-03-17T13:49:30","guid":{"rendered":"https:\/\/www.caririemacao.com\/1\/?p=243230"},"modified":"2022-03-17T10:49:30","modified_gmt":"2022-03-17T13:49:30","slug":"video-prefeito-de-camalau-anuncia-instalacao-de-casa-da-cidadania-e-do-programa-ta-na-mesa-no-municipio","status":"publish","type":"post","link":"https:\/\/www.caririemacao.com\/1\/2022\/03\/17\/video-prefeito-de-camalau-anuncia-instalacao-de-casa-da-cidadania-e-do-programa-ta-na-mesa-no-municipio\/","title":{"rendered":"V\u00eddeo: prefeito de Camala\u00fa anuncia instala\u00e7\u00e3o de Casa da Cidadania e do programa \u2018T\u00e1 na Mesa\u2019 no munic\u00edpio"},"content":{"rendered":"<p>O prefeito de Camala\u00fa, Bira Mariano, divulgou na tarde da \u00faltima quarta-feira (16), um v\u00eddeo atrav\u00e9s das redes sociais, em que comemorou a instala\u00e7\u00e3o do programa \u2018T\u00e1 na Mesa\u2019, no munic\u00edpio. Na oportunidade, o gestor tamb\u00e9m anunciou, que em breve estar\u00e1 sendo instalada no munic\u00edpio uma Casa da Cidadania.<\/p>\n<p>\u201cTivemos um dia muito produtivo em Jo\u00e3o Pessoa, onde realizamos um encontro com os secret\u00e1rios, Tib\u00e9rio Limeira, com o secret\u00e1rio Deusdete Queiroga e com o governador Jo\u00e3o Azev\u00eado, onde recebemos a not\u00edcia da instala\u00e7\u00e3o do programa \u2018T\u00e1 na Mesa\u2019, e de uma Casa da Cidadania. Nossa cidade tem evolu\u00eddo em nosso mandato, e essa parceria com o governo do Estado n\u00f3s s\u00f3 temos a crescer,\u201d afirmou.<\/p>\n<p>Al\u00e9m do programa \u2018T\u00e1 na Mesa\u2019 e a Casa da Cidadania, o prefeito anunciou a constru\u00e7\u00e3o de duas creches nesta semana.<\/p>\n<div class=\"jeg_video_container jeg_video_content\"><iframe title=\"Prefeito de Camala\u00fa comemora instala\u00e7\u00e3o do programa 'T\u00e1 na Mesa' no munic\u00edpio\" src=\"https:\/\/www.youtube.com\/embed\/IkThtl1_ot4?feature=oembed\" width=\"500\" height=\"281\" frameborder=\"0\" allowfullscreen=\"allowfullscreen\" data-mce-fragment=\"1\"><\/iframe><\/div>\n<div><\/div>\n<div><strong>CARIRI EM A\u00c7\u00c3O<\/strong><\/div>\n<div><\/div>\n<div>Com Pol\u00edtica Parahyba<\/div>\n<p>&nbsp;<\/p>\n<p>&nbsp;<\/p>\n","protected":false},"excerpt":{"rendered":"<p>O prefeito de Camala\u00fa, Bira Mariano, divulgou na tarde da \u00faltima quarta-feira (16), um v\u00eddeo atrav\u00e9s das redes sociais, em que comemorou a instala\u00e7\u00e3o do programa \u2018T\u00e1 na Mesa\u2019, no munic\u00edpio. Na oportunidade, o gestor tamb\u00e9m anunciou, que em breve estar\u00e1 sendo instalada no munic\u00edpio uma Casa da Cidadania. \u201cTivemos um dia muito produtivo em Jo\u00e3o Pessoa, onde realizamos um encontro com os secret\u00e1rios, Tib\u00e9rio Limeira, com o secret\u00e1rio Deusdete Queiroga e com o governador Jo\u00e3o Azev\u00eado, onde recebemos a not\u00edcia da instala\u00e7\u00e3o do programa \u2018T\u00e1 na Mesa\u2019, e de uma Casa da Cidadania. Nossa cidade tem evolu\u00eddo em nosso mandato, e essa parceria com o governo do Estado n\u00f3s s\u00f3 temos a crescer,\u201d afirmou. Al\u00e9m do programa \u2018T\u00e1 na Mesa\u2019 e a Casa da Cidadania, o prefeito anunciou a constru\u00e7\u00e3o de duas creches nesta semana. CARIRI EM A\u00c7\u00c3O Com Pol\u00edtica Parahyba &nbsp; &nbsp;<\/p>\n","protected":false},"author":6,"featured_media":238095,"comment_status":"closed","ping_status":"closed","sticky":false,"template":"","format":"standard","meta":{"sfsi_plus_gutenberg_text_before_share":"","sfsi_plus_gutenberg_show_text_before_share":"","sfsi_plus_gutenberg_icon_type":"","sfsi_plus_gutenberg_icon_alignemt":"","sfsi_plus_gutenburg_max_per_row":"","footnotes":""},"categories":[71],"tags":[],"class_list":["post-243230","post","type-post","status-publish","format-standard","has-post-thumbnail","hentry","category-camalau"],"_links":{"self":[{"href":"https:\/\/www.caririemacao.com\/1\/wp-json\/wp\/v2\/posts\/243230","targetHints":{"allow":["GET"]}}],"collection":[{"href":"https:\/\/www.caririemacao.com\/1\/wp-json\/wp\/v2\/posts"}],"about":[{"href":"https:\/\/www.caririemacao.com\/1\/wp-json\/wp\/v2\/types\/post"}],"author":[{"embeddable":true,"href":"https:\/\/www.caririemacao.com\/1\/wp-json\/wp\/v2\/users\/6"}],"replies":[{"embeddable":true,"href":"https:\/\/www.caririemacao.com\/1\/wp-json\/wp\/v2\/comments?post=243230"}],"version-history":[{"count":1,"href":"https:\/\/www.caririemacao.com\/1\/wp-json\/wp\/v2\/posts\/243230\/revisions"}],"predecessor-version":[{"id":243231,"href":"https:\/\/www.caririemacao.com\/1\/wp-json\/wp\/v2\/posts\/243230\/revisions\/243231"}],"wp:featuredmedia":[{"embeddable":true,"href":"https:\/\/www.caririemacao.com\/1\/wp-json\/wp\/v2\/media\/238095"}],"wp:attachment":[{"href":"https:\/\/www.caririemacao.com\/1\/wp-json\/wp\/v2\/media?parent=243230"}],"wp:term":[{"taxonomy":"category","embeddable":true,"href":"https:\/\/www.caririemacao.com\/1\/wp-json\/wp\/v2\/categories?post=243230"},{"taxonomy":"post_tag","embeddable":true,"href":"https:\/\/www.caririemacao.com\/1\/wp-json\/wp\/v2\/tags?post=243230"}],"curies":[{"name":"wp","href":"https:\/\/api.w.org\/{rel}","templated":true}]}}