{"id":24338,"date":"2017-07-22T14:28:39","date_gmt":"2017-07-22T17:28:39","guid":{"rendered":"http:\/\/caririemacao.com\/1\/?p=24338"},"modified":"2017-07-22T14:28:39","modified_gmt":"2017-07-22T17:28:39","slug":"aliados-de-ricardo-dao-como-certa-alianca-entre-psb-e-pmdb","status":"publish","type":"post","link":"https:\/\/www.caririemacao.com\/1\/2017\/07\/22\/aliados-de-ricardo-dao-como-certa-alianca-entre-psb-e-pmdb\/","title":{"rendered":"Aliados de Ricardo d\u00e3o como certa alian\u00e7a entre PSB e PMDB"},"content":{"rendered":"<p>O discurso dos aliados do governador Ricardo Coutinho tem convergido nos \u00faltimos dias para apontar o in\u00edcio das conversas em PMDB e PSB, em torno da retomada da alian\u00e7a entre os partidos. S\u00f3 nesta quinta-feira (20), os deputados estaduais Tr\u00f3colli J\u00fanior (PROS) e Adriano Galdino (PSB), sinalizaram que conversas j\u00e1 estariam acontecendo.<\/p>\n<p>Segundo Tr\u00f3colli, em entrevista ao jornalista Marcos W\u00e9ric, na TV Master, O PMDB estar\u00e1 integrado 100% numa alian\u00e7a nas elei\u00e7\u00f5es 2018 com o PSB e com o governador Ricardo Coutinho.<\/p>\n<p>Tamb\u00e9m nesta quinta, Adriano Galdino apontou pol\u00edticos no PMDB que estariam com tend\u00eancia a atuar em favor da retomada da alian\u00e7a PMSB-PSB.<\/p>\n<p>\u201cTemos diversas lideran\u00e7as do PMDB, Lira, Veneziano, Nabor, Hugo Motta, que sinalizam uma alian\u00e7a do PMDB com Ricardo. O PMDB demonstra interesse , e o PSB tem interesse em conversar com PMDB\u201d, disse.<\/p>\n<p><strong>CARIRI EM A\u00c7\u00c3O<\/strong><\/p>\n<p><em>Com\u00a0<\/em><em>Wscom<\/em><em>\/Foto: Google<\/em><\/p>\n<p><strong>Leia mais not\u00edcias em\u00a0<\/strong><a href=\"http:\/\/www.caririemacao.com\/\"><strong>caririemacao.com<\/strong><\/a><strong>, siga nossa p\u00e1gina no\u00a0<\/strong><a href=\"https:\/\/www.facebook.com\/CaririEmAcao\/?ref=aymt_homepage_panel\"><strong>Facebook<\/strong><\/a><strong>\u00a0e\u00a0<a href=\"https:\/\/www.instagram.com\/cariri_em_acao\/?hl=pt-br\">Instagram<\/a>\u00a0veja nossas mat\u00e9rias e fotos. Voc\u00ea tamb\u00e9m pode enviar informa\u00e7\u00f5es \u00e0 Reda\u00e7\u00e3o do Portal Cariri em A\u00e7\u00e3o pelo WhatsApp (83) 9 9634.5791, (83) 9 9601-1162.<\/strong><\/p>\n","protected":false},"excerpt":{"rendered":"<p>O discurso dos aliados do governador Ricardo Coutinho tem convergido nos \u00faltimos dias para apontar o in\u00edcio das conversas em PMDB e PSB, em torno&hellip; <\/p>\n","protected":false},"author":2,"featured_media":24339,"comment_status":"closed","ping_status":"closed","sticky":false,"template":"","format":"standard","meta":{"sfsi_plus_gutenberg_text_before_share":"","sfsi_plus_gutenberg_show_text_before_share":"","sfsi_plus_gutenberg_icon_type":"","sfsi_plus_gutenberg_icon_alignemt":"","sfsi_plus_gutenburg_max_per_row":"","footnotes":""},"categories":[11],"tags":[],"class_list":["post-24338","post","type-post","status-publish","format-standard","has-post-thumbnail","hentry","category-politica"],"_links":{"self":[{"href":"https:\/\/www.caririemacao.com\/1\/wp-json\/wp\/v2\/posts\/24338","targetHints":{"allow":["GET"]}}],"collection":[{"href":"https:\/\/www.caririemacao.com\/1\/wp-json\/wp\/v2\/posts"}],"about":[{"href":"https:\/\/www.caririemacao.com\/1\/wp-json\/wp\/v2\/types\/post"}],"author":[{"embeddable":true,"href":"https:\/\/www.caririemacao.com\/1\/wp-json\/wp\/v2\/users\/2"}],"replies":[{"embeddable":true,"href":"https:\/\/www.caririemacao.com\/1\/wp-json\/wp\/v2\/comments?post=24338"}],"version-history":[{"count":0,"href":"https:\/\/www.caririemacao.com\/1\/wp-json\/wp\/v2\/posts\/24338\/revisions"}],"wp:featuredmedia":[{"embeddable":true,"href":"https:\/\/www.caririemacao.com\/1\/wp-json\/wp\/v2\/media\/24339"}],"wp:attachment":[{"href":"https:\/\/www.caririemacao.com\/1\/wp-json\/wp\/v2\/media?parent=24338"}],"wp:term":[{"taxonomy":"category","embeddable":true,"href":"https:\/\/www.caririemacao.com\/1\/wp-json\/wp\/v2\/categories?post=24338"},{"taxonomy":"post_tag","embeddable":true,"href":"https:\/\/www.caririemacao.com\/1\/wp-json\/wp\/v2\/tags?post=24338"}],"curies":[{"name":"wp","href":"https:\/\/api.w.org\/{rel}","templated":true}]}}