{"id":24342,"date":"2017-07-22T14:33:57","date_gmt":"2017-07-22T17:33:57","guid":{"rendered":"http:\/\/caririemacao.com\/1\/?p=24342"},"modified":"2017-07-22T14:33:57","modified_gmt":"2017-07-22T17:33:57","slug":"prefeitura-de-sao-jose-dos-cordeiros-e-governo-do-estado-entregam-320-filtros-de-ceramica","status":"publish","type":"post","link":"https:\/\/www.caririemacao.com\/1\/2017\/07\/22\/prefeitura-de-sao-jose-dos-cordeiros-e-governo-do-estado-entregam-320-filtros-de-ceramica\/","title":{"rendered":"Prefeitura de S\u00e3o Jos\u00e9 dos Cordeiros e Governo do Estado entregam 320 filtros de cer\u00e2mica"},"content":{"rendered":"<p>Atrav\u00e9s da Secretaria de Desenvolvimento Humano do Estado da Para\u00edba, a Prefeitura de S\u00e3o Jos\u00e9 dos Cordeiros fez a entrega de 320 filtros de cer\u00e2mica a benefici\u00e1rios do programa Bolsa Fam\u00edlia residentes na zona rural do munic\u00edpio. A entrega ocorreu na manh\u00e3 desta sexta-feira e foi liderada pela Secretaria de Assist\u00eancia Social do munic\u00edpio.<\/p>\n<p>Segundo a secret\u00e1ria Alcione Almeida, a distribui\u00e7\u00e3o dos filtros foi destinada a fam\u00edlias oriundas da zona rural, especialmente as que possu\u00edam idosos ou crian\u00e7as, tal como preconizava o edital do programa. A distribui\u00e7\u00e3o dos filtros foi conquistada pela secretaria de A\u00e7\u00e3o Social a partir da ades\u00e3o a um programa estadual.<\/p>\n<p>Para o prefeito Jefferson Roberto, a entrega dos filtros atende a uma indica\u00e7\u00e3o feita pela gest\u00e3o junto aos secret\u00e1rios para que fiquem atentos aos editais e programas disponibilizados pelos governos federal e estadual, a fim de trazer benef\u00edcios \u00e0 popula\u00e7\u00e3o.<\/p>\n<p><strong>CARIRI EM A\u00c7\u00c3O<\/strong><\/p>\n<p><em>Com Ascom\/Foto: Divulga\u00e7\u00e3o\u00a0<\/em><\/p>\n<p><strong>Leia mais not\u00edcias em\u00a0<\/strong><a href=\"http:\/\/www.caririemacao.com\/\"><strong>caririemacao.com<\/strong><\/a><strong>, siga nossa p\u00e1gina no\u00a0<\/strong><a href=\"https:\/\/www.facebook.com\/CaririEmAcao\/?ref=aymt_homepage_panel\"><strong>Facebook<\/strong><\/a><strong>\u00a0e\u00a0<a href=\"https:\/\/www.instagram.com\/cariri_em_acao\/?hl=pt-br\">Instagram<\/a>\u00a0veja nossas mat\u00e9rias e fotos. Voc\u00ea tamb\u00e9m pode enviar informa\u00e7\u00f5es \u00e0 Reda\u00e7\u00e3o do Portal Cariri em A\u00e7\u00e3o pelo WhatsApp (83) 9 9634.5791, (83) 9 9601-1162.<\/strong><\/p>\n","protected":false},"excerpt":{"rendered":"<p>Atrav\u00e9s da Secretaria de Desenvolvimento Humano do Estado da Para\u00edba, a Prefeitura de S\u00e3o Jos\u00e9 dos Cordeiros fez a entrega de 320 filtros de cer\u00e2mica&hellip; <\/p>\n","protected":false},"author":2,"featured_media":24344,"comment_status":"closed","ping_status":"closed","sticky":false,"template":"","format":"standard","meta":{"sfsi_plus_gutenberg_text_before_share":"","sfsi_plus_gutenberg_show_text_before_share":"","sfsi_plus_gutenberg_icon_type":"","sfsi_plus_gutenberg_icon_alignemt":"","sfsi_plus_gutenburg_max_per_row":"","footnotes":""},"categories":[2],"tags":[],"class_list":["post-24342","post","type-post","status-publish","format-standard","has-post-thumbnail","hentry","category-geral"],"_links":{"self":[{"href":"https:\/\/www.caririemacao.com\/1\/wp-json\/wp\/v2\/posts\/24342","targetHints":{"allow":["GET"]}}],"collection":[{"href":"https:\/\/www.caririemacao.com\/1\/wp-json\/wp\/v2\/posts"}],"about":[{"href":"https:\/\/www.caririemacao.com\/1\/wp-json\/wp\/v2\/types\/post"}],"author":[{"embeddable":true,"href":"https:\/\/www.caririemacao.com\/1\/wp-json\/wp\/v2\/users\/2"}],"replies":[{"embeddable":true,"href":"https:\/\/www.caririemacao.com\/1\/wp-json\/wp\/v2\/comments?post=24342"}],"version-history":[{"count":0,"href":"https:\/\/www.caririemacao.com\/1\/wp-json\/wp\/v2\/posts\/24342\/revisions"}],"wp:featuredmedia":[{"embeddable":true,"href":"https:\/\/www.caririemacao.com\/1\/wp-json\/wp\/v2\/media\/24344"}],"wp:attachment":[{"href":"https:\/\/www.caririemacao.com\/1\/wp-json\/wp\/v2\/media?parent=24342"}],"wp:term":[{"taxonomy":"category","embeddable":true,"href":"https:\/\/www.caririemacao.com\/1\/wp-json\/wp\/v2\/categories?post=24342"},{"taxonomy":"post_tag","embeddable":true,"href":"https:\/\/www.caririemacao.com\/1\/wp-json\/wp\/v2\/tags?post=24342"}],"curies":[{"name":"wp","href":"https:\/\/api.w.org\/{rel}","templated":true}]}}