{"id":243420,"date":"2022-03-21T07:15:20","date_gmt":"2022-03-21T10:15:20","guid":{"rendered":"https:\/\/www.caririemacao.com\/1\/?p=243420"},"modified":"2022-03-21T07:15:20","modified_gmt":"2022-03-21T10:15:20","slug":"covid-19-saiba-quem-deve-continuar-usando-mascaras-de-protecao","status":"publish","type":"post","link":"https:\/\/www.caririemacao.com\/1\/2022\/03\/21\/covid-19-saiba-quem-deve-continuar-usando-mascaras-de-protecao\/","title":{"rendered":"Covid-19: saiba quem deve continuar usando m\u00e1scaras de prote\u00e7\u00e3o"},"content":{"rendered":"<p>Ao menos dez estados e o Distrito Federal (DF) j\u00e1 flexibilizaram o uso de m\u00e1scaras contra a covid-19 em locais fechados, mas especialistas defendem que alguns grupos devem seguir usando o item de prote\u00e7\u00e3o.<\/p>\n<p>O m\u00e9dico intensivista Rodrigo Bresani afirma que a libera\u00e7\u00e3o do uso das m\u00e1scaras s\u00f3 foi poss\u00edvel pelo avan\u00e7o da vacina\u00e7\u00e3o no Brasil. Ele alerta, no entanto, que mesmo com uma boa parcela da sociedade vacinada, inclusive com a segunda dose, \u00e9 preciso avaliar os casos de forma individual.<\/p>\n<p>\u201cPara alguns grupos de risco, principalmente pacientes idosos, imunossuprimidos por diversos motivos, pacientes oncol\u00f3gicos, ou com doen\u00e7as cr\u00f4nicas, a gente precisa ficar muito atento. Independentemente dessa nova norma [que libera o uso em locais fechados], a orienta\u00e7\u00e3o para esses pacientes \u00e9, obviamente, continuar se cuidando\u201d, afirma Bresani.<\/p>\n<p>O m\u00e9dico explica ainda que o uso do item de prote\u00e7\u00e3o \u00e9 fundamental para quem, por exemplo, tem algum familiar com doen\u00e7a cr\u00f4nica ou idoso porque, caso n\u00e3o se proteja, estar\u00e1 colocando esse familiar em risco.<\/p>\n<p>\u201cEsses pacientes, sem sombra de d\u00favidas, devem continuar se protegendo. Isso, claro, supondo que eles est\u00e3o j\u00e1 vacinados, com segunda, terceira dose, mas devem continuar fazendo o uso de m\u00e1scaras em ambientes fechados e tamb\u00e9m abertos. Esse cuidado deve se perpetuar nesse pr\u00f3ximo ano e principalmente agora, que estamos enxergando um aumento do n\u00famero de casos e mortes na Europa, por causa de uma nova cepa. E isso aparentemente j\u00e1 vem chegando ao Brasil, ent\u00e3o a gente tem que estar atento\u201d, refor\u00e7a Bresani.<\/p>\n<p>Pessoas com comorbidades, al\u00e9m daqueles que ainda n\u00e3o tomaram a vacina contra a covid-19, devem seguir usando m\u00e1scaras. Entre as comorbidades est\u00e3o hipertens\u00e3o, diabetes e doen\u00e7as cardiovasculares.<\/p>\n<p>Os imunossuprimidos s\u00e3o aqueles que possuem alguma doen\u00e7a que afeta o sistema imunol\u00f3gico, diminuindo sua capacidade de resposta, como \u00e9 o caso de portadores de c\u00e2ncer, HIV, transplantados e outros.<\/p>\n<p>Ag\u00eancia Brasil<\/p>\n","protected":false},"excerpt":{"rendered":"<p>Ao menos dez estados e o Distrito Federal (DF) j\u00e1 flexibilizaram o uso de m\u00e1scaras contra a covid-19 em locais fechados, mas especialistas defendem que alguns grupos devem seguir usando o item de prote\u00e7\u00e3o. O m\u00e9dico intensivista Rodrigo Bresani afirma que a libera\u00e7\u00e3o do uso das m\u00e1scaras s\u00f3 foi poss\u00edvel pelo avan\u00e7o da vacina\u00e7\u00e3o no Brasil. Ele alerta, no entanto, que mesmo com uma boa parcela da sociedade vacinada, inclusive com a segunda dose, \u00e9 preciso avaliar os casos de forma individual. \u201cPara alguns grupos de risco, principalmente pacientes idosos, imunossuprimidos por diversos motivos, pacientes oncol\u00f3gicos, ou com doen\u00e7as cr\u00f4nicas, a gente precisa ficar muito atento. Independentemente dessa nova norma [que libera o uso em locais fechados], a orienta\u00e7\u00e3o para esses pacientes \u00e9, obviamente, continuar se cuidando\u201d, afirma Bresani. O m\u00e9dico explica ainda que o uso do item de prote\u00e7\u00e3o \u00e9 fundamental para quem, por exemplo, tem algum familiar com doen\u00e7a cr\u00f4nica ou idoso porque, caso n\u00e3o se proteja, estar\u00e1 colocando esse familiar em risco. \u201cEsses pacientes, sem sombra de d\u00favidas, devem continuar se protegendo. Isso, claro, supondo que eles est\u00e3o j\u00e1 vacinados, com segunda, terceira dose, mas devem continuar fazendo o uso de m\u00e1scaras em ambientes fechados e tamb\u00e9m abertos. Esse cuidado deve se perpetuar nesse pr\u00f3ximo ano e principalmente agora, que estamos enxergando um aumento do n\u00famero de casos e mortes na Europa, por causa de uma nova cepa. E isso aparentemente j\u00e1 vem chegando ao Brasil, ent\u00e3o a gente tem que estar atento\u201d, refor\u00e7a Bresani. Pessoas com comorbidades, al\u00e9m daqueles que ainda n\u00e3o tomaram a vacina contra a covid-19, devem seguir usando m\u00e1scaras. Entre as comorbidades est\u00e3o hipertens\u00e3o, diabetes e doen\u00e7as cardiovasculares. Os imunossuprimidos s\u00e3o aqueles que possuem alguma doen\u00e7a que afeta o sistema imunol\u00f3gico, diminuindo sua capacidade de resposta, como \u00e9 o caso de portadores de c\u00e2ncer, HIV, transplantados e outros. Ag\u00eancia Brasil<\/p>\n","protected":false},"author":6,"featured_media":243421,"comment_status":"closed","ping_status":"closed","sticky":false,"template":"","format":"standard","meta":{"sfsi_plus_gutenberg_text_before_share":"","sfsi_plus_gutenberg_show_text_before_share":"","sfsi_plus_gutenberg_icon_type":"","sfsi_plus_gutenberg_icon_alignemt":"","sfsi_plus_gutenburg_max_per_row":"","footnotes":""},"categories":[123,124],"tags":[],"class_list":["post-243420","post","type-post","status-publish","format-standard","has-post-thumbnail","hentry","category-brasil","category-covid-19"],"_links":{"self":[{"href":"https:\/\/www.caririemacao.com\/1\/wp-json\/wp\/v2\/posts\/243420","targetHints":{"allow":["GET"]}}],"collection":[{"href":"https:\/\/www.caririemacao.com\/1\/wp-json\/wp\/v2\/posts"}],"about":[{"href":"https:\/\/www.caririemacao.com\/1\/wp-json\/wp\/v2\/types\/post"}],"author":[{"embeddable":true,"href":"https:\/\/www.caririemacao.com\/1\/wp-json\/wp\/v2\/users\/6"}],"replies":[{"embeddable":true,"href":"https:\/\/www.caririemacao.com\/1\/wp-json\/wp\/v2\/comments?post=243420"}],"version-history":[{"count":1,"href":"https:\/\/www.caririemacao.com\/1\/wp-json\/wp\/v2\/posts\/243420\/revisions"}],"predecessor-version":[{"id":243422,"href":"https:\/\/www.caririemacao.com\/1\/wp-json\/wp\/v2\/posts\/243420\/revisions\/243422"}],"wp:featuredmedia":[{"embeddable":true,"href":"https:\/\/www.caririemacao.com\/1\/wp-json\/wp\/v2\/media\/243421"}],"wp:attachment":[{"href":"https:\/\/www.caririemacao.com\/1\/wp-json\/wp\/v2\/media?parent=243420"}],"wp:term":[{"taxonomy":"category","embeddable":true,"href":"https:\/\/www.caririemacao.com\/1\/wp-json\/wp\/v2\/categories?post=243420"},{"taxonomy":"post_tag","embeddable":true,"href":"https:\/\/www.caririemacao.com\/1\/wp-json\/wp\/v2\/tags?post=243420"}],"curies":[{"name":"wp","href":"https:\/\/api.w.org\/{rel}","templated":true}]}}