{"id":24346,"date":"2017-07-22T14:39:17","date_gmt":"2017-07-22T17:39:17","guid":{"rendered":"http:\/\/caririemacao.com\/1\/?p=24346"},"modified":"2017-07-22T14:41:58","modified_gmt":"2017-07-22T17:41:58","slug":"tabajara-de-monteiro-enfrenta-equipe-do-afogadense-neste-domingo","status":"publish","type":"post","link":"https:\/\/www.caririemacao.com\/1\/2017\/07\/22\/tabajara-de-monteiro-enfrenta-equipe-do-afogadense-neste-domingo\/","title":{"rendered":"Tabajara de Monteiro enfrenta equipe do Afogadense neste domingo"},"content":{"rendered":"<div class=\"contentPost\">\n<p>Em prepara\u00e7\u00e3o para as disputas da Copa Cariri (juniores), a equipe do Tabajara Esporte Clube da cidade de Monteiro far\u00e1 jogo amistoso neste domingo (22), contra a equipe do Afogadense Futebol Clube.<\/p>\n<p>A partida acontecer\u00e1 na cidade de Afogados da Ingazeira, onde o time local que \u00e9 profissional e disputa a primeira divis\u00e3o do futebol pernambucano, est\u00e1 tamb\u00e9m em fase de prepara\u00e7\u00e3o para as disputas do Campeonato Pernambucano categoria sub 20.<\/p>\n<p>O elenco do Tabajara est\u00e1 bastante modificado, ap\u00f3s a \u00faltima partida que disputou e venceu a equipe de S\u00e3o Jos\u00e9 do Egito em jogo amistoso na cidade Monteiro. Alguns jogadores foram dispensados e outros contratados e que inclusive estrear\u00e3o no time rubro-negro de Monteiro no pr\u00f3ximo domingo em Afogados.<\/p>\n<p><strong>CARIRI EM A\u00c7\u00c3O<\/strong><\/p>\n<p><em>Com Ascom PM\/Foto: Divulga\u00e7\u00e3o\u00a0<\/em><\/p>\n<p><strong>Leia mais not\u00edcias em\u00a0<\/strong><a href=\"http:\/\/www.caririemacao.com\/\"><strong>caririemacao.com<\/strong><\/a><strong>, siga nossa p\u00e1gina no\u00a0<\/strong><a href=\"https:\/\/www.facebook.com\/CaririEmAcao\/?ref=aymt_homepage_panel\"><strong>Facebook<\/strong><\/a><strong>\u00a0e\u00a0<a href=\"https:\/\/www.instagram.com\/cariri_em_acao\/?hl=pt-br\">Instagram<\/a>\u00a0veja nossas mat\u00e9rias e fotos. Voc\u00ea tamb\u00e9m pode enviar informa\u00e7\u00f5es \u00e0 Reda\u00e7\u00e3o do Portal Cariri em A\u00e7\u00e3o pelo WhatsApp (83) 9 9634.5791, (83) 9 9601-1162.<\/strong><\/p>\n<\/div>\n","protected":false},"excerpt":{"rendered":"<p>Em prepara\u00e7\u00e3o para as disputas da Copa Cariri (juniores), a equipe do Tabajara Esporte Clube da cidade de Monteiro far\u00e1 jogo amistoso neste domingo (22),&hellip; <\/p>\n","protected":false},"author":2,"featured_media":24347,"comment_status":"closed","ping_status":"closed","sticky":false,"template":"","format":"standard","meta":{"sfsi_plus_gutenberg_text_before_share":"","sfsi_plus_gutenberg_show_text_before_share":"","sfsi_plus_gutenberg_icon_type":"","sfsi_plus_gutenberg_icon_alignemt":"","sfsi_plus_gutenburg_max_per_row":"","footnotes":""},"categories":[13],"tags":[],"class_list":["post-24346","post","type-post","status-publish","format-standard","has-post-thumbnail","hentry","category-esportes"],"_links":{"self":[{"href":"https:\/\/www.caririemacao.com\/1\/wp-json\/wp\/v2\/posts\/24346","targetHints":{"allow":["GET"]}}],"collection":[{"href":"https:\/\/www.caririemacao.com\/1\/wp-json\/wp\/v2\/posts"}],"about":[{"href":"https:\/\/www.caririemacao.com\/1\/wp-json\/wp\/v2\/types\/post"}],"author":[{"embeddable":true,"href":"https:\/\/www.caririemacao.com\/1\/wp-json\/wp\/v2\/users\/2"}],"replies":[{"embeddable":true,"href":"https:\/\/www.caririemacao.com\/1\/wp-json\/wp\/v2\/comments?post=24346"}],"version-history":[{"count":0,"href":"https:\/\/www.caririemacao.com\/1\/wp-json\/wp\/v2\/posts\/24346\/revisions"}],"wp:featuredmedia":[{"embeddable":true,"href":"https:\/\/www.caririemacao.com\/1\/wp-json\/wp\/v2\/media\/24347"}],"wp:attachment":[{"href":"https:\/\/www.caririemacao.com\/1\/wp-json\/wp\/v2\/media?parent=24346"}],"wp:term":[{"taxonomy":"category","embeddable":true,"href":"https:\/\/www.caririemacao.com\/1\/wp-json\/wp\/v2\/categories?post=24346"},{"taxonomy":"post_tag","embeddable":true,"href":"https:\/\/www.caririemacao.com\/1\/wp-json\/wp\/v2\/tags?post=24346"}],"curies":[{"name":"wp","href":"https:\/\/api.w.org\/{rel}","templated":true}]}}