{"id":24350,"date":"2017-07-22T15:04:16","date_gmt":"2017-07-22T18:04:16","guid":{"rendered":"http:\/\/caririemacao.com\/1\/?p=24350"},"modified":"2017-07-22T15:04:16","modified_gmt":"2017-07-22T18:04:16","slug":"s-s-do-umbuzeiro-e-contemplado-com-nova-equipe-de-saude-bucal","status":"publish","type":"post","link":"https:\/\/www.caririemacao.com\/1\/2017\/07\/22\/s-s-do-umbuzeiro-e-contemplado-com-nova-equipe-de-saude-bucal\/","title":{"rendered":"S. S. do Umbuzeiro \u00e9 contemplado com nova equipe de sa\u00fade bucal"},"content":{"rendered":"<p>O munic\u00edpio de S\u00e3o Sebasti\u00e3o do Umbuzeiro foi contemplado com uma nova equipe de Sa\u00fade Bucal para a zona rural. A informa\u00e7\u00e3o foi divulgada nesta sexta-feira (21), pelo Secret\u00e1rio de Sa\u00fade, Marcio Luiz, conforme portaria 1.739, de 12 de Julho 2017 do Minist\u00e9rio da Sa\u00fade.<\/p>\n<p>Com esse novo credenciamento, o munic\u00edpio aumentar\u00e1 o n\u00famero de profissionais levando atendimento \u00e0 zona rural e promovendo mais acesso aos servi\u00e7os de sa\u00fade Bucal.<\/p>\n<p>Ser\u00e1 implantada a segunda cadeira de Dentista na Unidade B\u00e1sica de Sa\u00fade da Fam\u00edlia que fica localizada na comunidade do Sitio Santo Ant\u00f4nio, e no Posto de Sa\u00fade da Fam\u00edlia da M\u00e3o Beijada.<\/p>\n<p>Ser\u00e3o tr\u00eas dias de atendimento odontol\u00f3gico por semana nessas duas comunidades, os outros dias da semana ser\u00e3o reservados para outras localidades rurais.<\/p>\n<p>A Sa\u00fade de S\u00e3o Sebasti\u00e3o do Umbuzeiro j\u00e1 realiza atendimento odontol\u00f3gico na zona rural. \u201cEssa conquista ser\u00e1 de grande import\u00e2ncia para a popula\u00e7\u00e3o. ficamos agradecidos com a reestrutura\u00e7\u00e3o do atendimento odontol\u00f3gico no munic\u00edpio\u201d, disse o Prefeito Adriano Wolff.<\/p>\n<p><strong>CARIRI EM A\u00c7\u00c3O<\/strong><\/p>\n<p><em>Com Blog do Didi\/Foto: DiDi Milton<\/em><\/p>\n<p><strong>Leia mais not\u00edcias em\u00a0<\/strong><a href=\"http:\/\/www.caririemacao.com\/\"><strong>caririemacao.com<\/strong><\/a><strong>, siga nossa p\u00e1gina no\u00a0<\/strong><a href=\"https:\/\/www.facebook.com\/CaririEmAcao\/?ref=aymt_homepage_panel\"><strong>Facebook<\/strong><\/a><strong>\u00a0e\u00a0<a href=\"https:\/\/www.instagram.com\/cariri_em_acao\/?hl=pt-br\">Instagram<\/a>\u00a0veja nossas mat\u00e9rias e fotos. Voc\u00ea tamb\u00e9m pode enviar informa\u00e7\u00f5es \u00e0 Reda\u00e7\u00e3o do Portal Cariri em A\u00e7\u00e3o pelo WhatsApp (83) 9 9634.5791, (83) 9 9601-1162.<\/strong><\/p>\n","protected":false},"excerpt":{"rendered":"<p>O munic\u00edpio de S\u00e3o Sebasti\u00e3o do Umbuzeiro foi contemplado com uma nova equipe de Sa\u00fade Bucal para a zona rural. A informa\u00e7\u00e3o foi divulgada nesta&hellip; <\/p>\n","protected":false},"author":2,"featured_media":24351,"comment_status":"closed","ping_status":"closed","sticky":false,"template":"","format":"standard","meta":{"sfsi_plus_gutenberg_text_before_share":"","sfsi_plus_gutenberg_show_text_before_share":"","sfsi_plus_gutenberg_icon_type":"","sfsi_plus_gutenberg_icon_alignemt":"","sfsi_plus_gutenburg_max_per_row":"","footnotes":""},"categories":[16],"tags":[],"class_list":["post-24350","post","type-post","status-publish","format-standard","has-post-thumbnail","hentry","category-saude"],"_links":{"self":[{"href":"https:\/\/www.caririemacao.com\/1\/wp-json\/wp\/v2\/posts\/24350","targetHints":{"allow":["GET"]}}],"collection":[{"href":"https:\/\/www.caririemacao.com\/1\/wp-json\/wp\/v2\/posts"}],"about":[{"href":"https:\/\/www.caririemacao.com\/1\/wp-json\/wp\/v2\/types\/post"}],"author":[{"embeddable":true,"href":"https:\/\/www.caririemacao.com\/1\/wp-json\/wp\/v2\/users\/2"}],"replies":[{"embeddable":true,"href":"https:\/\/www.caririemacao.com\/1\/wp-json\/wp\/v2\/comments?post=24350"}],"version-history":[{"count":0,"href":"https:\/\/www.caririemacao.com\/1\/wp-json\/wp\/v2\/posts\/24350\/revisions"}],"wp:featuredmedia":[{"embeddable":true,"href":"https:\/\/www.caririemacao.com\/1\/wp-json\/wp\/v2\/media\/24351"}],"wp:attachment":[{"href":"https:\/\/www.caririemacao.com\/1\/wp-json\/wp\/v2\/media?parent=24350"}],"wp:term":[{"taxonomy":"category","embeddable":true,"href":"https:\/\/www.caririemacao.com\/1\/wp-json\/wp\/v2\/categories?post=24350"},{"taxonomy":"post_tag","embeddable":true,"href":"https:\/\/www.caririemacao.com\/1\/wp-json\/wp\/v2\/tags?post=24350"}],"curies":[{"name":"wp","href":"https:\/\/api.w.org\/{rel}","templated":true}]}}