{"id":243537,"date":"2022-03-22T07:24:47","date_gmt":"2022-03-22T10:24:47","guid":{"rendered":"https:\/\/www.caririemacao.com\/1\/?p=243537"},"modified":"2022-03-22T07:24:47","modified_gmt":"2022-03-22T10:24:47","slug":"sei-que-nao-sou-tao-inteligente-pedi-a-deus-coragem-para-decidir-diz-bolsonaro","status":"publish","type":"post","link":"https:\/\/www.caririemacao.com\/1\/2022\/03\/22\/sei-que-nao-sou-tao-inteligente-pedi-a-deus-coragem-para-decidir-diz-bolsonaro\/","title":{"rendered":"&#8216;Sei que n\u00e3o sou t\u00e3o inteligente, pedi a Deus coragem para decidir&#8217;, diz Bolsonaro"},"content":{"rendered":"<p>O presidente Jair Bolsonaro (PL) disse nesta segunda-feira (21) que sabe que n\u00e3o \u00e9 &#8220;t\u00e3o inteligente assim&#8221; e diz que pediu sabedoria a Deus, em refer\u00eancia a uma passagem b\u00edblica, mas tamb\u00e9m coragem.<\/p>\n<p>A declara\u00e7\u00e3o ocorreu durante uma pequena comemora\u00e7\u00e3o no Pal\u00e1cio do Planalto pelo anivers\u00e1rio do chefe do Executivo, que fez 67 anos.<\/p>\n<p>&#8220;Tem uma passagem b\u00edblica que fala que algu\u00e9m pediu sabedoria. Eu sei que n\u00e3o sou t\u00e3o inteligente assim, e eu pedi mais do que isso a Deus, eu pedi coragem para poder decidir&#8221;, disse Bolsonaro.<\/p>\n<p>&#8220;Quem vem da pol\u00edtica sabe, se eu fiquei 28 anos na C\u00e2mara, com todo o respeito&#8230; a gente sabe das press\u00f5es, das inger\u00eancias de outros poderes, e estamos vivos e em p\u00e9 hoje apesar dos problemas&#8221;, concluiu.<\/p>\n<p>Depois, o presidente admitiu ser &#8220;um pouco grosso de vez em quando&#8221; e falar &#8220;uns palavr\u00f5es ali&#8221;. &#8220;Mas a gente est\u00e1 com a verdade e entendo que todos n\u00f3s estamos com Deus&#8221;.<\/p>\n<p>Seu discurso ocorreu depois de uma ora\u00e7\u00e3o do ministro Milton Ribeiro (Educa\u00e7\u00e3o), e de discursos da ministra Damares Alves (Mulher, Fam\u00edlia e Direitos Humanos) e C\u00e9lio Faria Jr., seu chefe de gabinete. Os dois primeiros s\u00e3o pastores.<\/p>\n<p>As falas da festa de anivers\u00e1rio foram transmitidas pelas redes sociais do senador Fl\u00e1vio Bolsonaro (PL-RJ).<\/p>\n<p>Estavam presentes na comemora\u00e7\u00e3o assessores mais pr\u00f3ximos, ministros e at\u00e9 o comandante do Ex\u00e9rcito, Paulo S\u00e9rgio Nogueira, cotado como eventual substituto de Braga Netto na Defesa.<\/p>\n<p>O general deve ser vice na chapa do presidente, que busca se reeleger e est\u00e1 em segundo lugar nas pesquisas de inten\u00e7\u00e3o de voto. O ex-presidente Luiz In\u00e1cio Lula da Silva (PT) aparece \u00e0 frente na disputa.<\/p>\n<p>Em determinado momento do discurso, Bolsonaro relembrou ter dito mais cedo que seu vice seria mineiro, e falou, em tom de brincadeira: &#8220;Temos aqui Paulo Guedes e Braga Netto&#8221;.<\/p>\n<p>O ministro da Economia disse, apontando para o general: &#8220;O mineiro \u00e9 este&#8221;.<\/p>\n<p>Em entrevista \u00e0 Jovem Pan nesta manh\u00e3, o chefe do Executivo disse que seu vice deve ser uma pessoa nascida em Minas Gerais e que ele n\u00e3o deve ter ambi\u00e7\u00f5es de assumir a cadeira presidencial ao longo de um eventual segundo mandato.<\/p>\n<p>Braga Netto \u00e9 nascido em Belo Horizonte (MG).<\/p>\n<p>Durante outro trecho de seu discurso na festa de anivers\u00e1rio, Bolsonaro citou novamente Paulo Guedes. Disse que, se est\u00e1 ruim com ele, seria pior sem ele.<\/p>\n<p>Comentando as dificuldades que passou o governo -&#8220;dois anos de pandemia, crise ideol\u00f3gica, geada, seca, guerra do outro lado do mundo&#8221;-, disse que, apesar disso, &#8220;estamos bem&#8221;.<\/p>\n<p>&#8220;\u00c0s vezes, Paulo Guedes, quando algu\u00e9m fala alguma coisa de voc\u00ea, a gente fala: Oh, se est\u00e1 ruim com o Paulo Guedes, pior sem ele. E \u00e9 o que n\u00f3s temos, a lealdade entre todos n\u00f3s aqui para enfrentarmos esses desafios&#8221;, disse.<\/p>\n<p>Como o jornal Folha de S.Paulo mostrou, uma ala do entorno de Bolsonaro defende &#8220;esconder&#8221; o ministro da Economia durante a campanha.<\/p>\n<p>Al\u00e9m de pol\u00edticas econ\u00f4micas impopulares, eles temem declara\u00e7\u00f5es pol\u00eamicas do ministro, como quando falou recentemente que h\u00e1 mais iPhones no Brasil do que popula\u00e7\u00e3o.<\/p>\n<p>Em outro trecho de seu discurso, Bolsonaro mencionou tr\u00eas pessoas que supostamente querem &#8220;atrapalhar o destino&#8221; do pa\u00eds, e disse que &#8220;v\u00e3o caindo&#8221;.<\/p>\n<p>Apesar de n\u00e3o mencionar diretamente os ministros do STF (Supremo Tribunal Federal), ele j\u00e1 usou o mesmo termo em outros momentos para se referir a Edson Fachin, Lu\u00eds Roberto Barroso e Alexandre de Moraes.<\/p>\n<p>&#8220;N\u00f3s vemos, por outro lado, quem quer atrapalhar, n\u00e3o mais que tr\u00eas pessoas querem atrapalhar o destino do nosso pa\u00eds. E como que por milagre eles v\u00e3o caindo, como caiu h\u00e1 pouco tempo mais um&#8221;, disse, mas n\u00e3o fica claro ao que ele se refere.<\/p>\n<p>FolhaPress<\/p>\n","protected":false},"excerpt":{"rendered":"<p>O presidente Jair Bolsonaro (PL) disse nesta segunda-feira (21) que sabe que n\u00e3o \u00e9 &#8220;t\u00e3o inteligente assim&#8221; e diz que pediu sabedoria a Deus, em refer\u00eancia a uma passagem b\u00edblica, mas tamb\u00e9m coragem. A declara\u00e7\u00e3o ocorreu durante uma pequena comemora\u00e7\u00e3o no Pal\u00e1cio do Planalto pelo anivers\u00e1rio do chefe do Executivo, que fez 67 anos. &#8220;Tem uma passagem b\u00edblica que fala que algu\u00e9m pediu sabedoria. Eu sei que n\u00e3o sou t\u00e3o inteligente assim, e eu pedi mais do que isso a Deus, eu pedi coragem para poder decidir&#8221;, disse Bolsonaro. &#8220;Quem vem da pol\u00edtica sabe, se eu fiquei 28 anos na C\u00e2mara, com todo o respeito&#8230; a gente sabe das press\u00f5es, das inger\u00eancias de outros poderes, e estamos vivos e em p\u00e9 hoje apesar dos problemas&#8221;, concluiu. Depois, o presidente admitiu ser &#8220;um pouco grosso de vez em quando&#8221; e falar &#8220;uns palavr\u00f5es ali&#8221;. &#8220;Mas a gente est\u00e1 com a verdade e entendo que todos n\u00f3s estamos com Deus&#8221;. Seu discurso ocorreu depois de uma ora\u00e7\u00e3o do ministro Milton Ribeiro (Educa\u00e7\u00e3o), e de discursos da ministra Damares Alves (Mulher, Fam\u00edlia e Direitos Humanos) e C\u00e9lio Faria Jr., seu chefe de gabinete. Os dois primeiros s\u00e3o pastores. As falas da festa de anivers\u00e1rio foram transmitidas pelas redes sociais do senador Fl\u00e1vio Bolsonaro (PL-RJ). Estavam presentes na comemora\u00e7\u00e3o assessores mais pr\u00f3ximos, ministros e at\u00e9 o comandante do Ex\u00e9rcito, Paulo S\u00e9rgio Nogueira, cotado como eventual substituto de Braga Netto na Defesa. O general deve ser vice na chapa do presidente, que busca se reeleger e est\u00e1 em segundo lugar nas pesquisas de inten\u00e7\u00e3o de voto. O ex-presidente Luiz In\u00e1cio Lula da Silva (PT) aparece \u00e0 frente na disputa. Em determinado momento do discurso, Bolsonaro relembrou ter dito mais cedo que seu vice seria mineiro, e falou, em tom de brincadeira: &#8220;Temos aqui Paulo Guedes e Braga Netto&#8221;. O ministro da Economia disse, apontando para o general: &#8220;O mineiro \u00e9 este&#8221;. Em entrevista \u00e0 Jovem Pan nesta manh\u00e3, o chefe do Executivo disse que seu vice deve ser uma pessoa nascida em Minas Gerais e que ele n\u00e3o deve ter ambi\u00e7\u00f5es de assumir a cadeira presidencial ao longo de um eventual segundo mandato. Braga Netto \u00e9 nascido em Belo Horizonte (MG). Durante outro trecho de seu discurso na festa de anivers\u00e1rio, Bolsonaro citou novamente Paulo Guedes. Disse que, se est\u00e1 ruim com ele, seria pior sem ele. Comentando as dificuldades que passou o governo -&#8220;dois anos de pandemia, crise ideol\u00f3gica, geada, seca, guerra do outro lado do mundo&#8221;-, disse que, apesar disso, &#8220;estamos bem&#8221;. &#8220;\u00c0s vezes, Paulo Guedes, quando algu\u00e9m fala alguma coisa de voc\u00ea, a gente fala: Oh, se est\u00e1 ruim com o Paulo Guedes, pior sem ele. E \u00e9 o que n\u00f3s temos, a lealdade entre todos n\u00f3s aqui para enfrentarmos esses desafios&#8221;, disse. Como o jornal Folha de S.Paulo mostrou, uma ala do entorno de Bolsonaro defende &#8220;esconder&#8221; o ministro da Economia durante a campanha. Al\u00e9m de pol\u00edticas econ\u00f4micas impopulares, eles temem declara\u00e7\u00f5es pol\u00eamicas do ministro, como quando falou recentemente que h\u00e1 mais iPhones no Brasil do que popula\u00e7\u00e3o. Em outro trecho de seu discurso, Bolsonaro mencionou tr\u00eas pessoas que supostamente querem &#8220;atrapalhar o destino&#8221; do pa\u00eds, e disse que &#8220;v\u00e3o caindo&#8221;. Apesar de n\u00e3o mencionar diretamente os ministros do STF (Supremo Tribunal Federal), ele j\u00e1 usou o mesmo termo em outros momentos para se referir a Edson Fachin, Lu\u00eds Roberto Barroso e Alexandre de Moraes. &#8220;N\u00f3s vemos, por outro lado, quem quer atrapalhar, n\u00e3o mais que tr\u00eas pessoas querem atrapalhar o destino do nosso pa\u00eds. E como que por milagre eles v\u00e3o caindo, como caiu h\u00e1 pouco tempo mais um&#8221;, disse, mas n\u00e3o fica claro ao que ele se refere. FolhaPress<\/p>\n","protected":false},"author":6,"featured_media":241291,"comment_status":"closed","ping_status":"closed","sticky":false,"template":"","format":"standard","meta":{"sfsi_plus_gutenberg_text_before_share":"","sfsi_plus_gutenberg_show_text_before_share":"","sfsi_plus_gutenberg_icon_type":"","sfsi_plus_gutenberg_icon_alignemt":"","sfsi_plus_gutenburg_max_per_row":"","footnotes":""},"categories":[123,50,98],"tags":[],"class_list":["post-243537","post","type-post","status-publish","format-standard","has-post-thumbnail","hentry","category-brasil","category-destaque","category-presidente"],"_links":{"self":[{"href":"https:\/\/www.caririemacao.com\/1\/wp-json\/wp\/v2\/posts\/243537","targetHints":{"allow":["GET"]}}],"collection":[{"href":"https:\/\/www.caririemacao.com\/1\/wp-json\/wp\/v2\/posts"}],"about":[{"href":"https:\/\/www.caririemacao.com\/1\/wp-json\/wp\/v2\/types\/post"}],"author":[{"embeddable":true,"href":"https:\/\/www.caririemacao.com\/1\/wp-json\/wp\/v2\/users\/6"}],"replies":[{"embeddable":true,"href":"https:\/\/www.caririemacao.com\/1\/wp-json\/wp\/v2\/comments?post=243537"}],"version-history":[{"count":1,"href":"https:\/\/www.caririemacao.com\/1\/wp-json\/wp\/v2\/posts\/243537\/revisions"}],"predecessor-version":[{"id":243538,"href":"https:\/\/www.caririemacao.com\/1\/wp-json\/wp\/v2\/posts\/243537\/revisions\/243538"}],"wp:featuredmedia":[{"embeddable":true,"href":"https:\/\/www.caririemacao.com\/1\/wp-json\/wp\/v2\/media\/241291"}],"wp:attachment":[{"href":"https:\/\/www.caririemacao.com\/1\/wp-json\/wp\/v2\/media?parent=243537"}],"wp:term":[{"taxonomy":"category","embeddable":true,"href":"https:\/\/www.caririemacao.com\/1\/wp-json\/wp\/v2\/categories?post=243537"},{"taxonomy":"post_tag","embeddable":true,"href":"https:\/\/www.caririemacao.com\/1\/wp-json\/wp\/v2\/tags?post=243537"}],"curies":[{"name":"wp","href":"https:\/\/api.w.org\/{rel}","templated":true}]}}