{"id":243634,"date":"2022-03-23T11:07:33","date_gmt":"2022-03-23T14:07:33","guid":{"rendered":"https:\/\/www.caririemacao.com\/1\/?p=243634"},"modified":"2022-03-23T11:07:33","modified_gmt":"2022-03-23T14:07:33","slug":"camara-de-caraubas-realiza-sessao-e-discute-temas-importantes-para-a-populacao","status":"publish","type":"post","link":"https:\/\/www.caririemacao.com\/1\/2022\/03\/23\/camara-de-caraubas-realiza-sessao-e-discute-temas-importantes-para-a-populacao\/","title":{"rendered":"C\u00e2mara de Cara\u00fabas realiza sess\u00e3o e discute temas importantes para a popula\u00e7\u00e3o"},"content":{"rendered":"<p>A C\u00e2mara de Cara\u00fabas realizou na \u00faltima ter\u00e7a-feira (23), mais uma sess\u00e3o ordin\u00e1ria. Na oportunidade, os parlamentares discutiram temas importantes para a popula\u00e7\u00e3o.<\/p>\n<p>O presidente da Casa, vereador Tomaz Bezerra, levou para conhecimento do plen\u00e1rios tr\u00eas projetos de lei de autoria do Poder Executivo, e um projeto de lei de autoria da vereadora Neide Fernandes.<\/p>\n<p><img decoding=\"async\" src=\"https:\/\/scontent.fcpv17-1.fna.fbcdn.net\/v\/t1.15752-9\/276279466_277959704517268_5388229048798257038_n.jpg?_nc_cat=111&amp;ccb=1-5&amp;_nc_sid=ae9488&amp;_nc_eui2=AeGkYIhsUa1u6PfyKDsshd7PqJK7aBw959uokrtoHD3n22YpaMIqAM0QmxxBCrAPfLHLD8mvDsAXn1NMIHU0t1rq&amp;_nc_ohc=jpwfvD0-8kEAX8mA5st&amp;_nc_ht=scontent.fcpv17-1.fna&amp;oh=03_AVJjqOKmNEQBtN2egtY6s1IrEvMpper8AwJEJYzsHdnwdw&amp;oe=6261FB2A\" alt=\"Nenhuma descri\u00e7\u00e3o dispon\u00edvel.\" \/><\/p>\n<p>Os tr\u00eas projetos de autoria do Poder Executivo, que ser\u00e3o votados na pr\u00f3xima sess\u00e3o, disp\u00f5e acerca de abertura de cr\u00e9dito para atender a necessidade n\u00e3o consignada no or\u00e7amento.<\/p>\n<p>J\u00e1 o projeto de lei de autoria da vereadora Neide Fernandes, disp\u00f5e sobre a denomina\u00e7\u00e3o de quadra de esportes coberta, localizada no distrito de Barreiras, para denominar-se de &#8216;Quadra de Esportes Desportista Jardel Emerson Flores&#8217;. O projeto ser\u00e1 votado na pr\u00f3xima sess\u00e3o.<\/p>\n<p>&#8220;Na sess\u00e3o desta ter\u00e7a-feira, apresentamos projetos de lei de autoria do Poder Executivo e da vereadora Neide Fernandes, que ser\u00e3o votados na pr\u00f3xima sess\u00e3o. E aproveitamos a oportunidade para discutir temas relevantes da nossa popula\u00e7\u00e3o, visando o bem-estar dos caraubenses,&#8221; avaliou o presidente, vereador Tomaz Bezerra.<\/p>\n<p><img decoding=\"async\" src=\"https:\/\/scontent.fcpv17-1.fna.fbcdn.net\/v\/t1.15752-9\/276163355_7209520309089673_2494740251261713346_n.jpg?_nc_cat=106&amp;ccb=1-5&amp;_nc_sid=ae9488&amp;_nc_eui2=AeGVT8fnKv21jtaQr2d4ik1gpskm1-Kc6jKmySbX4pzqMn4Yek_NOpiliLujJ1BaUNWAvGWu9gi4Xx82ytYfgM9C&amp;_nc_ohc=favhRtqxToMAX-l00Si&amp;_nc_ht=scontent.fcpv17-1.fna&amp;oh=03_AVJrs-dkNv_Kkico0Ag6DQvRETd_SsTeVh_roSRrYQaxIw&amp;oe=62616744\" alt=\"Nenhuma descri\u00e7\u00e3o dispon\u00edvel.\" \/><\/p>\n","protected":false},"excerpt":{"rendered":"<p>A C\u00e2mara de Cara\u00fabas realizou na \u00faltima ter\u00e7a-feira (23), mais uma sess\u00e3o ordin\u00e1ria. Na oportunidade, os parlamentares discutiram temas importantes para a popula\u00e7\u00e3o. O presidente da Casa, vereador Tomaz Bezerra, levou para conhecimento do plen\u00e1rios tr\u00eas projetos de lei de autoria do Poder Executivo, e um projeto de lei de autoria da vereadora Neide Fernandes. Os tr\u00eas projetos de autoria do Poder Executivo, que ser\u00e3o votados na pr\u00f3xima sess\u00e3o, disp\u00f5e acerca de abertura de cr\u00e9dito para atender a necessidade n\u00e3o consignada no or\u00e7amento. J\u00e1 o projeto de lei de autoria da vereadora Neide Fernandes, disp\u00f5e sobre a denomina\u00e7\u00e3o de quadra de esportes coberta, localizada no distrito de Barreiras, para denominar-se de &#8216;Quadra de Esportes Desportista Jardel Emerson Flores&#8217;. O projeto ser\u00e1 votado na pr\u00f3xima sess\u00e3o. &#8220;Na sess\u00e3o desta ter\u00e7a-feira, apresentamos projetos de lei de autoria do Poder Executivo e da vereadora Neide Fernandes, que ser\u00e3o votados na pr\u00f3xima sess\u00e3o. E aproveitamos a oportunidade para discutir temas relevantes da nossa popula\u00e7\u00e3o, visando o bem-estar dos caraubenses,&#8221; avaliou o presidente, vereador Tomaz Bezerra.<\/p>\n","protected":false},"author":6,"featured_media":243651,"comment_status":"closed","ping_status":"closed","sticky":false,"template":"","format":"standard","meta":{"sfsi_plus_gutenberg_text_before_share":"","sfsi_plus_gutenberg_show_text_before_share":"","sfsi_plus_gutenberg_icon_type":"","sfsi_plus_gutenberg_icon_alignemt":"","sfsi_plus_gutenburg_max_per_row":"","footnotes":""},"categories":[73,1],"tags":[],"class_list":["post-243634","post","type-post","status-publish","format-standard","has-post-thumbnail","hentry","category-caraubas","category-o-site"],"_links":{"self":[{"href":"https:\/\/www.caririemacao.com\/1\/wp-json\/wp\/v2\/posts\/243634","targetHints":{"allow":["GET"]}}],"collection":[{"href":"https:\/\/www.caririemacao.com\/1\/wp-json\/wp\/v2\/posts"}],"about":[{"href":"https:\/\/www.caririemacao.com\/1\/wp-json\/wp\/v2\/types\/post"}],"author":[{"embeddable":true,"href":"https:\/\/www.caririemacao.com\/1\/wp-json\/wp\/v2\/users\/6"}],"replies":[{"embeddable":true,"href":"https:\/\/www.caririemacao.com\/1\/wp-json\/wp\/v2\/comments?post=243634"}],"version-history":[{"count":3,"href":"https:\/\/www.caririemacao.com\/1\/wp-json\/wp\/v2\/posts\/243634\/revisions"}],"predecessor-version":[{"id":243652,"href":"https:\/\/www.caririemacao.com\/1\/wp-json\/wp\/v2\/posts\/243634\/revisions\/243652"}],"wp:featuredmedia":[{"embeddable":true,"href":"https:\/\/www.caririemacao.com\/1\/wp-json\/wp\/v2\/media\/243651"}],"wp:attachment":[{"href":"https:\/\/www.caririemacao.com\/1\/wp-json\/wp\/v2\/media?parent=243634"}],"wp:term":[{"taxonomy":"category","embeddable":true,"href":"https:\/\/www.caririemacao.com\/1\/wp-json\/wp\/v2\/categories?post=243634"},{"taxonomy":"post_tag","embeddable":true,"href":"https:\/\/www.caririemacao.com\/1\/wp-json\/wp\/v2\/tags?post=243634"}],"curies":[{"name":"wp","href":"https:\/\/api.w.org\/{rel}","templated":true}]}}