{"id":243741,"date":"2022-03-24T11:22:22","date_gmt":"2022-03-24T14:22:22","guid":{"rendered":"https:\/\/www.caririemacao.com\/1\/?p=243741"},"modified":"2022-03-24T11:22:22","modified_gmt":"2022-03-24T14:22:22","slug":"trabalhador-cai-de-altura-de-quase-8-metros-ao-realizar-conserto-de-teto-no-terminal-rodoviario-em-patos","status":"publish","type":"post","link":"https:\/\/www.caririemacao.com\/1\/2022\/03\/24\/trabalhador-cai-de-altura-de-quase-8-metros-ao-realizar-conserto-de-teto-no-terminal-rodoviario-em-patos\/","title":{"rendered":"Trabalhador cai de altura de quase 8 metros ao realizar conserto de teto no Terminal Rodovi\u00e1rio em Patos"},"content":{"rendered":"<p>Um trabalhador caiu de uma altura de quase oito metros nesta quarta-feira (23), no Terminal Rodovi\u00e1rio da cidade de Patos, na Para\u00edba.\u00a0Josemar Ferreira de Lucena J\u00fanior, de 23 anos, estava trabalhando na manuten\u00e7\u00e3o do teto do local, quando despencou.<\/p>\n<p>Os reparos est\u00e3o sendo realizados no espa\u00e7o de embarque e desembarque de passageiros, onde estacionam os \u00f4nibus.<\/p>\n<p>De acordo com informa\u00e7\u00f5es, o trabalhador\u00a0n\u00e3o estava usando o cinto de seguran\u00e7a.<\/p>\n<p>O Samu foi acionado para socorrer o homem. Ele\u00a0se queixou de fortes dores na coluna cervical, no t\u00f3rax e de dores nas pernas.\u00a0O trabalhador foi levado ao Hospital Regional de Patos<\/p>\n<p>&nbsp;<\/p>\n<p>ClickPB<\/p>\n","protected":false},"excerpt":{"rendered":"<p>Um trabalhador caiu de uma altura de quase oito metros nesta quarta-feira (23), no Terminal Rodovi\u00e1rio da cidade de Patos, na Para\u00edba.\u00a0Josemar Ferreira de Lucena J\u00fanior, de 23 anos, estava trabalhando na manuten\u00e7\u00e3o do teto do local, quando despencou. Os reparos est\u00e3o sendo realizados no espa\u00e7o de embarque e desembarque de passageiros, onde estacionam os \u00f4nibus. De acordo com informa\u00e7\u00f5es, o trabalhador\u00a0n\u00e3o estava usando o cinto de seguran\u00e7a. O Samu foi acionado para socorrer o homem. Ele\u00a0se queixou de fortes dores na coluna cervical, no t\u00f3rax e de dores nas pernas.\u00a0O trabalhador foi levado ao Hospital Regional de Patos &nbsp; ClickPB<\/p>\n","protected":false},"author":6,"featured_media":243743,"comment_status":"closed","ping_status":"closed","sticky":false,"template":"","format":"standard","meta":{"sfsi_plus_gutenberg_text_before_share":"","sfsi_plus_gutenberg_show_text_before_share":"","sfsi_plus_gutenberg_icon_type":"","sfsi_plus_gutenberg_icon_alignemt":"","sfsi_plus_gutenburg_max_per_row":"","footnotes":""},"categories":[105],"tags":[],"class_list":["post-243741","post","type-post","status-publish","format-standard","has-post-thumbnail","hentry","category-sertao"],"_links":{"self":[{"href":"https:\/\/www.caririemacao.com\/1\/wp-json\/wp\/v2\/posts\/243741","targetHints":{"allow":["GET"]}}],"collection":[{"href":"https:\/\/www.caririemacao.com\/1\/wp-json\/wp\/v2\/posts"}],"about":[{"href":"https:\/\/www.caririemacao.com\/1\/wp-json\/wp\/v2\/types\/post"}],"author":[{"embeddable":true,"href":"https:\/\/www.caririemacao.com\/1\/wp-json\/wp\/v2\/users\/6"}],"replies":[{"embeddable":true,"href":"https:\/\/www.caririemacao.com\/1\/wp-json\/wp\/v2\/comments?post=243741"}],"version-history":[{"count":1,"href":"https:\/\/www.caririemacao.com\/1\/wp-json\/wp\/v2\/posts\/243741\/revisions"}],"predecessor-version":[{"id":243744,"href":"https:\/\/www.caririemacao.com\/1\/wp-json\/wp\/v2\/posts\/243741\/revisions\/243744"}],"wp:featuredmedia":[{"embeddable":true,"href":"https:\/\/www.caririemacao.com\/1\/wp-json\/wp\/v2\/media\/243743"}],"wp:attachment":[{"href":"https:\/\/www.caririemacao.com\/1\/wp-json\/wp\/v2\/media?parent=243741"}],"wp:term":[{"taxonomy":"category","embeddable":true,"href":"https:\/\/www.caririemacao.com\/1\/wp-json\/wp\/v2\/categories?post=243741"},{"taxonomy":"post_tag","embeddable":true,"href":"https:\/\/www.caririemacao.com\/1\/wp-json\/wp\/v2\/tags?post=243741"}],"curies":[{"name":"wp","href":"https:\/\/api.w.org\/{rel}","templated":true}]}}