{"id":243823,"date":"2022-03-25T11:21:27","date_gmt":"2022-03-25T14:21:27","guid":{"rendered":"https:\/\/www.caririemacao.com\/1\/?p=243823"},"modified":"2022-03-25T11:21:27","modified_gmt":"2022-03-25T14:21:27","slug":"rainha-elizabeth-de-95-anos-se-recusa-a-usar-cadeira-de-rodas-para-nao-repetir-maldicao-da-irma","status":"publish","type":"post","link":"https:\/\/www.caririemacao.com\/1\/2022\/03\/25\/rainha-elizabeth-de-95-anos-se-recusa-a-usar-cadeira-de-rodas-para-nao-repetir-maldicao-da-irma\/","title":{"rendered":"Rainha Elizabeth, de 95 anos, se recusa a usar cadeira de rodas para n\u00e3o repetir &#8216;maldi\u00e7\u00e3o&#8217; da irm\u00e3"},"content":{"rendered":"<p>A rainha Elizabeth II, de 95 anos de idade, voltou a aparecer em um p\u00fablico de bengala. A ocasi\u00e3o foi a comemora\u00e7\u00e3o dos 70 anos da empresa de artesanato brit\u00e2nica Halcyon Days, que fez uma exposi\u00e7\u00e3o de algumas de suas pe\u00e7as, incluindo alguns bem raros, da d\u00e9cada de 1950.<\/p>\n<p>Com um vestido colorido e florido, a monarca estava usando uma bengala, colar de p\u00e9rolas e com sua tradicional bolsa a tiracolo durante o evento, que aconteceu em sua casa, o Castelo de Windsor.<\/p>\n<p>Na pr\u00f3xima ter\u00e7a (29), a rainha pretende participar do culto de a\u00e7\u00e3o de gra\u00e7as para lembrar o seu marido, o pr\u00edncipe Philip, que morreu h\u00e1 quase um ano, no dia 9 de abril de 2021. A monarca deve voar 15 minutos de helic\u00f3ptero do Castelo de Windsor ao Pal\u00e1cio de Buckingham para o evento e, em seguida, ser\u00e1 levada a uma curta dist\u00e2ncia do Pal\u00e1cio at\u00e9 a Abadia de Westminster.<\/p>\n<p>Segundo fontes pr\u00f3ximas \u00e0 rainha, ela se recusa a aparecer em p\u00fablico de cadeira de rodas. Um dos motivos seria supersti\u00e7\u00e3o, j\u00e1 que a princesa Margaret, irm\u00e3 de Elizabeth, apareceu de cadeira de rodas em p\u00fablico meses antes de sua morte e ela n\u00e3o gostaria que a hist\u00f3ria se repetisse.<\/p>\n<p>Margaret morreu em 2002, aos 71 anos, e fez uso de cadeira de rodas por quatro anos por conta das debilita\u00e7\u00f5es causadas por uma s\u00e9rie de ataques card\u00edacos sofridos a partir de 1998.<\/p>\n<p>O bi\u00f3grafo Robert Hardman, autor do livro Queen of Our Times: The Life of Elizabeth II, segundo o DailyMail, disse: &#8220;ela \u00e9 a rainha e ela quer ser vista como a rainha, ela quer continuar representando o seu papel&#8221;. Em sua resid\u00eancia oficial, por\u00e9m, fontes garantem que a rainha segue com pouca mobilidade e realizando apenas tarefas leves, que n\u00e3o demandem esfor\u00e7o.<\/p>\n<p>ClickPB<\/p>\n","protected":false},"excerpt":{"rendered":"<p>A rainha Elizabeth II, de 95 anos de idade, voltou a aparecer em um p\u00fablico de bengala. A ocasi\u00e3o foi a comemora\u00e7\u00e3o dos 70 anos da empresa de artesanato brit\u00e2nica Halcyon Days, que fez uma exposi\u00e7\u00e3o de algumas de suas pe\u00e7as, incluindo alguns bem raros, da d\u00e9cada de 1950. Com um vestido colorido e florido, a monarca estava usando uma bengala, colar de p\u00e9rolas e com sua tradicional bolsa a tiracolo durante o evento, que aconteceu em sua casa, o Castelo de Windsor. Na pr\u00f3xima ter\u00e7a (29), a rainha pretende participar do culto de a\u00e7\u00e3o de gra\u00e7as para lembrar o seu marido, o pr\u00edncipe Philip, que morreu h\u00e1 quase um ano, no dia 9 de abril de 2021. A monarca deve voar 15 minutos de helic\u00f3ptero do Castelo de Windsor ao Pal\u00e1cio de Buckingham para o evento e, em seguida, ser\u00e1 levada a uma curta dist\u00e2ncia do Pal\u00e1cio at\u00e9 a Abadia de Westminster. Segundo fontes pr\u00f3ximas \u00e0 rainha, ela se recusa a aparecer em p\u00fablico de cadeira de rodas. Um dos motivos seria supersti\u00e7\u00e3o, j\u00e1 que a princesa Margaret, irm\u00e3 de Elizabeth, apareceu de cadeira de rodas em p\u00fablico meses antes de sua morte e ela n\u00e3o gostaria que a hist\u00f3ria se repetisse. Margaret morreu em 2002, aos 71 anos, e fez uso de cadeira de rodas por quatro anos por conta das debilita\u00e7\u00f5es causadas por uma s\u00e9rie de ataques card\u00edacos sofridos a partir de 1998. O bi\u00f3grafo Robert Hardman, autor do livro Queen of Our Times: The Life of Elizabeth II, segundo o DailyMail, disse: &#8220;ela \u00e9 a rainha e ela quer ser vista como a rainha, ela quer continuar representando o seu papel&#8221;. Em sua resid\u00eancia oficial, por\u00e9m, fontes garantem que a rainha segue com pouca mobilidade e realizando apenas tarefas leves, que n\u00e3o demandem esfor\u00e7o. ClickPB<\/p>\n","protected":false},"author":6,"featured_media":243824,"comment_status":"closed","ping_status":"closed","sticky":false,"template":"","format":"standard","meta":{"sfsi_plus_gutenberg_text_before_share":"","sfsi_plus_gutenberg_show_text_before_share":"","sfsi_plus_gutenberg_icon_type":"","sfsi_plus_gutenberg_icon_alignemt":"","sfsi_plus_gutenburg_max_per_row":"","footnotes":""},"categories":[103],"tags":[],"class_list":["post-243823","post","type-post","status-publish","format-standard","has-post-thumbnail","hentry","category-mundo"],"_links":{"self":[{"href":"https:\/\/www.caririemacao.com\/1\/wp-json\/wp\/v2\/posts\/243823","targetHints":{"allow":["GET"]}}],"collection":[{"href":"https:\/\/www.caririemacao.com\/1\/wp-json\/wp\/v2\/posts"}],"about":[{"href":"https:\/\/www.caririemacao.com\/1\/wp-json\/wp\/v2\/types\/post"}],"author":[{"embeddable":true,"href":"https:\/\/www.caririemacao.com\/1\/wp-json\/wp\/v2\/users\/6"}],"replies":[{"embeddable":true,"href":"https:\/\/www.caririemacao.com\/1\/wp-json\/wp\/v2\/comments?post=243823"}],"version-history":[{"count":1,"href":"https:\/\/www.caririemacao.com\/1\/wp-json\/wp\/v2\/posts\/243823\/revisions"}],"predecessor-version":[{"id":243825,"href":"https:\/\/www.caririemacao.com\/1\/wp-json\/wp\/v2\/posts\/243823\/revisions\/243825"}],"wp:featuredmedia":[{"embeddable":true,"href":"https:\/\/www.caririemacao.com\/1\/wp-json\/wp\/v2\/media\/243824"}],"wp:attachment":[{"href":"https:\/\/www.caririemacao.com\/1\/wp-json\/wp\/v2\/media?parent=243823"}],"wp:term":[{"taxonomy":"category","embeddable":true,"href":"https:\/\/www.caririemacao.com\/1\/wp-json\/wp\/v2\/categories?post=243823"},{"taxonomy":"post_tag","embeddable":true,"href":"https:\/\/www.caririemacao.com\/1\/wp-json\/wp\/v2\/tags?post=243823"}],"curies":[{"name":"wp","href":"https:\/\/api.w.org\/{rel}","templated":true}]}}