{"id":24407,"date":"2017-07-23T10:48:06","date_gmt":"2017-07-23T13:48:06","guid":{"rendered":"http:\/\/caririemacao.com\/1\/?p=24407"},"modified":"2017-07-23T10:49:10","modified_gmt":"2017-07-23T13:49:10","slug":"anot-denuncia-grupo-criminoso-e-cita-manoel-jr-vice-prefeito-de-jp","status":"publish","type":"post","link":"https:\/\/www.caririemacao.com\/1\/2017\/07\/23\/anot-denuncia-grupo-criminoso-e-cita-manoel-jr-vice-prefeito-de-jp\/","title":{"rendered":"Janot  denuncia \u2018grupo criminoso\u2019 e cita Manoel Jr., vice-prefeito de JP"},"content":{"rendered":"<p>O atual procurador-Geral da Rep\u00fablica, Rodrigo Janot, comentou sobre um perigoso \u201cgrupo criminoso\u201d que atua dentro da C\u00e2mara dos Deputados. O procurador se refere ao Partido do Movimento Democr\u00e1tico Brasileiro (PMDB). O que fez Janot caracterizar o grupo como criminoso foi a den\u00fancia apresentada pela procuradoria contra o presidente da Rep\u00fablica, Michel Temer. Entre os participantes do grupo citado por Janot est\u00e1 o vice-prefeito de Jo\u00e3o Pessoa, Manoel Junior.<\/p>\n<p>Segundo Janot, o PMDB montou um esquema il\u00edcito, tendo como base o partido a fim de proporcionar enriquecimento para grupos empresariais e pol\u00edticos, desviando dinheiro p\u00fablico e buscando formas para financiar campanhas eleitorais. O grupo seria muito organizado e articulado pelos pr\u00f3prios parlamentares na C\u00e2mara.<\/p>\n<p>Na den\u00fancia apresentada contra Temer, o procurador foi enf\u00e1tico e explicou exatamente como \u00e9 atua\u00e7\u00e3o desse grupo criminoso. Conforme as investiga\u00e7\u00f5es da Opera\u00e7\u00e3o Lava Jato avan\u00e7am, mais pol\u00edticos e partidos se mostram \u201cencrencados\u201d com a Justi\u00e7a.<\/p>\n<h2>Pol\u00edticos \u2018enrolados\u2019<\/h2>\n<p>Na den\u00fancia de Janot, quinze pol\u00edticos, em sua maioria deputados federais, est\u00e3o arrolados em den\u00fancias. Al\u00e9m do PMDB, partidos como o PSC, PTB e PTC tamb\u00e9m aparecem na lista.<\/p>\n<p>Esses deputados federais atuavam de forma a indicar pessoas para cargos importantes dentro da Petrobras e da Caixa Econ\u00f4mica Federal. Eles tamb\u00e9m faziam de tudo para beneficiar banqueiros e empreiteiras. H\u00e1 deputados que tamb\u00e9m est\u00e3o sendo investigados, mas n\u00e3o no inqu\u00e9rito 4327 aberto por Janot, em outros inqu\u00e9ritos que j\u00e1 foram colocados em a\u00e7\u00e3o.<\/p>\n<p>Os processos na Justi\u00e7a acabam se \u201cunindo\u201d, de certa forma, j\u00e1 que os esquemas il\u00edcitos est\u00e3o relacionados.<\/p>\n<p>Veja a seguir a lista de alguns pol\u00edticos citados na den\u00fancia:<\/p>\n<p>Andr\u00e9 Moura, do PSC-SE<br \/>\nAn\u00edvel Gomes, do PMDB-CE<br \/>\nAltineu Cort\u00eas, do PMDB-RJ<br \/>\n<strong>Manoel J\u00fanior, do PMDB-PB, vice-prefeito da Capital<\/strong><br \/>\nArnaldo Faria de S\u00e1, do PTB-SP<br \/>\nEduardo Cunha, ex-presidente da C\u00e2mara e atualmente preso, do PMDB-RJ<br \/>\nAlexandre Santos, PMDB-RJ<br \/>\nHenrique Eduardo Alves, PMDB-RN<br \/>\nCarlos Willian, do PTC-MG<br \/>\nJo\u00e3o Magalh\u00e3es, do PMDB-MG<br \/>\nNelson Borniel, do PMDB-RJ<br \/>\nSolange Almeira, PMDB-RJ<\/p>\n<p>Al\u00e9m de pol\u00edticos, h\u00e1 doleiros e banqueiros que est\u00e3o sendo investigados por fazer parte da \u201cquadrilha\u201d que se firmou na C\u00e2mara. Andr\u00e9 Esteves, L\u00facio Funaro e Fernando Soares, tamb\u00e9m s\u00e3o alvo dos investigadores.<\/p>\n<p>Michel Temer \u00e9 acusado de corrup\u00e7\u00e3o passiva, juntamente com seu ex-assessor especial, Rodrigo Rocha Loures, que foi encontrado pela #Pol\u00edcia Federal carregando uma mala com R$ 500 mil em propina. As informa\u00e7\u00f5es s\u00e3o do blog de Fernando Caldeira.<\/p>\n<p><strong>CARIRI EM A\u00c7\u00c3O<\/strong><\/p>\n<p><em>Com Para\u00edba J\u00e1<\/em><em>\/Foto: Google<\/em><\/p>\n<p><strong>Leia mais not\u00edcias em\u00a0<\/strong><a href=\"http:\/\/www.caririemacao.com\/\"><strong>caririemacao.com<\/strong><\/a><strong>, siga nossa p\u00e1gina no\u00a0<\/strong><a href=\"https:\/\/www.facebook.com\/CaririEmAcao\/?ref=aymt_homepage_panel\"><strong>Facebook<\/strong><\/a><strong>\u00a0e\u00a0<a href=\"https:\/\/www.instagram.com\/cariri_em_acao\/?hl=pt-br\">Instagram<\/a>\u00a0veja nossas mat\u00e9rias e fotos. Voc\u00ea tamb\u00e9m pode enviar informa\u00e7\u00f5es \u00e0 Reda\u00e7\u00e3o do Portal Cariri em A\u00e7\u00e3o pelo WhatsApp (83) 9 9634.5791, (83) 9 9601-1162.<\/strong><\/p>\n","protected":false},"excerpt":{"rendered":"<p>O atual procurador-Geral da Rep\u00fablica, Rodrigo Janot, comentou sobre um perigoso \u201cgrupo criminoso\u201d que atua dentro da C\u00e2mara dos Deputados. O procurador se refere ao&hellip; <\/p>\n","protected":false},"author":2,"featured_media":24408,"comment_status":"closed","ping_status":"closed","sticky":false,"template":"","format":"standard","meta":{"sfsi_plus_gutenberg_text_before_share":"","sfsi_plus_gutenberg_show_text_before_share":"","sfsi_plus_gutenberg_icon_type":"","sfsi_plus_gutenberg_icon_alignemt":"","sfsi_plus_gutenburg_max_per_row":"","footnotes":""},"categories":[2],"tags":[],"class_list":["post-24407","post","type-post","status-publish","format-standard","has-post-thumbnail","hentry","category-geral"],"_links":{"self":[{"href":"https:\/\/www.caririemacao.com\/1\/wp-json\/wp\/v2\/posts\/24407","targetHints":{"allow":["GET"]}}],"collection":[{"href":"https:\/\/www.caririemacao.com\/1\/wp-json\/wp\/v2\/posts"}],"about":[{"href":"https:\/\/www.caririemacao.com\/1\/wp-json\/wp\/v2\/types\/post"}],"author":[{"embeddable":true,"href":"https:\/\/www.caririemacao.com\/1\/wp-json\/wp\/v2\/users\/2"}],"replies":[{"embeddable":true,"href":"https:\/\/www.caririemacao.com\/1\/wp-json\/wp\/v2\/comments?post=24407"}],"version-history":[{"count":0,"href":"https:\/\/www.caririemacao.com\/1\/wp-json\/wp\/v2\/posts\/24407\/revisions"}],"wp:featuredmedia":[{"embeddable":true,"href":"https:\/\/www.caririemacao.com\/1\/wp-json\/wp\/v2\/media\/24408"}],"wp:attachment":[{"href":"https:\/\/www.caririemacao.com\/1\/wp-json\/wp\/v2\/media?parent=24407"}],"wp:term":[{"taxonomy":"category","embeddable":true,"href":"https:\/\/www.caririemacao.com\/1\/wp-json\/wp\/v2\/categories?post=24407"},{"taxonomy":"post_tag","embeddable":true,"href":"https:\/\/www.caririemacao.com\/1\/wp-json\/wp\/v2\/tags?post=24407"}],"curies":[{"name":"wp","href":"https:\/\/api.w.org\/{rel}","templated":true}]}}