{"id":244070,"date":"2022-03-30T09:20:06","date_gmt":"2022-03-30T12:20:06","guid":{"rendered":"https:\/\/www.caririemacao.com\/1\/?p=244070"},"modified":"2022-03-30T09:20:06","modified_gmt":"2022-03-30T12:20:06","slug":"rosa-weber-nega-arquivar-inquerito-sobre-atuacao-de-bolsonaro-no-caso-covaxin","status":"publish","type":"post","link":"https:\/\/www.caririemacao.com\/1\/2022\/03\/30\/rosa-weber-nega-arquivar-inquerito-sobre-atuacao-de-bolsonaro-no-caso-covaxin\/","title":{"rendered":"Rosa Weber nega arquivar inqu\u00e9rito sobre atua\u00e7\u00e3o de Bolsonaro no caso Covaxin"},"content":{"rendered":"<p>A ministra Rosa Weber, do Supremo Tribunal Federal (STF), negou o pedido da Procuradoria-Geral da Rep\u00fablica (PGR) para arquivar o inqu\u00e9rito que investiga se o presidente Jair Bolsonaro (PL) cometeu crime de prevarica\u00e7\u00e3o no caso da negocia\u00e7\u00e3o da vacina Covaxin.<\/p>\n<p>Prevaricar \u00e9 retardar ou deixar de praticar um ato de que seria de responsabilidade do servidor p\u00fablico ou fazer isso de forma contr\u00e1ria \u00e0 lei para &#8220;satisfazer interesse ou sentimento pessoal&#8221;. O delito \u00e9 listado entre os crimes praticados por servidores contra a administra\u00e7\u00e3o p\u00fablica.<\/p>\n<p>A investiga\u00e7\u00e3o foi aberta a partir de pedido da CPI da Covid, depois que o deputado Luis Miranda (Republicanos-DF) afirmou ter alertado presidente sobre suspeitas na compra da vacina indiana.<\/p>\n<p>g1<\/p>\n","protected":false},"excerpt":{"rendered":"<p>A ministra Rosa Weber, do Supremo Tribunal Federal (STF), negou o pedido da Procuradoria-Geral da Rep\u00fablica (PGR) para arquivar o inqu\u00e9rito que investiga se o presidente Jair Bolsonaro (PL) cometeu crime de prevarica\u00e7\u00e3o no caso da negocia\u00e7\u00e3o da vacina Covaxin. Prevaricar \u00e9 retardar ou deixar de praticar um ato de que seria de responsabilidade do servidor p\u00fablico ou fazer isso de forma contr\u00e1ria \u00e0 lei para &#8220;satisfazer interesse ou sentimento pessoal&#8221;. O delito \u00e9 listado entre os crimes praticados por servidores contra a administra\u00e7\u00e3o p\u00fablica. A investiga\u00e7\u00e3o foi aberta a partir de pedido da CPI da Covid, depois que o deputado Luis Miranda (Republicanos-DF) afirmou ter alertado presidente sobre suspeitas na compra da vacina indiana. g1<\/p>\n","protected":false},"author":6,"featured_media":244078,"comment_status":"closed","ping_status":"closed","sticky":false,"template":"","format":"standard","meta":{"sfsi_plus_gutenberg_text_before_share":"","sfsi_plus_gutenberg_show_text_before_share":"","sfsi_plus_gutenberg_icon_type":"","sfsi_plus_gutenberg_icon_alignemt":"","sfsi_plus_gutenburg_max_per_row":"","footnotes":""},"categories":[98],"tags":[],"class_list":["post-244070","post","type-post","status-publish","format-standard","has-post-thumbnail","hentry","category-presidente"],"_links":{"self":[{"href":"https:\/\/www.caririemacao.com\/1\/wp-json\/wp\/v2\/posts\/244070","targetHints":{"allow":["GET"]}}],"collection":[{"href":"https:\/\/www.caririemacao.com\/1\/wp-json\/wp\/v2\/posts"}],"about":[{"href":"https:\/\/www.caririemacao.com\/1\/wp-json\/wp\/v2\/types\/post"}],"author":[{"embeddable":true,"href":"https:\/\/www.caririemacao.com\/1\/wp-json\/wp\/v2\/users\/6"}],"replies":[{"embeddable":true,"href":"https:\/\/www.caririemacao.com\/1\/wp-json\/wp\/v2\/comments?post=244070"}],"version-history":[{"count":1,"href":"https:\/\/www.caririemacao.com\/1\/wp-json\/wp\/v2\/posts\/244070\/revisions"}],"predecessor-version":[{"id":244079,"href":"https:\/\/www.caririemacao.com\/1\/wp-json\/wp\/v2\/posts\/244070\/revisions\/244079"}],"wp:featuredmedia":[{"embeddable":true,"href":"https:\/\/www.caririemacao.com\/1\/wp-json\/wp\/v2\/media\/244078"}],"wp:attachment":[{"href":"https:\/\/www.caririemacao.com\/1\/wp-json\/wp\/v2\/media?parent=244070"}],"wp:term":[{"taxonomy":"category","embeddable":true,"href":"https:\/\/www.caririemacao.com\/1\/wp-json\/wp\/v2\/categories?post=244070"},{"taxonomy":"post_tag","embeddable":true,"href":"https:\/\/www.caririemacao.com\/1\/wp-json\/wp\/v2\/tags?post=244070"}],"curies":[{"name":"wp","href":"https:\/\/api.w.org\/{rel}","templated":true}]}}