{"id":244559,"date":"2022-04-07T07:28:20","date_gmt":"2022-04-07T10:28:20","guid":{"rendered":"https:\/\/www.caririemacao.com\/1\/?p=244559"},"modified":"2022-04-07T07:28:20","modified_gmt":"2022-04-07T10:28:20","slug":"brasil-registra-196-mortes-por-covid-e-mais-de-28-mil-casos","status":"publish","type":"post","link":"https:\/\/www.caririemacao.com\/1\/2022\/04\/07\/brasil-registra-196-mortes-por-covid-e-mais-de-28-mil-casos\/","title":{"rendered":"Brasil registra 196 mortes por Covid e mais de 28 mil casos"},"content":{"rendered":"<p>O Brasil registrou 196 mortes por Covid e 28.451 casos da doen\u00e7a, nesta quarta-feira. O pa\u00eds, assim, chega a 660.782 vidas perdidas e a 30.066.264 pessoas infectadas pelo Sars-CoV-2 desde o in\u00edcio da pandemia.<\/p>\n<p>As m\u00e9dias m\u00f3veis de mortes e casos continuam em queda em rela\u00e7\u00e3o aos dados de duas semanas atr\u00e1s. A m\u00e9dia de \u00f3bitos agora \u00e9 de 173 por dia, redu\u00e7\u00e3o de 36%, e a de infec\u00e7\u00f5es \u00e9 de 21.978 por dia, tamb\u00e9m uma diminui\u00e7\u00e3o de 36%.<\/p>\n<p>Os dados do pa\u00eds, coletados at\u00e9 20h, s\u00e3o fruto de colabora\u00e7\u00e3o entre Folha de S.Paulo, UOL, O Estado de S. Paulo, Extra, O Globo e G1 para reunir e divulgar os n\u00fameros relativos \u00e0 pandemia do novo coronav\u00edrus. As informa\u00e7\u00f5es s\u00e3o recolhidas pelo cons\u00f3rcio de ve\u00edculos de imprensa diariamente com as Secretarias de Sa\u00fade estaduais.<\/p>\n<p>Em rela\u00e7\u00e3o \u00e0 vacina\u00e7\u00e3o, o Brasil registrou 717.448 doses de vacinas contra Covid-19 nesta quarta. De acordo com dados das secretarias estaduais de Sa\u00fade, foram 106.186 primeiras doses e 239.697 segundas doses. Tamb\u00e9m foram registradas 3.983 doses \u00fanicas e 367.582 doses de refor\u00e7o.<\/p>\n<p>A Bahia teve registro negativo de primeiras doses (-51.006). O Cear\u00e1 teve registro negativo de doses \u00fanicas (-98). O Amazonas e Goi\u00e1s registraram doses de refor\u00e7o negativas, respectivamente -76.772 e -125.461.<\/p>\n<p>Ao todo, 176.168.280 pessoas receberam pelo menos a primeira dose de uma vacina contra a Covid no Brasil \u2013156.889.566 delas j\u00e1 receberam a segunda dose do imunizante. Somadas as doses \u00fanicas da vacina da Janssen contra a Covid, j\u00e1 s\u00e3o 161.626.084 pessoas com as duas doses ou com uma dose da vacina da Janssen.<\/p>\n<p>Assim, o pa\u00eds j\u00e1 tem 82,00% da popula\u00e7\u00e3o com a 1\u00aa dose e 75,23% dos brasileiros com as duas doses ou com uma dose da vacina da Janssen.<\/p>\n<p>At\u00e9 o momento, 79.896.209 pessoas j\u00e1 tomaram dose de refor\u00e7o, o que representa 37,19% da popula\u00e7\u00e3o brasileira.<\/p>\n<p>O cons\u00f3rcio re\u00fane tamb\u00e9m o registro das doses de vacinas aplicadas em crian\u00e7as. A popula\u00e7\u00e3o de 5 a 11 anos parcialmente imunizada (com somente a primeira dose de vacina recebida) \u00e9 de 53,52%, totalizando 10.970.866. Na mesma faixa et\u00e1ria, 18,34% (3.759.023) recebeu a segunda dose ou a dose \u00fanica.<\/p>\n<p>Os dados da vacina\u00e7\u00e3o contra a Covid-19 foram afetados pelo ataque hacker ao sistema do Minist\u00e9rio da Sa\u00fade, ocorrido em dezembro, o que levou \u00e0 falta de atualiza\u00e7\u00e3o em diversos estados por longos per\u00edodos de tempo. Neste domingo, as informa\u00e7\u00f5es foram atualizadas em 21 estados e no Distrito Federal.<\/p>\n<p>O cons\u00f3rcio de ve\u00edculos de imprensa recentemente atualizou os n\u00fameros de popula\u00e7\u00e3o brasileira usados para calcular o percentual de pessoas vacinadas no pa\u00eds. Agora, os dados usados s\u00e3o a proje\u00e7\u00e3o do IBGE (Instituto Brasileiro de Geografia e Estat\u00edstica) para 2022. Todos os n\u00fameros passam a ser calculados de acordo com esses valores, inclusive os do ano passado. Por isso, os percentuais de pessoas vacinadas podem apresentar alguma diverg\u00eancia em rela\u00e7\u00e3o aos n\u00fameros publicados anteriormente.<\/p>\n<p>Mesmo quem recebeu as duas doses ou uma dose da vacina da Janssen deve manter cuidados b\u00e1sicos, como uso de m\u00e1scara e distanciamento social, afirmam especialistas.<\/p>\n<p>A iniciativa do cons\u00f3rcio de ve\u00edculos de imprensa ocorreu em resposta \u00e0s atitudes do governo Jair Bolsonaro (PL), que amea\u00e7ou sonegar dados, atrasou boletins sobre a doen\u00e7a e tirou informa\u00e7\u00f5es do ar, com a interrup\u00e7\u00e3o da divulga\u00e7\u00e3o dos totais de casos e mortes. Al\u00e9m disso, o governo divulgou dados conflitantes.<\/p>\n<p>FolhaPress<\/p>\n","protected":false},"excerpt":{"rendered":"<p>O Brasil registrou 196 mortes por Covid e 28.451 casos da doen\u00e7a, nesta quarta-feira. O pa\u00eds, assim, chega a 660.782 vidas perdidas e a 30.066.264 pessoas infectadas pelo Sars-CoV-2 desde o in\u00edcio da pandemia. As m\u00e9dias m\u00f3veis de mortes e casos continuam em queda em rela\u00e7\u00e3o aos dados de duas semanas atr\u00e1s. A m\u00e9dia de \u00f3bitos agora \u00e9 de 173 por dia, redu\u00e7\u00e3o de 36%, e a de infec\u00e7\u00f5es \u00e9 de 21.978 por dia, tamb\u00e9m uma diminui\u00e7\u00e3o de 36%. Os dados do pa\u00eds, coletados at\u00e9 20h, s\u00e3o fruto de colabora\u00e7\u00e3o entre Folha de S.Paulo, UOL, O Estado de S. Paulo, Extra, O Globo e G1 para reunir e divulgar os n\u00fameros relativos \u00e0 pandemia do novo coronav\u00edrus. As informa\u00e7\u00f5es s\u00e3o recolhidas pelo cons\u00f3rcio de ve\u00edculos de imprensa diariamente com as Secretarias de Sa\u00fade estaduais. Em rela\u00e7\u00e3o \u00e0 vacina\u00e7\u00e3o, o Brasil registrou 717.448 doses de vacinas contra Covid-19 nesta quarta. De acordo com dados das secretarias estaduais de Sa\u00fade, foram 106.186 primeiras doses e 239.697 segundas doses. Tamb\u00e9m foram registradas 3.983 doses \u00fanicas e 367.582 doses de refor\u00e7o. A Bahia teve registro negativo de primeiras doses (-51.006). O Cear\u00e1 teve registro negativo de doses \u00fanicas (-98). O Amazonas e Goi\u00e1s registraram doses de refor\u00e7o negativas, respectivamente -76.772 e -125.461. Ao todo, 176.168.280 pessoas receberam pelo menos a primeira dose de uma vacina contra a Covid no Brasil \u2013156.889.566 delas j\u00e1 receberam a segunda dose do imunizante. Somadas as doses \u00fanicas da vacina da Janssen contra a Covid, j\u00e1 s\u00e3o 161.626.084 pessoas com as duas doses ou com uma dose da vacina da Janssen. Assim, o pa\u00eds j\u00e1 tem 82,00% da popula\u00e7\u00e3o com a 1\u00aa dose e 75,23% dos brasileiros com as duas doses ou com uma dose da vacina da Janssen. At\u00e9 o momento, 79.896.209 pessoas j\u00e1 tomaram dose de refor\u00e7o, o que representa 37,19% da popula\u00e7\u00e3o brasileira. O cons\u00f3rcio re\u00fane tamb\u00e9m o registro das doses de vacinas aplicadas em crian\u00e7as. A popula\u00e7\u00e3o de 5 a 11 anos parcialmente imunizada (com somente a primeira dose de vacina recebida) \u00e9 de 53,52%, totalizando 10.970.866. Na mesma faixa et\u00e1ria, 18,34% (3.759.023) recebeu a segunda dose ou a dose \u00fanica. Os dados da vacina\u00e7\u00e3o contra a Covid-19 foram afetados pelo ataque hacker ao sistema do Minist\u00e9rio da Sa\u00fade, ocorrido em dezembro, o que levou \u00e0 falta de atualiza\u00e7\u00e3o em diversos estados por longos per\u00edodos de tempo. Neste domingo, as informa\u00e7\u00f5es foram atualizadas em 21 estados e no Distrito Federal. O cons\u00f3rcio de ve\u00edculos de imprensa recentemente atualizou os n\u00fameros de popula\u00e7\u00e3o brasileira usados para calcular o percentual de pessoas vacinadas no pa\u00eds. Agora, os dados usados s\u00e3o a proje\u00e7\u00e3o do IBGE (Instituto Brasileiro de Geografia e Estat\u00edstica) para 2022. Todos os n\u00fameros passam a ser calculados de acordo com esses valores, inclusive os do ano passado. Por isso, os percentuais de pessoas vacinadas podem apresentar alguma diverg\u00eancia em rela\u00e7\u00e3o aos n\u00fameros publicados anteriormente. Mesmo quem recebeu as duas doses ou uma dose da vacina da Janssen deve manter cuidados b\u00e1sicos, como uso de m\u00e1scara e distanciamento social, afirmam especialistas. A iniciativa do cons\u00f3rcio de ve\u00edculos de imprensa ocorreu em resposta \u00e0s atitudes do governo Jair Bolsonaro (PL), que amea\u00e7ou sonegar dados, atrasou boletins sobre a doen\u00e7a e tirou informa\u00e7\u00f5es do ar, com a interrup\u00e7\u00e3o da divulga\u00e7\u00e3o dos totais de casos e mortes. Al\u00e9m disso, o governo divulgou dados conflitantes. FolhaPress<\/p>\n","protected":false},"author":6,"featured_media":244560,"comment_status":"closed","ping_status":"closed","sticky":false,"template":"","format":"standard","meta":{"sfsi_plus_gutenberg_text_before_share":"","sfsi_plus_gutenberg_show_text_before_share":"","sfsi_plus_gutenberg_icon_type":"","sfsi_plus_gutenberg_icon_alignemt":"","sfsi_plus_gutenburg_max_per_row":"","footnotes":""},"categories":[123,124,50],"tags":[],"class_list":["post-244559","post","type-post","status-publish","format-standard","has-post-thumbnail","hentry","category-brasil","category-covid-19","category-destaque"],"_links":{"self":[{"href":"https:\/\/www.caririemacao.com\/1\/wp-json\/wp\/v2\/posts\/244559","targetHints":{"allow":["GET"]}}],"collection":[{"href":"https:\/\/www.caririemacao.com\/1\/wp-json\/wp\/v2\/posts"}],"about":[{"href":"https:\/\/www.caririemacao.com\/1\/wp-json\/wp\/v2\/types\/post"}],"author":[{"embeddable":true,"href":"https:\/\/www.caririemacao.com\/1\/wp-json\/wp\/v2\/users\/6"}],"replies":[{"embeddable":true,"href":"https:\/\/www.caririemacao.com\/1\/wp-json\/wp\/v2\/comments?post=244559"}],"version-history":[{"count":1,"href":"https:\/\/www.caririemacao.com\/1\/wp-json\/wp\/v2\/posts\/244559\/revisions"}],"predecessor-version":[{"id":244561,"href":"https:\/\/www.caririemacao.com\/1\/wp-json\/wp\/v2\/posts\/244559\/revisions\/244561"}],"wp:featuredmedia":[{"embeddable":true,"href":"https:\/\/www.caririemacao.com\/1\/wp-json\/wp\/v2\/media\/244560"}],"wp:attachment":[{"href":"https:\/\/www.caririemacao.com\/1\/wp-json\/wp\/v2\/media?parent=244559"}],"wp:term":[{"taxonomy":"category","embeddable":true,"href":"https:\/\/www.caririemacao.com\/1\/wp-json\/wp\/v2\/categories?post=244559"},{"taxonomy":"post_tag","embeddable":true,"href":"https:\/\/www.caririemacao.com\/1\/wp-json\/wp\/v2\/tags?post=244559"}],"curies":[{"name":"wp","href":"https:\/\/api.w.org\/{rel}","templated":true}]}}