{"id":24535,"date":"2017-07-25T11:22:51","date_gmt":"2017-07-25T14:22:51","guid":{"rendered":"http:\/\/caririemacao.com\/1\/?p=24535"},"modified":"2017-07-25T11:22:51","modified_gmt":"2017-07-25T14:22:51","slug":"janot-fara-super-denuncia-contra-temer-antes-de-deixar-a-pgr","status":"publish","type":"post","link":"https:\/\/www.caririemacao.com\/1\/2017\/07\/25\/janot-fara-super-denuncia-contra-temer-antes-de-deixar-a-pgr\/","title":{"rendered":"Janot far\u00e1 \u2018super den\u00fancia\u2019 contra Temer antes de deixar a PGR"},"content":{"rendered":"<section class=\"l-noticia\">O procurador-geral da Rep\u00fablica, Rodrigo Janot, avalia juntar os crimes de obstru\u00e7\u00e3o de Justi\u00e7a e organiza\u00e7\u00e3o criminosa em uma \u00fanica den\u00fancia contra Michel Temer, que deve ser apresentada antes de setembro, quando Janot deixa o cargo.<\/p>\n<p>Temer foi denunciado ao Supremo Tribunal Federal h\u00e1 cerca de um m\u00eas por corrup\u00e7\u00e3o passiva com base na dela\u00e7\u00e3o do Grupo J&amp;F. A acusa\u00e7\u00e3o foi remetida pelo ministro Edson Fachin, relator da Lava Jato no Supremo, \u00e0 C\u00e2mara, que precisa autorizar o prosseguimento da den\u00fancia. A vota\u00e7\u00e3o em plen\u00e1rio est\u00e1 marcada para o pr\u00f3ximo dia 2, ap\u00f3s a volta do recesso do Congresso.<\/p>\n<p>Na \u00e9poca, a PGR avaliou o oferecimento de mais duas den\u00fancias contra Temer, mas agora trabalha com a possibilidade de oferecer somente uma reunindo os dois crimes.<\/p>\n<p>O objetivo \u00e9 refor\u00e7ar a narrativa da acusa\u00e7\u00e3o contra Temer, explorando duas vertentes: uma na qual aponta o envolvimento de Temer com o grupo pol\u00edtico do PMDB da C\u00e2mara, suspeito de praticar desvios na Petrobr\u00e1s e na Caixa Econ\u00f4mica Federal; e outra que trata de eventual liga\u00e7\u00e3o de Temer com a suposta tentativa do empres\u00e1rio Joesley Batista de barrar os acordos de dela\u00e7\u00e3o premiada do deputado cassado Eduardo Cunha (PMDB-RJ) e do corretor L\u00facio Funaro. Procuradores apontam conex\u00e3o entre os crimes de organiza\u00e7\u00e3o criminosa e obstru\u00e7\u00e3o da Justi\u00e7a.<\/p>\n<p>O oferecimento de nova den\u00fancia at\u00e9 setembro depende do encerramento do inqu\u00e9rito que investiga o PMDB da C\u00e2mara pelo crime de quadrilha. Desmembrada do inqu\u00e9rito original do \u201cquadrilh\u00e3o\u201d que tramita no STF e investiga a atua\u00e7\u00e3o do PT, PMDB e PP na Petrobr\u00e1s, a apura\u00e7\u00e3o contra os peemedebistas da C\u00e2mara mira na atua\u00e7\u00e3o desses pol\u00edticos na indica\u00e7\u00e3o de aliados para postos importantes na Petrobr\u00e1s e na Caixa. S\u00e3o investigados tamb\u00e9m pol\u00edticos suspeitos de \u201cvender\u201d requerimentos e emendas parlamentares para beneficiar empreiteiras e banqueiros.<\/p>\n<p>As informa\u00e7\u00f5es s\u00e3o de reportagem de F\u00e1bio Serapi\u00e3o no Estado de S.Paulo.<\/p>\n<p><strong>CARIRI EM A\u00c7\u00c3O<\/strong><\/p>\n<p><em>Com Pol\u00eamica PB\/Foto: Google<\/em><\/p>\n<p><strong>Leia mais not\u00edcias em\u00a0<\/strong><a href=\"http:\/\/www.caririemacao.com\/\"><strong>caririemacao.com<\/strong><\/a><strong>, siga nossa p\u00e1gina no\u00a0<\/strong><a href=\"https:\/\/www.facebook.com\/CaririEmAcao\/?ref=aymt_homepage_panel\"><strong>Facebook<\/strong><\/a><strong>\u00a0e\u00a0<a href=\"https:\/\/www.instagram.com\/cariri_em_acao\/?hl=pt-br\">Instagram<\/a>\u00a0veja nossas mat\u00e9rias e fotos. Voc\u00ea tamb\u00e9m pode enviar informa\u00e7\u00f5es \u00e0 Reda\u00e7\u00e3o do Portal Cariri em A\u00e7\u00e3o pelo WhatsApp (83) 9 9634.5791, (83) 9 9601-1162.<\/strong><\/p>\n<\/section>\n","protected":false},"excerpt":{"rendered":"<p>O procurador-geral da Rep\u00fablica, Rodrigo Janot, avalia juntar os crimes de obstru\u00e7\u00e3o de Justi\u00e7a e organiza\u00e7\u00e3o criminosa em uma \u00fanica den\u00fancia contra Michel Temer, que&hellip; <\/p>\n","protected":false},"author":2,"featured_media":24536,"comment_status":"closed","ping_status":"closed","sticky":false,"template":"","format":"standard","meta":{"sfsi_plus_gutenberg_text_before_share":"","sfsi_plus_gutenberg_show_text_before_share":"","sfsi_plus_gutenberg_icon_type":"","sfsi_plus_gutenberg_icon_alignemt":"","sfsi_plus_gutenburg_max_per_row":"","footnotes":""},"categories":[11],"tags":[],"class_list":["post-24535","post","type-post","status-publish","format-standard","has-post-thumbnail","hentry","category-politica"],"_links":{"self":[{"href":"https:\/\/www.caririemacao.com\/1\/wp-json\/wp\/v2\/posts\/24535","targetHints":{"allow":["GET"]}}],"collection":[{"href":"https:\/\/www.caririemacao.com\/1\/wp-json\/wp\/v2\/posts"}],"about":[{"href":"https:\/\/www.caririemacao.com\/1\/wp-json\/wp\/v2\/types\/post"}],"author":[{"embeddable":true,"href":"https:\/\/www.caririemacao.com\/1\/wp-json\/wp\/v2\/users\/2"}],"replies":[{"embeddable":true,"href":"https:\/\/www.caririemacao.com\/1\/wp-json\/wp\/v2\/comments?post=24535"}],"version-history":[{"count":0,"href":"https:\/\/www.caririemacao.com\/1\/wp-json\/wp\/v2\/posts\/24535\/revisions"}],"wp:featuredmedia":[{"embeddable":true,"href":"https:\/\/www.caririemacao.com\/1\/wp-json\/wp\/v2\/media\/24536"}],"wp:attachment":[{"href":"https:\/\/www.caririemacao.com\/1\/wp-json\/wp\/v2\/media?parent=24535"}],"wp:term":[{"taxonomy":"category","embeddable":true,"href":"https:\/\/www.caririemacao.com\/1\/wp-json\/wp\/v2\/categories?post=24535"},{"taxonomy":"post_tag","embeddable":true,"href":"https:\/\/www.caririemacao.com\/1\/wp-json\/wp\/v2\/tags?post=24535"}],"curies":[{"name":"wp","href":"https:\/\/api.w.org\/{rel}","templated":true}]}}