{"id":24538,"date":"2017-07-25T11:27:35","date_gmt":"2017-07-25T14:27:35","guid":{"rendered":"http:\/\/caririemacao.com\/1\/?p=24538"},"modified":"2017-07-25T11:27:35","modified_gmt":"2017-07-25T14:27:35","slug":"mst-ocupa-fazenda-do-ministro-blairo-maggi","status":"publish","type":"post","link":"https:\/\/www.caririemacao.com\/1\/2017\/07\/25\/mst-ocupa-fazenda-do-ministro-blairo-maggi\/","title":{"rendered":"MST ocupa fazenda do Ministro Blairo Maggi"},"content":{"rendered":"<p>Como parte da Jornada Nacional de Luta pela Reforma Agr\u00e1ria e, cerca de 1000 fam\u00edlias de todos os estados da regi\u00e3o centro-oeste e Distrito Federal ocuparam, nesta madrugada (25), a fazenda do ministro da Agricultura, Blairo Maggi (PP), localizada em Rondon\u00f3polis, a 210 quil\u00f4metros da capital Cuiab\u00e1.<\/p>\n<p>Conhecido como \u201cRei da Soja\u201d, Maggi \u00e9 dono de um grande imp\u00e9rio econ\u00f4mico, o grupo Amaggi, e envolvido em conjunto de den\u00fancias de uso das legislaturas, como o de senador, para legislar em causa pr\u00f3pria e para o fortalecimento das empresas de agroneg\u00f3cio. No ano de 2006 o Greenpeace lhe concedeu o pr\u00eamio Motosserra do ano, por elevados danos ao meio ambiente. Blairo tamb\u00e9m estava envolvido em eventos ainda n\u00e3o esclarecidos como a intercepta\u00e7\u00e3o pela For\u00e7a \u00c1rea Brasileira (FAB) de uma avia\u00e7\u00e3o que transportava 500 quilos de coca\u00edna. Segundo a FAB, a aeronave decolou da Fazenda Itamarati Norte, localizada no munic\u00edpio de Campo Novo do Pareceis (MT). A fazenda pertence ao grupo Maggi.<\/p>\n<p>Jornada Nacional de Lutas<br \/>\nPara reposicionar a pauta da luta pela terra e pela Reforma Agr\u00e1ria e denunciar o conjunto de retirada de direitos em curso pelo governo de Michel Temer (PMDB), o MST realiza a partir do dia 25, em alus\u00e3o ao Dia do Trabalhador Rural, comemorado na mesma data, a Jornada Nacional de Lutas pela Reforma Agr\u00e1ria. \u201cEstamos mobilizados, para denunciar e lutar contra esse governo Temer que junto a bancada ruralista est\u00e3o loteando o Brasil para os estradeiros e de montando a reforma agr\u00e1ria, privatizando os lotes e legalizando a grilagem de terra, grilagem \u00e9 crime e eles querem legalizar o crime\u201d, denuncia o membro da coordena\u00e7\u00e3o nacional do MST, Alexandre Concei\u00e7\u00e3o.<\/p>\n<p>O dirigente faz refer\u00eancia ao conjunto de a\u00e7\u00f5es articuladas entre Executivo e Legislativo para favorecimento de setor do agroneg\u00f3cio. Bancada majorit\u00e1ria no Congresso Nacional, com mais de 250 parlamentares, e um dos pilares de sustenta\u00e7\u00e3o do governo Temer, expoentes deste setor vinculados \u00e0 Frente Parlamentar da Agropecu\u00e1ria (FPA) foram os art\u00edfices da aprova\u00e7\u00e3o de projetos como a Medida Provis\u00f3ria 759 e a conclus\u00e3o da Comiss\u00e3o Parlamentar de Inqu\u00e9rito (CPI) que a atua\u00e7\u00e3o do Instituto Nacional de Coloniza\u00e7\u00e3o e Reforma Agr\u00e1ria (Incra) e a Funda\u00e7\u00e3o Nacional do \u00cdndio (Funai) na destina\u00e7\u00e3o de terras para a reforma agr\u00e1ria e na demarca\u00e7\u00e3o de terras ind\u00edgenas e de remanescentes de quilombos. Ambas medidas visam a criminaliza\u00e7\u00e3o de movimentos de luta pela terra e ganhos ao grande capital atuante nas terras brasileiras, por meio do grilo e terras e anistia \u00e0 dividas de grandes propriet\u00e1rios, e devem amplificar um clima de convuls\u00e3o social no campo.<\/p>\n<p>\u201cEstamos lutando pela desapropria\u00e7\u00e3o de terras para assentar as mais de 130 mil fam\u00edlias e nela produzir alimento saud\u00e1vel na agroecologia e gerar empregos no campo\u201d, complementa o dirigente.<\/p>\n<p>Nota da regi\u00e3o Centro-oeste<br \/>\nO Movimento dos Trabalhadores Rurais Sem Terra-MST iniciou nessa manh\u00e3 do dia do trabalhador rural mais uma jornada nacional de luta pela Reforma Agr\u00e1ria com o lema \u201ccorruptos, devolvam nossas terras\u201d! No estado do Mato grosso fam\u00edlias de Sem Terras de diversas regi\u00f5es ocuparam um grande latif\u00fandio na regi\u00e3o sul do estado.<\/p>\n<p>A \u00e1rea \u00e9 um dos latif\u00fandios do Grupo AMAGGI (SM 02) e est\u00e1 localizada nas margens da BR 163 em torno de 25 KM da Cidade de Rondon\u00f3polis sentido Campo Grande pr\u00f3ximo do terminal da ferrovia Norte Sul.<\/p>\n<p>A luta por Reforma Agr\u00e1ria est\u00e1 intimamente vinculada, neste contexto, \u00e0 luta pelo restabelecimento da Democracia, golpeada por uma conspira\u00e7\u00e3o muitas vezes realizada nas sedes de ricas fazendas. A partir do Golpe midi\u00e1tico-parlamentar-judicial-financeiro, a atmosfera de recrudescimento de for\u00e7as conservadoras tomou o pa\u00eds,estourando sobre o elo fr\u00e1gil do campon\u00eas afastado do alcance do Estado nos rinc\u00f5es do pa\u00eds. Os assassinatos no campo saltaram para 68 v\u00edtimas somente em 2017, incluindo13 jovens, 6 mulheres, 13 ind\u00edgenas e 4 quilombolas.<\/p>\n<p>Al\u00e9m das ocupa\u00e7\u00f5es de fazendas para cobrar sua destina\u00e7\u00e3o para a Reforma Agr\u00e1ria, o MST se coloca em vig\u00edlia pela Democracia at\u00e9 o dia 2\/08, quando ser\u00e1 julgada pela C\u00e2mara de Deputados a den\u00fancia de corrup\u00e7\u00e3o contra o golpista Temer.<\/p>\n<p>O complexo AMAGGI est\u00e1 comemorando quarenta anos de atua\u00e7\u00e3o em Mato Grosso. Durante esse per\u00edodo tem deixado marcas profundas no desenvolvimento do campo mato-grossense como a concentra\u00e7\u00e3o da propriedade da terra, a destrui\u00e7\u00e3o ambiental tendo sido homenageado pelo motosserra de ouro, a explora\u00e7\u00e3o de pequenos e m\u00e9dios produtores por serem obrigados a comercializarem a produ\u00e7\u00e3o em fun\u00e7\u00e3o do financiamento e transporte concedido pelo grupo.<\/p>\n<p>A fam\u00edlia Maggi, segundo a revista Forbes de 2014,ocupava o s\u00e9timo lugar no ranking entre as fam\u00edlias mais bilion\u00e1rias do Brasil com uma fortuna estimada em 4,9 bilh\u00f5es de d\u00f3lares. Quanto a origem dessa fortuna h\u00e1 v\u00e1rias possibilidades, entre elas, a apropria\u00e7\u00e3o indevida de recursos p\u00fablicos tendo em vista o forte poder econ\u00f4mico e pol\u00edtico que o grupo AMAGGI exerce sobre a pol\u00edtica local e nacional, bem como da apropria\u00e7\u00e3o de terras p\u00fablicas como \u00e9 a situa\u00e7\u00e3o da fazenda Nossa Senhora Aparecida no munic\u00edpio de Jaciara. Ainda necessita de esclarecimento mais consistentes sobre o avi\u00e3o apreendido com mais de meia toneladas de drogas, que segundo a FAB, decolou da fazenda Itamarati de propriedade do Ministro Blairo Maggi, gerando no m\u00ednimo suspeitas sobre o envolvimento do atual ministro j\u00e1 que nos \u00faltimos tempos o \u201cagro\u00e9droga\u201d o agro \u00e9 sin\u00f4nimo de corrup\u00e7\u00e3o.<\/p>\n<p>O Maggi mais conhecido \u00e9 Blairo Maggi, senador e o atual ministro da agricultura do presidente golpista Michel Temer. Blairo exerce a fun\u00e7\u00e3o de ministro para garantir o as condi\u00e7\u00f5es necess\u00e1rias para o desenvolvimento das suas fazendas e do agroneg\u00f3cio. Entre as principais a\u00e7\u00f5es se destacam apoio para autorizar a venda de mais veneno para usar na agropecu\u00e1ria, redu\u00e7\u00e3o das \u00e1reas de preserva\u00e7\u00e3o ambiental como \u00e9 o caso da Reserva do Jamanxim no estado do Para.<\/p>\n<p>O Ministro tem apoiado atrav\u00e9s da bancada ruralista no senado e da maioria da bancada federal do estado do Mato Grosso as contrarreformas trabalhistas e previdenci\u00e1ria provocando um retrocesso hist\u00f3rico nas condi\u00e7\u00f5es de trabalho e previdenci\u00e1ria da classe trabalhadora. A proposta da contrarreforma previdenci\u00e1ria rural prop\u00f5e aumentar o tempo de idade dos trabalhadores\/as do campo em mais cinco anos para homens e mais dez anos para a mulheres se aposentarem. Para coroar a sua op\u00e7\u00e3o de classe pelo grande propriet\u00e1rio de terra o ministro fez uma forte alian\u00e7a o governo Temer para barganhar um conjunto de medidas em defesa do latif\u00fandio como \u00e9 o caso MP 759 que tem como finalidade principal regularizar a grilagem de terras e ampliar o mercado de terras usando a titula\u00e7\u00e3o definitiva dos assentamentos.<\/p>\n<p><strong>CARIRI EM A\u00c7\u00c3O<\/strong><\/p>\n<p><em>Com Brasil 247\/Foto: Google<\/em><\/p>\n<p><strong>Leia mais not\u00edcias em\u00a0<\/strong><a href=\"http:\/\/www.caririemacao.com\/\"><strong>caririemacao.com<\/strong><\/a><strong>, siga nossa p\u00e1gina no\u00a0<\/strong><a href=\"https:\/\/www.facebook.com\/CaririEmAcao\/?ref=aymt_homepage_panel\"><strong>Facebook<\/strong><\/a><strong>\u00a0e\u00a0<a href=\"https:\/\/www.instagram.com\/cariri_em_acao\/?hl=pt-br\">Instagram<\/a>\u00a0veja nossas mat\u00e9rias e fotos. Voc\u00ea tamb\u00e9m pode enviar informa\u00e7\u00f5es \u00e0 Reda\u00e7\u00e3o do Portal Cariri em A\u00e7\u00e3o pelo WhatsApp (83) 9 9634.5791, (83) 9 9601-1162.<\/strong><\/p>\n","protected":false},"excerpt":{"rendered":"<p>Como parte da Jornada Nacional de Luta pela Reforma Agr\u00e1ria e, cerca de 1000 fam\u00edlias de todos os estados da regi\u00e3o centro-oeste e Distrito Federal&hellip; <\/p>\n","protected":false},"author":2,"featured_media":24539,"comment_status":"closed","ping_status":"closed","sticky":false,"template":"","format":"standard","meta":{"sfsi_plus_gutenberg_text_before_share":"","sfsi_plus_gutenberg_show_text_before_share":"","sfsi_plus_gutenberg_icon_type":"","sfsi_plus_gutenberg_icon_alignemt":"","sfsi_plus_gutenburg_max_per_row":"","footnotes":""},"categories":[2],"tags":[],"class_list":["post-24538","post","type-post","status-publish","format-standard","has-post-thumbnail","hentry","category-geral"],"_links":{"self":[{"href":"https:\/\/www.caririemacao.com\/1\/wp-json\/wp\/v2\/posts\/24538","targetHints":{"allow":["GET"]}}],"collection":[{"href":"https:\/\/www.caririemacao.com\/1\/wp-json\/wp\/v2\/posts"}],"about":[{"href":"https:\/\/www.caririemacao.com\/1\/wp-json\/wp\/v2\/types\/post"}],"author":[{"embeddable":true,"href":"https:\/\/www.caririemacao.com\/1\/wp-json\/wp\/v2\/users\/2"}],"replies":[{"embeddable":true,"href":"https:\/\/www.caririemacao.com\/1\/wp-json\/wp\/v2\/comments?post=24538"}],"version-history":[{"count":0,"href":"https:\/\/www.caririemacao.com\/1\/wp-json\/wp\/v2\/posts\/24538\/revisions"}],"wp:featuredmedia":[{"embeddable":true,"href":"https:\/\/www.caririemacao.com\/1\/wp-json\/wp\/v2\/media\/24539"}],"wp:attachment":[{"href":"https:\/\/www.caririemacao.com\/1\/wp-json\/wp\/v2\/media?parent=24538"}],"wp:term":[{"taxonomy":"category","embeddable":true,"href":"https:\/\/www.caririemacao.com\/1\/wp-json\/wp\/v2\/categories?post=24538"},{"taxonomy":"post_tag","embeddable":true,"href":"https:\/\/www.caririemacao.com\/1\/wp-json\/wp\/v2\/tags?post=24538"}],"curies":[{"name":"wp","href":"https:\/\/api.w.org\/{rel}","templated":true}]}}