{"id":246189,"date":"2022-05-03T16:23:38","date_gmt":"2022-05-03T19:23:38","guid":{"rendered":"https:\/\/www.caririemacao.com\/1\/?p=246189"},"modified":"2022-05-03T16:25:02","modified_gmt":"2022-05-03T19:25:02","slug":"jovem-fotografa-fauna-da-caatinga-no-cariri-da-paraiba","status":"publish","type":"post","link":"https:\/\/www.caririemacao.com\/1\/2022\/05\/03\/jovem-fotografa-fauna-da-caatinga-no-cariri-da-paraiba\/","title":{"rendered":"Jovem fotografa fauna da Caatinga no Cariri da Para\u00edba"},"content":{"rendered":"<div class=\"mc-column content-text active-extra-styles \" data-block-type=\"unstyled\" data-block-weight=\"26\" data-block-id=\"2\">\n<p class=\"content-text__container \" data-track-category=\"Link no Texto\" data-track-links=\"\">Ao sul da Para\u00edba, na regi\u00e3o do cariri para\u00edbano, existe uma cidade conhecida como a \u201cRoli\u00fade Nordestina\u201d, uma alus\u00e3o ao distrito norte americano de Los Angeles.<\/p>\n<p data-track-category=\"Link no Texto\" data-track-links=\"\">O munic\u00edpio de Cabaceiras (PB) ganhou o apelido carinhoso por ser palco de diversos filmes e s\u00e9ries, como o renomado \u201cO Auto da Compadecida\u201d.<\/p>\n<\/div>\n<div class=\"wall protected-content\">\n<div class=\"mc-column content-text active-extra-styles \" data-block-type=\"unstyled\" data-block-weight=\"24\" data-block-id=\"3\">\n<p data-track-category=\"Link no Texto\" data-track-links=\"\">Se depender do agricultor Breno Farias, de apenas 21 anos \u2013 que tamb\u00e9m \u00e9 m\u00fasico e tem a fotografia como um hobby, a cidade continuar\u00e1 sendo registrada, mas com outro foco.<\/p>\n<\/div>\n<div class=\"mc-column content-text active-extra-styles \" data-block-type=\"unstyled\" data-block-weight=\"32\" data-block-id=\"4\">\n<p data-track-category=\"Link no Texto\" data-track-links=\"\">\u201cEu tenho uma paix\u00e3o muito grande pela Caatinga, pois trata-se de um bioma \u00fanico e exclusivamente brasileiro, al\u00e9m de que me sinto privilegiado por morar nele. A Caatinga possui esp\u00e9cies \u00fanicas, totalmente adaptadas a per\u00edodos com escassez de \u00e1gua. Na \u00e9poca das chuvas, ver a vegeta\u00e7\u00e3o brotar e mudar de cinza a variados tons de verde \u00e9, pra mim, um col\u00edrio aos olhos\u201d, conta.<\/p>\n<\/div>\n<div class=\"content-ads content-ads--reveal\" data-block-type=\"ads\" data-block-id=\"6\">\n<div id=\"banner_materia2\" class=\"tag-manager-publicidade-container mc-has-reveal mc-has-ad-lazyload tag-manager-publicidade-banner_materia2 tag-manager-publicidade-container--carregado tag-manager-publicidade-container--visivel\" data-id=\"banner_materia2\" data-req=\"true\" data-google-query-id=\"COuNsrK8w_cCFcsDuQYdIssC3g\" data-cid=\"138385622622\" data-lid=\"5958596572\"><img decoding=\"async\" src=\"https:\/\/s2.glbimg.com\/eILCmbDz1vwC19EV2PEb-BC9ZGI=\/0x0:2527x2409\/984x0\/smart\/filters:strip_icc()\/i.s3.glbimg.com\/v1\/AUTH_59edd422c0c84a879bd37670ae4f538a\/internal_photos\/bs\/2022\/H\/Z\/uAKOiIS2qXQsa9XxiSDQ\/psx-20210227-215735.jpg\" alt=\"O suiriri-cavaleiro (Machetornis rixosa) recebe esse nome pelo comportamento de seguir mam\u00edferos grandes para capturar carrapatos e outros parasitas \u2014 Foto: Breno Farias\/VC no TG\" \/><\/div>\n<\/div>\n<\/div>\n<div data-id=\"banner_materia2\" data-req=\"true\" data-google-query-id=\"COuNsrK8w_cCFcsDuQYdIssC3g\" data-cid=\"138385622622\" data-lid=\"5958596572\"><em>O suiriri-cavaleiro (Machetornis rixosa) recebe esse nome pelo comportamento de seguir mam\u00edferos grandes para capturar carrapatos e outros parasitas \u2014 Foto: Breno Farias\/VC no TG<\/em><\/div>\n<div data-id=\"banner_materia2\" data-req=\"true\" data-google-query-id=\"COuNsrK8w_cCFcsDuQYdIssC3g\" data-cid=\"138385622622\" data-lid=\"5958596572\"><\/div>\n<div data-id=\"banner_materia2\" data-req=\"true\" data-google-query-id=\"COuNsrK8w_cCFcsDuQYdIssC3g\" data-cid=\"138385622622\" data-lid=\"5958596572\"><\/div>\n<div data-id=\"banner_materia2\" data-req=\"true\" data-google-query-id=\"COuNsrK8w_cCFcsDuQYdIssC3g\" data-cid=\"138385622622\" data-lid=\"5958596572\">Nascido e criado com os irm\u00e3os na zona rural, a natureza sempre fez parte da vida, de modo que o amor pela fauna e a flora surgiu t\u00e3o natural quanto aprender a falar.<\/div>\n<div data-id=\"banner_materia2\" data-req=\"true\" data-google-query-id=\"COuNsrK8w_cCFcsDuQYdIssC3g\" data-cid=\"138385622622\" data-lid=\"5958596572\"><\/div>\n<div data-id=\"banner_materia2\" data-req=\"true\" data-google-query-id=\"COuNsrK8w_cCFcsDuQYdIssC3g\" data-cid=\"138385622622\" data-lid=\"5958596572\">\n<div class=\"mc-column content-text active-extra-styles \" data-block-type=\"unstyled\" data-block-weight=\"33\" data-block-id=\"8\">\n<p data-track-category=\"Link no Texto\" data-track-links=\"\">\u201cEu sempre falo que admiro e sou fascinado por todo tipo de animal, por\u00e9m, as aves me chamam mais aten\u00e7\u00e3o: os diferentes comportamentos, tamanhos, cores e vocaliza\u00e7\u00f5es me atraem desde pequeno. Lembro bem quando crian\u00e7a, na antiga casa que cresci, ficava observando um casal de casaca-de-couro (<em>Pseudoseisura cristata<\/em>) que fez ninho em um p\u00e9 de aroeira-do-sert\u00e3o (<em>Myracrodruon urundeuva<\/em>). Achava fant\u00e1stico o dueto deles sempre que voltavam ao ninho\u201d, conta.<\/p>\n<\/div>\n<div class=\"mc-column content-text active-extra-styles \" data-block-type=\"unstyled\" data-block-weight=\"69\" data-block-id=\"9\">\n<p data-track-category=\"Link no Texto\" data-track-links=\"\">\n<\/div>\n<div class=\"content-ads content-ads--reveal\" data-block-type=\"ads\" data-block-id=\"10\"><\/div>\n<div class=\"row medium-uncollapsed content-media content-photo\" data-block-type=\"backstage-photo\" data-block-id=\"11\">\n<div class=\"mc-column content-media__container\">\n<div class=\"content-media-container glb-skeleton-box\">\n<figure class=\"content-media-figure\"><img decoding=\"async\" class=\"i-amphtml-fill-content i-amphtml-replaced-content\" src=\"https:\/\/s2.glbimg.com\/tTUGa_kk29oS_qcyfiUzZEk1KSU=\/0x0:2495x2708\/984x0\/smart\/filters:strip_icc()\/i.s3.glbimg.com\/v1\/AUTH_59edd422c0c84a879bd37670ae4f538a\/internal_photos\/bs\/2022\/s\/r\/oCmYJzRGWBL8A0ytC7Ew\/psx-20220203-192211.jpg\" sizes=\"(max-width: 1366px) 648px, 100vw\" srcset=\"https:\/\/s2.glbimg.com\/k8QO0mpGrheSyNERWajfQhvfogc=\/0x0:2495x2708\/1000x0\/smart\/filters:strip_icc()\/i.s3.glbimg.com\/v1\/AUTH_59edd422c0c84a879bd37670ae4f538a\/internal_photos\/bs\/2022\/s\/r\/oCmYJzRGWBL8A0ytC7Ew\/psx-20220203-192211.jpg 1000w, https:\/\/s2.glbimg.com\/tTUGa_kk29oS_qcyfiUzZEk1KSU=\/0x0:2495x2708\/984x0\/smart\/filters:strip_icc()\/i.s3.glbimg.com\/v1\/AUTH_59edd422c0c84a879bd37670ae4f538a\/internal_photos\/bs\/2022\/s\/r\/oCmYJzRGWBL8A0ytC7Ew\/psx-20220203-192211.jpg 984w, https:\/\/s2.glbimg.com\/HpkXhdS-yYKqwZ8WWRKybm1rOF4=\/0x0:2495x2708\/640x0\/smart\/filters:strip_icc()\/i.s3.glbimg.com\/v1\/AUTH_59edd422c0c84a879bd37670ae4f538a\/internal_photos\/bs\/2022\/s\/r\/oCmYJzRGWBL8A0ytC7Ew\/psx-20220203-192211.jpg 640w, https:\/\/s2.glbimg.com\/Dw202Sb59HLLaSlLlyQKzb2wjkc=\/0x0:2495x2708\/600x0\/smart\/filters:strip_icc()\/i.s3.glbimg.com\/v1\/AUTH_59edd422c0c84a879bd37670ae4f538a\/internal_photos\/bs\/2022\/s\/r\/oCmYJzRGWBL8A0ytC7Ew\/psx-20220203-192211.jpg 600w\" alt=\"O jo\u00e3o-xique-xique (Synallaxis hellmayri) \u00e9 uma esp\u00e9cie rara que habita os arbustos baixos e a vegeta\u00e7\u00e3o rasteira da caatinga \u2014 Foto: Breno Farias\/VC no TG\" \/><\/figure>\n<\/div>\n<p class=\"content-media__description \"><em>O jo\u00e3o-xique-xique (Synallaxis hellmayri) \u00e9 uma esp\u00e9cie rara que habita os arbustos baixos e a vegeta\u00e7\u00e3o rasteira da caatinga \u2014 Foto: Breno Farias\/VC no TG<\/em><\/p>\n<\/div>\n<\/div>\n<div class=\"mc-column content-text active-extra-styles \" data-block-type=\"unstyled\" data-block-weight=\"112\" data-block-id=\"12\">\n<p class=\"content-text__container \" data-track-category=\"Link no Texto\" data-track-links=\"\">Apaixonado pelas artes, assim como por desenhos e pela m\u00fasica, o primeiro contato com a fotografia, segundo ele, foi \u201camor a primeira vista\u201d. \u201cS\u00f3 que por ser de fam\u00edlia humilde, n\u00e3o tinha dinheiro pra comprar uma c\u00e2mera pr\u00f3pria. At\u00e9 que em 2014 minha irm\u00e3 e eu ganhamos uma c\u00e2mera bem simples, mas que de certa forma nos possibilitava fazer fotografias dos mais diversos temas: flores, paisagens, insetos e qualquer animal que permitisse uma aproxima\u00e7\u00e3o legal. Com o passar do tempo a c\u00e2mera que tanto nos trazia alegria acabou parando de funcionar\u201d, detalha Breno, que em 2019, depois que a irm\u00e3 comprou uma super zoom, passou a fotografar com o equipamento emprestado.<\/p>\n<p data-track-category=\"Link no Texto\" data-track-links=\"\">\n<\/div>\n<div class=\"mc-column content-text active-extra-styles \" data-block-type=\"unstyled\" data-block-weight=\"75\" data-block-id=\"14\">\n<p class=\"content-text__container \" data-track-category=\"Link no Texto\" data-track-links=\"\">\u201cFoi a primeira vez que tive contato com uma c\u00e2mera com muito zoom e que, diferente das anteriores, n\u00e3o era necess\u00e1rio me aproximar tanto para fotografar animais silvestres. Ela deixava o equipamento comigo uma semana e na outra j\u00e1 pegava de volta, isso pra mim era uma verdadeira tortura, porque eu estava realmente maravilhado com a c\u00e2mera e queria t\u00ea-la sempre em m\u00e3os\u201d, brinca. \u201cMal sabia eu que no ano seguinte (2020) algo incr\u00edvel aconteceria\u201d.<\/p>\n<p data-track-category=\"Link no Texto\" data-track-links=\"\">\n<\/div>\n<div class=\"mc-column content-text active-extra-styles \" data-block-type=\"unstyled\" data-block-weight=\"64\" data-block-id=\"15\">\n<p class=\"content-text__container \" data-track-category=\"Link no Texto\" data-track-links=\"\">Breno ganhou de presente do amigo, que tamb\u00e9m \u00e9 observador e fot\u00f3grafo de aves, Rob\u00e9rio Aires, o t\u00e3o sonhado equipamento, que foi o ponta p\u00e9 inicial para a fotografia de natureza se tornar um estilo de vida. Dois anos depois outros amigos se juntaram e decidiram comprar uma c\u00e2mera com mais recursos para presentear o fot\u00f3grafo. \u201cSem d\u00favidas o melhor presente que poderia ganhar!\u201d.<\/p>\n<p data-track-category=\"Link no Texto\" data-track-links=\"\">\n<\/div>\n<div class=\"row medium-uncollapsed content-media content-photo\" data-block-type=\"backstage-photo\" data-block-id=\"16\">\n<div class=\"mc-column content-media__container\">\n<div class=\"content-media-container glb-skeleton-box\">\n<figure class=\"content-media-figure\"><img decoding=\"async\" class=\"i-amphtml-fill-content i-amphtml-replaced-content\" src=\"https:\/\/s2.glbimg.com\/QZglAbiQUR5PTu5csm4FQl6qb5M=\/0x0:2764x2632\/984x0\/smart\/filters:strip_icc()\/i.s3.glbimg.com\/v1\/AUTH_59edd422c0c84a879bd37670ae4f538a\/internal_photos\/bs\/2022\/J\/e\/sNxdPXSUKvneELSTarQw\/picsart-07-08-12.18.jpg\" sizes=\"(max-width: 1366px) 648px, 100vw\" srcset=\"https:\/\/s2.glbimg.com\/DQuGZNvVM2UErOoQ-dxoNSjlp5M=\/0x0:2764x2632\/1000x0\/smart\/filters:strip_icc()\/i.s3.glbimg.com\/v1\/AUTH_59edd422c0c84a879bd37670ae4f538a\/internal_photos\/bs\/2022\/J\/e\/sNxdPXSUKvneELSTarQw\/picsart-07-08-12.18.jpg 1000w, https:\/\/s2.glbimg.com\/QZglAbiQUR5PTu5csm4FQl6qb5M=\/0x0:2764x2632\/984x0\/smart\/filters:strip_icc()\/i.s3.glbimg.com\/v1\/AUTH_59edd422c0c84a879bd37670ae4f538a\/internal_photos\/bs\/2022\/J\/e\/sNxdPXSUKvneELSTarQw\/picsart-07-08-12.18.jpg 984w, https:\/\/s2.glbimg.com\/rwiA1-4Wik8Nm5yKx9FcliqiAXQ=\/0x0:2764x2632\/640x0\/smart\/filters:strip_icc()\/i.s3.glbimg.com\/v1\/AUTH_59edd422c0c84a879bd37670ae4f538a\/internal_photos\/bs\/2022\/J\/e\/sNxdPXSUKvneELSTarQw\/picsart-07-08-12.18.jpg 640w, https:\/\/s2.glbimg.com\/t-jOrBCql57al8ijMA0W95YrZu0=\/0x0:2764x2632\/600x0\/smart\/filters:strip_icc()\/i.s3.glbimg.com\/v1\/AUTH_59edd422c0c84a879bd37670ae4f538a\/internal_photos\/bs\/2022\/J\/e\/sNxdPXSUKvneELSTarQw\/picsart-07-08-12.18.jpg 600w\" alt=\"O inhambu-chint\u00e3 (Crypturellus tataupa) ocorre desde o Nordeste brasileiro at\u00e9 a Argentina \u2014 Foto: Breno Farias\/VC no TG\" \/><\/figure>\n<\/div>\n<p class=\"content-media__description \"><em>O inhambu-chint\u00e3 (Crypturellus tataupa) ocorre desde o Nordeste brasileiro at\u00e9 a Argentina \u2014 Foto: Breno Farias\/VC no TG<\/em><\/p>\n<\/div>\n<\/div>\n<div class=\"content-ads content-ads--reveal\" data-block-type=\"ads\" data-block-id=\"17\"><\/div>\n<div class=\"mc-column content-text active-extra-styles \" data-block-type=\"unstyled\" data-block-weight=\"2\" data-block-id=\"18\">\n<p class=\"content-text__container \" data-track-category=\"Link no Texto\" data-track-links=\"\"><strong>Registros favoritos<\/strong><\/p>\n<\/div>\n<div class=\"mc-column content-text active-extra-styles \" data-block-type=\"unstyled\" data-block-weight=\"67\" data-block-id=\"19\">\n<p class=\"content-text__container \" data-track-category=\"Link no Texto\" data-track-links=\"\">\u201cTenho muitos registros, cada um com uma hist\u00f3ria e emo\u00e7\u00e3o diferente, por\u00e9m sempre temos aqueles preferidos. Um dos que mais gosto \u00e9 a primeira foto que consegui fazer de um inhambu-chint\u00e3 (<em>Crypturellus tataupa<\/em>), ave bastante arisca e dif\u00edcil de encontrar. S\u00f3 quem j\u00e1 tentou fotograf\u00e1-la sabe o quanto \u00e9 dif\u00edcil, mas eu estava com sorte e no primeiro dia que tentei consegui uma foto bem legal\u201d, relembra.<\/p>\n<p data-track-category=\"Link no Texto\" data-track-links=\"\">\n<\/div>\n<div class=\"row medium-uncollapsed content-media content-photo\" data-block-type=\"backstage-photo\" data-block-id=\"20\">\n<div class=\"mc-column content-media__container\">\n<div class=\"content-media-container glb-skeleton-box\">\n<figure class=\"content-media-figure\"><img decoding=\"async\" class=\"i-amphtml-fill-content i-amphtml-replaced-content\" src=\"https:\/\/s2.glbimg.com\/1m-UodYSx1k_kFt9Mmh0CpSZ72Y=\/0x0:2682x3234\/984x0\/smart\/filters:strip_icc()\/i.s3.glbimg.com\/v1\/AUTH_59edd422c0c84a879bd37670ae4f538a\/internal_photos\/bs\/2022\/A\/A\/b0VSq6QHWVBxkAiH3dpw\/psx-20210317-200058.jpg\" sizes=\"(max-width: 1366px) 648px, 100vw\" srcset=\"https:\/\/s2.glbimg.com\/Fw0NMHeM0kDSTWmHQjv-SrRKOxE=\/0x0:2682x3234\/1000x0\/smart\/filters:strip_icc()\/i.s3.glbimg.com\/v1\/AUTH_59edd422c0c84a879bd37670ae4f538a\/internal_photos\/bs\/2022\/A\/A\/b0VSq6QHWVBxkAiH3dpw\/psx-20210317-200058.jpg 1000w, https:\/\/s2.glbimg.com\/1m-UodYSx1k_kFt9Mmh0CpSZ72Y=\/0x0:2682x3234\/984x0\/smart\/filters:strip_icc()\/i.s3.glbimg.com\/v1\/AUTH_59edd422c0c84a879bd37670ae4f538a\/internal_photos\/bs\/2022\/A\/A\/b0VSq6QHWVBxkAiH3dpw\/psx-20210317-200058.jpg 984w, https:\/\/s2.glbimg.com\/qwjKAVOh2mnfV66_ZC64fPgbXJU=\/0x0:2682x3234\/640x0\/smart\/filters:strip_icc()\/i.s3.glbimg.com\/v1\/AUTH_59edd422c0c84a879bd37670ae4f538a\/internal_photos\/bs\/2022\/A\/A\/b0VSq6QHWVBxkAiH3dpw\/psx-20210317-200058.jpg 640w, https:\/\/s2.glbimg.com\/RHM7yU91ceSUk6xjPJ6CRTfHF-4=\/0x0:2682x3234\/600x0\/smart\/filters:strip_icc()\/i.s3.glbimg.com\/v1\/AUTH_59edd422c0c84a879bd37670ae4f538a\/internal_photos\/bs\/2022\/A\/A\/b0VSq6QHWVBxkAiH3dpw\/psx-20210317-200058.jpg 600w\" alt=\"O papa-lagarta-cinzento (Micrococcyx cinereus) se alimenta principalmente de insetos e larvas. \u2014 Foto: Breno Farias\/VC no TG\" \/><\/figure>\n<\/div>\n<p class=\"content-media__description \"><em>O papa-lagarta-cinzento (Micrococcyx cinereus) se alimenta principalmente de insetos e larvas. \u2014 Foto: Breno Farias\/VC no TG<\/em><\/p>\n<\/div>\n<\/div>\n<div class=\"mc-column content-text active-extra-styles \" data-block-type=\"unstyled\" data-block-weight=\"57\" data-block-id=\"21\">\n<p class=\"content-text__container \" data-track-category=\"Link no Texto\" data-track-links=\"\">Outro registro inesquec\u00edvel para o jovem foi o raro papa-lagarta-cinzento (<em>Micrococcyx cinereus<\/em>). \u201cEssa \u00e9 uma ave desejada por muitos observadores e fot\u00f3grafos de natureza. \u00c9 bastante discreto e no Brasil existem relativamente poucos registros dessa ave que, assim como o inhambu, me deu a honra de na primeira tentativa conseguir uma das melhores fotos da minha galeria\u201d.<\/p>\n<p data-track-category=\"Link no Texto\" data-track-links=\"\">\n<\/div>\n<div class=\"content-ads content-ads--reveal\" data-block-type=\"ads\" data-block-id=\"22\"><\/div>\n<div class=\"row medium-uncollapsed content-media content-photo\" data-block-type=\"backstage-photo\" data-block-id=\"23\">\n<div class=\"mc-column content-media__container\">\n<div class=\"content-media-container glb-skeleton-box\">\n<figure class=\"content-media-figure\"><img decoding=\"async\" class=\"i-amphtml-fill-content i-amphtml-replaced-content\" src=\"https:\/\/s2.glbimg.com\/qgc2QUH0GdUP10UNRyudxLgCtqE=\/0x0:5024x3240\/984x0\/smart\/filters:strip_icc()\/i.s3.glbimg.com\/v1\/AUTH_59edd422c0c84a879bd37670ae4f538a\/internal_photos\/bs\/2022\/h\/s\/HxH8sdSZm80TywTXzQfg\/img-4004-1.jpg\" sizes=\"(max-width: 1366px) 648px, 100vw\" srcset=\"https:\/\/s2.glbimg.com\/n9IzlmZy2rwb5CdTtTY6YK-sQ-o=\/0x0:5024x3240\/1000x0\/smart\/filters:strip_icc()\/i.s3.glbimg.com\/v1\/AUTH_59edd422c0c84a879bd37670ae4f538a\/internal_photos\/bs\/2022\/h\/s\/HxH8sdSZm80TywTXzQfg\/img-4004-1.jpg 1000w, https:\/\/s2.glbimg.com\/qgc2QUH0GdUP10UNRyudxLgCtqE=\/0x0:5024x3240\/984x0\/smart\/filters:strip_icc()\/i.s3.glbimg.com\/v1\/AUTH_59edd422c0c84a879bd37670ae4f538a\/internal_photos\/bs\/2022\/h\/s\/HxH8sdSZm80TywTXzQfg\/img-4004-1.jpg 984w, https:\/\/s2.glbimg.com\/NzuP4QjjieJnNQoMFC5GRWFKJ04=\/0x0:5024x3240\/640x0\/smart\/filters:strip_icc()\/i.s3.glbimg.com\/v1\/AUTH_59edd422c0c84a879bd37670ae4f538a\/internal_photos\/bs\/2022\/h\/s\/HxH8sdSZm80TywTXzQfg\/img-4004-1.jpg 640w, https:\/\/s2.glbimg.com\/B3ciLRtaRNaJBj-cALYkSs6B9Ds=\/0x0:5024x3240\/600x0\/smart\/filters:strip_icc()\/i.s3.glbimg.com\/v1\/AUTH_59edd422c0c84a879bd37670ae4f538a\/internal_photos\/bs\/2022\/h\/s\/HxH8sdSZm80TywTXzQfg\/img-4004-1.jpg 600w\" alt=\"A coruja-orelhuda (Asio clamator) tamb\u00e9m \u00e9 conhecida como coruja-gato, coruja-listrada e mocho-orelhudo \u2014 Foto: Breno Farias\/VC no TG\" \/><\/figure>\n<\/div>\n<p class=\"content-media__description \"><em>A coruja-orelhuda (Asio clamator) tamb\u00e9m \u00e9 conhecida como coruja-gato, coruja-listrada e mocho-orelhudo \u2014 Foto: Breno Farias\/VC no TG<\/em><\/p>\n<\/div>\n<\/div>\n<div class=\"mc-column content-text active-extra-styles \" data-block-type=\"unstyled\" data-block-weight=\"122\" data-block-id=\"24\">\n<p class=\"content-text__container \" data-track-category=\"Link no Texto\" data-track-links=\"\"><span class=\"highlight highlighted\">O clique preferido, no entanto, n\u00e3o \u00e9 o de melhor qualidade, mas sim um registro que carrega uma hist\u00f3ria inesquec\u00edvel.<\/span>\u00a0\u201cUm dos momentos mais emocionantes que tive at\u00e9 hoje foi ficar frente a frente com a maior esp\u00e9cie de coruja que habita a minha regi\u00e3o, a\u00a0<strong>coruja-orelhuda (<\/strong><strong><em>Asio clamator<\/em><\/strong><strong>)<\/strong>, n\u00e3o s\u00f3 porque era um sonho que eu tinha em registr\u00e1-la, mas por todo o esfor\u00e7o que eu e meu pai fizemos para esse encontro acontecer: foram tr\u00eas noites inteiras tentando v\u00ea-la, apenas ouv\u00edamos a vocaliza\u00e7\u00e3o. At\u00e9 que na terceira noite, j\u00e1 um pouco sem esperan\u00e7a de conseguir a foto, ela surgiu. Embora o registro tenha ficado ruim, foi emocionante poder observar e fotografar essa esp\u00e9cie, exatamente as tr\u00eas horas da manh\u00e3\u201d, finaliza.<\/p>\n<p data-track-category=\"Link no Texto\" data-track-links=\"\">\n<\/div>\n<div class=\"content-ads content-ads--reveal\" data-block-type=\"ads\" data-block-id=\"25\"><\/div>\n<div class=\"row medium-uncollapsed content-media content-photo\" data-block-type=\"backstage-photo\" data-block-id=\"26\">\n<div class=\"mc-column content-media__container\">\n<div class=\"content-media-container glb-skeleton-box\">\n<figure class=\"content-media-figure\"><img decoding=\"async\" class=\"i-amphtml-fill-content i-amphtml-replaced-content\" src=\"https:\/\/s2.glbimg.com\/npgJerdv3_pAIrtOYXXlR3IUfT8=\/0x0:3969x3038\/984x0\/smart\/filters:strip_icc()\/i.s3.glbimg.com\/v1\/AUTH_59edd422c0c84a879bd37670ae4f538a\/internal_photos\/bs\/2022\/6\/B\/wZpsfZQ3GGKZAOfH3CCQ\/img-4650.jpg\" sizes=\"(max-width: 1366px) 648px, 100vw\" srcset=\"https:\/\/s2.glbimg.com\/-zGQTlqApPjA_3Px18Ed4vZPGVs=\/0x0:3969x3038\/1000x0\/smart\/filters:strip_icc()\/i.s3.glbimg.com\/v1\/AUTH_59edd422c0c84a879bd37670ae4f538a\/internal_photos\/bs\/2022\/6\/B\/wZpsfZQ3GGKZAOfH3CCQ\/img-4650.jpg 1000w, https:\/\/s2.glbimg.com\/npgJerdv3_pAIrtOYXXlR3IUfT8=\/0x0:3969x3038\/984x0\/smart\/filters:strip_icc()\/i.s3.glbimg.com\/v1\/AUTH_59edd422c0c84a879bd37670ae4f538a\/internal_photos\/bs\/2022\/6\/B\/wZpsfZQ3GGKZAOfH3CCQ\/img-4650.jpg 984w, https:\/\/s2.glbimg.com\/y8qPiWYr0nQ6qMjhktjPUVWQOh0=\/0x0:3969x3038\/640x0\/smart\/filters:strip_icc()\/i.s3.glbimg.com\/v1\/AUTH_59edd422c0c84a879bd37670ae4f538a\/internal_photos\/bs\/2022\/6\/B\/wZpsfZQ3GGKZAOfH3CCQ\/img-4650.jpg 640w, https:\/\/s2.glbimg.com\/PDEaZZOeJYEj1gkJPQardB5nSBU=\/0x0:3969x3038\/600x0\/smart\/filters:strip_icc()\/i.s3.glbimg.com\/v1\/AUTH_59edd422c0c84a879bd37670ae4f538a\/internal_photos\/bs\/2022\/6\/B\/wZpsfZQ3GGKZAOfH3CCQ\/img-4650.jpg 600w\" alt=\"Tatu-peba (Euphractus sexcinctus) tamb\u00e9m foi registrado pelo jovem \u2014 Foto: Breno Farias\/VC no TG\" \/><\/figure>\n<\/div>\n<p class=\"content-media__description \"><em>Tatu-peba (Euphractus sexcinctus) tamb\u00e9m foi registrado pelo jovem \u2014 Foto: Breno Farias\/VC no TG<\/em><\/p>\n<\/div>\n<\/div>\n<div class=\"mc-column content-text active-extra-styles \" data-block-type=\"unstyled\" data-block-weight=\"2\" data-block-id=\"27\">\n<p class=\"content-text__container \" data-track-category=\"Link no Texto\" data-track-links=\"\"><strong>Ci\u00eancia cidad\u00e3<\/strong><\/p>\n<\/div>\n<div class=\"mc-column content-text active-extra-styles \" data-block-type=\"unstyled\" data-block-weight=\"80\" data-block-id=\"28\">\n<p class=\"content-text__container \" data-track-category=\"Link no Texto\" data-track-links=\"\">Embora o\u00a0<em>hobby\u00a0<\/em>de fotografar a fauna da Caatinga tenha come\u00e7ado de maneira despretensiosa, hoje Breno enxerga um prop\u00f3sito no que faz. \u201cEu sei da import\u00e2ncia dos meus registros. Com eles contribui com a ci\u00eancia cidad\u00e3, colaborando com imagens para trabalhos educativos e sites, como Wikiaves. Al\u00e9m disso, de certa forma tamb\u00e9m consigo levar conhecimento a respeito das esp\u00e9cies que ocorrem na minha regi\u00e3o, ajudando na preserva\u00e7\u00e3o delas, pois acredito fielmente que as pessoas s\u00f3 protegem aquilo que elas conhecem\u201d.<\/p>\n<p data-track-category=\"Link no Texto\" data-track-links=\"\">\n<\/div>\n<div class=\"mc-column content-text active-extra-styles \" data-block-type=\"unstyled\" data-block-weight=\"48\" data-block-id=\"29\">\n<p class=\"content-text__container \" data-track-category=\"Link no Texto\" data-track-links=\"\">\u00c9 por isso que ele n\u00e3o abriu m\u00e3o de tamb\u00e9m fotografar outros animais, como anf\u00edbios, mam\u00edferos e r\u00e9pteis, e segue tentando conquistar cada vez mais pessoas atrav\u00e9s das fotos. \u201cQuero fazer todo mundo enxergar nossas belezas naturais, que muitas vezes passam despercebidas aos olhos de muita gente\u201d, completa.<\/p>\n<\/div>\n<\/div>\n<p data-track-category=\"Link no Texto\" data-track-links=\"\">G1 Campinas<\/p>\n","protected":false},"excerpt":{"rendered":"<p>Ao sul da Para\u00edba, na regi\u00e3o do cariri para\u00edbano, existe uma cidade conhecida como a \u201cRoli\u00fade Nordestina\u201d, uma alus\u00e3o ao distrito norte americano de Los Angeles. O munic\u00edpio de Cabaceiras (PB) ganhou o apelido carinhoso por ser palco de diversos filmes e s\u00e9ries, como o renomado \u201cO Auto da Compadecida\u201d. Se depender do agricultor Breno Farias, de apenas 21 anos \u2013 que tamb\u00e9m \u00e9 m\u00fasico e tem a fotografia como um hobby, a cidade continuar\u00e1 sendo registrada, mas com outro foco. \u201cEu tenho uma paix\u00e3o muito grande pela Caatinga, pois trata-se de um bioma \u00fanico e exclusivamente brasileiro, al\u00e9m de que me sinto privilegiado por morar nele. A Caatinga possui esp\u00e9cies \u00fanicas, totalmente adaptadas a per\u00edodos com escassez de \u00e1gua. Na \u00e9poca das chuvas, ver a vegeta\u00e7\u00e3o brotar e mudar de cinza a variados tons de verde \u00e9, pra mim, um col\u00edrio aos olhos\u201d, conta. O suiriri-cavaleiro (Machetornis rixosa) recebe esse nome pelo comportamento de seguir mam\u00edferos grandes para capturar carrapatos e outros parasitas \u2014 Foto: Breno Farias\/VC no TG Nascido e criado com os irm\u00e3os na zona rural, a natureza sempre fez parte da vida, de modo que o amor pela fauna e a flora surgiu t\u00e3o natural quanto aprender a falar. \u201cEu sempre falo que admiro e sou fascinado por todo tipo de animal, por\u00e9m, as aves me chamam mais aten\u00e7\u00e3o: os diferentes comportamentos, tamanhos, cores e vocaliza\u00e7\u00f5es me atraem desde pequeno. Lembro bem quando crian\u00e7a, na antiga casa que cresci, ficava observando um casal de casaca-de-couro (Pseudoseisura cristata) que fez ninho em um p\u00e9 de aroeira-do-sert\u00e3o (Myracrodruon urundeuva). Achava fant\u00e1stico o dueto deles sempre que voltavam ao ninho\u201d, conta. O jo\u00e3o-xique-xique (Synallaxis hellmayri) \u00e9 uma esp\u00e9cie rara que habita os arbustos baixos e a vegeta\u00e7\u00e3o rasteira da caatinga \u2014 Foto: Breno Farias\/VC no TG Apaixonado pelas artes, assim como por desenhos e pela m\u00fasica, o primeiro contato com a fotografia, segundo ele, foi \u201camor a primeira vista\u201d. \u201cS\u00f3 que por ser de fam\u00edlia humilde, n\u00e3o tinha dinheiro pra comprar uma c\u00e2mera pr\u00f3pria. At\u00e9 que em 2014 minha irm\u00e3 e eu ganhamos uma c\u00e2mera bem simples, mas que de certa forma nos possibilitava fazer fotografias dos mais diversos temas: flores, paisagens, insetos e qualquer animal que permitisse uma aproxima\u00e7\u00e3o legal. Com o passar do tempo a c\u00e2mera que tanto nos trazia alegria acabou parando de funcionar\u201d, detalha Breno, que em 2019, depois que a irm\u00e3 comprou uma super zoom, passou a fotografar com o equipamento emprestado. \u201cFoi a primeira vez que tive contato com uma c\u00e2mera com muito zoom e que, diferente das anteriores, n\u00e3o era necess\u00e1rio me aproximar tanto para fotografar animais silvestres. Ela deixava o equipamento comigo uma semana e na outra j\u00e1 pegava de volta, isso pra mim era uma verdadeira tortura, porque eu estava realmente maravilhado com a c\u00e2mera e queria t\u00ea-la sempre em m\u00e3os\u201d, brinca. \u201cMal sabia eu que no ano seguinte (2020) algo incr\u00edvel aconteceria\u201d. Breno ganhou de presente do amigo, que tamb\u00e9m \u00e9 observador e fot\u00f3grafo de aves, Rob\u00e9rio Aires, o t\u00e3o sonhado equipamento, que foi o ponta p\u00e9 inicial para a fotografia de natureza se tornar um estilo de vida. Dois anos depois outros amigos se juntaram e decidiram comprar uma c\u00e2mera com mais recursos para presentear o fot\u00f3grafo. \u201cSem d\u00favidas o melhor presente que poderia ganhar!\u201d. O inhambu-chint\u00e3 (Crypturellus tataupa) ocorre desde o Nordeste brasileiro at\u00e9 a Argentina \u2014 Foto: Breno Farias\/VC no TG Registros favoritos \u201cTenho muitos registros, cada um com uma hist\u00f3ria e emo\u00e7\u00e3o diferente, por\u00e9m sempre temos aqueles preferidos. Um dos que mais gosto \u00e9 a primeira foto que consegui fazer de um inhambu-chint\u00e3 (Crypturellus tataupa), ave bastante arisca e dif\u00edcil de encontrar. S\u00f3 quem j\u00e1 tentou fotograf\u00e1-la sabe o quanto \u00e9 dif\u00edcil, mas eu estava com sorte e no primeiro dia que tentei consegui uma foto bem legal\u201d, relembra. O papa-lagarta-cinzento (Micrococcyx cinereus) se alimenta principalmente de insetos e larvas. \u2014 Foto: Breno Farias\/VC no TG Outro registro inesquec\u00edvel para o jovem foi o raro papa-lagarta-cinzento (Micrococcyx cinereus). \u201cEssa \u00e9 uma ave desejada por muitos observadores e fot\u00f3grafos de natureza. \u00c9 bastante discreto e no Brasil existem relativamente poucos registros dessa ave que, assim como o inhambu, me deu a honra de na primeira tentativa conseguir uma das melhores fotos da minha galeria\u201d. A coruja-orelhuda (Asio clamator) tamb\u00e9m \u00e9 conhecida como coruja-gato, coruja-listrada e mocho-orelhudo \u2014 Foto: Breno Farias\/VC no TG O clique preferido, no entanto, n\u00e3o \u00e9 o de melhor qualidade, mas sim um registro que carrega uma hist\u00f3ria inesquec\u00edvel.\u00a0\u201cUm dos momentos mais emocionantes que tive at\u00e9 hoje foi ficar frente a frente com a maior esp\u00e9cie de coruja que habita a minha regi\u00e3o, a\u00a0coruja-orelhuda (Asio clamator), n\u00e3o s\u00f3 porque era um sonho que eu tinha em registr\u00e1-la, mas por todo o esfor\u00e7o que eu e meu pai fizemos para esse encontro acontecer: foram tr\u00eas noites inteiras tentando v\u00ea-la, apenas ouv\u00edamos a vocaliza\u00e7\u00e3o. At\u00e9 que na terceira noite, j\u00e1 um pouco sem esperan\u00e7a de conseguir a foto, ela surgiu. Embora o registro tenha ficado ruim, foi emocionante poder observar e fotografar essa esp\u00e9cie, exatamente as tr\u00eas horas da manh\u00e3\u201d, finaliza. Tatu-peba (Euphractus sexcinctus) tamb\u00e9m foi registrado pelo jovem \u2014 Foto: Breno Farias\/VC no TG Ci\u00eancia cidad\u00e3 Embora o\u00a0hobby\u00a0de fotografar a fauna da Caatinga tenha come\u00e7ado de maneira despretensiosa, hoje Breno enxerga um prop\u00f3sito no que faz. \u201cEu sei da import\u00e2ncia dos meus registros. Com eles contribui com a ci\u00eancia cidad\u00e3, colaborando com imagens para trabalhos educativos e sites, como Wikiaves. Al\u00e9m disso, de certa forma tamb\u00e9m consigo levar conhecimento a respeito das esp\u00e9cies que ocorrem na minha regi\u00e3o, ajudando na preserva\u00e7\u00e3o delas, pois acredito fielmente que as pessoas s\u00f3 protegem aquilo que elas conhecem\u201d. \u00c9 por isso que ele n\u00e3o abriu m\u00e3o de tamb\u00e9m fotografar outros animais, como anf\u00edbios, mam\u00edferos e r\u00e9pteis, e segue tentando conquistar cada vez mais pessoas atrav\u00e9s das fotos. \u201cQuero fazer todo mundo enxergar nossas belezas naturais, que muitas vezes passam despercebidas aos olhos de muita gente\u201d, completa. G1 Campinas<\/p>\n","protected":false},"author":6,"featured_media":246190,"comment_status":"closed","ping_status":"closed","sticky":false,"template":"","format":"standard","meta":{"sfsi_plus_gutenberg_text_before_share":"","sfsi_plus_gutenberg_show_text_before_share":"","sfsi_plus_gutenberg_icon_type":"","sfsi_plus_gutenberg_icon_alignemt":"","sfsi_plus_gutenburg_max_per_row":"","footnotes":""},"categories":[70,106],"tags":[],"class_list":["post-246189","post","type-post","status-publish","format-standard","has-post-thumbnail","hentry","category-cabaceiras","category-cariri"],"_links":{"self":[{"href":"https:\/\/www.caririemacao.com\/1\/wp-json\/wp\/v2\/posts\/246189","targetHints":{"allow":["GET"]}}],"collection":[{"href":"https:\/\/www.caririemacao.com\/1\/wp-json\/wp\/v2\/posts"}],"about":[{"href":"https:\/\/www.caririemacao.com\/1\/wp-json\/wp\/v2\/types\/post"}],"author":[{"embeddable":true,"href":"https:\/\/www.caririemacao.com\/1\/wp-json\/wp\/v2\/users\/6"}],"replies":[{"embeddable":true,"href":"https:\/\/www.caririemacao.com\/1\/wp-json\/wp\/v2\/comments?post=246189"}],"version-history":[{"count":2,"href":"https:\/\/www.caririemacao.com\/1\/wp-json\/wp\/v2\/posts\/246189\/revisions"}],"predecessor-version":[{"id":246192,"href":"https:\/\/www.caririemacao.com\/1\/wp-json\/wp\/v2\/posts\/246189\/revisions\/246192"}],"wp:featuredmedia":[{"embeddable":true,"href":"https:\/\/www.caririemacao.com\/1\/wp-json\/wp\/v2\/media\/246190"}],"wp:attachment":[{"href":"https:\/\/www.caririemacao.com\/1\/wp-json\/wp\/v2\/media?parent=246189"}],"wp:term":[{"taxonomy":"category","embeddable":true,"href":"https:\/\/www.caririemacao.com\/1\/wp-json\/wp\/v2\/categories?post=246189"},{"taxonomy":"post_tag","embeddable":true,"href":"https:\/\/www.caririemacao.com\/1\/wp-json\/wp\/v2\/tags?post=246189"}],"curies":[{"name":"wp","href":"https:\/\/api.w.org\/{rel}","templated":true}]}}