{"id":246673,"date":"2022-05-11T07:28:55","date_gmt":"2022-05-11T10:28:55","guid":{"rendered":"https:\/\/www.caririemacao.com\/1\/?p=246673"},"modified":"2022-05-11T07:28:55","modified_gmt":"2022-05-11T10:28:55","slug":"bolsonaro-troca-comando-do-ministerio-de-minas-e-energia","status":"publish","type":"post","link":"https:\/\/www.caririemacao.com\/1\/2022\/05\/11\/bolsonaro-troca-comando-do-ministerio-de-minas-e-energia\/","title":{"rendered":"Bolsonaro troca comando do Minist\u00e9rio de Minas e Energia"},"content":{"rendered":"<p>O presidente Jair Bolsonaro trocou o comando do Minist\u00e9rio de Minas e Energia nesta quarta-feira (11). Bento Costa Lima Leite de Albuquerque foi exonerado, a pedido, e foi nomeado como titular da pasta Adolfo Sachsida. As informa\u00e7\u00f5es est\u00e3o na edi\u00e7\u00e3o desta quarta do &#8220;Di\u00e1rio Oficial da Uni\u00e3o (DOU)&#8221;.<\/p>\n<p>A mudan\u00e7a ocorre ap\u00f3s recentes cr\u00edticas do presidente \u00e0 pol\u00edtica de pre\u00e7os da Petrobras, estatal ligada \u00e0 pasta.<\/p>\n<p>No \u00faltimo dia 5 (quinta-feira), Bolsonaro citou o ministro Bento Albuquerque e o presidente da Petrobras, Jos\u00e9 Mauro Ferreira Coelho, ao reclamar de reajuste no pre\u00e7o do Diesel para as refinarias.<\/p>\n<p>&#8220;Voc\u00eas n\u00e3o podem, ministro Bento Albuquerque e senhor Jos\u00e9 Mauro, da Petrobras, n\u00e3o podem aumentar o pre\u00e7o do diesel. N\u00e3o estou apelando, estou fazendo uma constata\u00e7\u00e3o levando-se em conta o lucro abusivo que voc\u00eas t\u00eam. Voc\u00eas n\u00e3o podem quebrar o Brasil. \u00c9 um apelo agora: Petrobras, n\u00e3o quebre o Brasil, n\u00e3o aumente o pre\u00e7o do petr\u00f3leo. Eu n\u00e3o posso intervir. Voc\u00eas t\u00eam lucro, t\u00eam gordura e t\u00eam o papel social da Petrobras definido na Constitui\u00e7\u00e3o&#8221;, disse.<\/p>\n<p>O presidente fez apelos para que a Petrobras n\u00e3o voltasse a aumentar o pre\u00e7o dos combust\u00edveis no Brasil. Aos gritos, durante uma transmiss\u00e3o ao vivo por redes sociais, afirmou que os lucros registrados recentemente pela empresa s\u00e3o &#8220;um estupro&#8221;, beneficiam estrangeiros e quem paga a conta \u00e9 a popula\u00e7\u00e3o brasileira.<\/p>\n<p>Bolsonaro fez as cr\u00edticas pouco antes da divulga\u00e7\u00e3o pela Petrobras do resultado do primeiro trimestre, quando a empresa teve lucro de R$ 44,561 bilh\u00f5es. Esse valor \u00e9 3.718% maior que o registrado no mesmo per\u00edodo do ano passado. Em todo o ano de 2021, a empresa, que tem a Uni\u00e3o como maior acionista, registrou lucro l\u00edquido recorde de R$ 106,6 bilh\u00f5es.<\/p>\n<p>&#8220;O lucro de voc\u00eas \u00e9 um estupro, \u00e9 um absurdo. Voc\u00eas n\u00e3o podem aumentar mais os pre\u00e7os dos combust\u00edveis&#8221;, airmou Bolsonaro na ocasi\u00e3o.<\/p>\n<p>Cinco dias depois, a estatal reajustou em 8,87% o Diesel para as distribuidoras. O valor m\u00e9dio do litro vendido pela petroleira subiu de R$ 4,51 para R$ 4,91.<\/p>\n<p>Infla\u00e7\u00e3o<br \/>\nA alta nos pre\u00e7os da gasolina, diesel e g\u00e1s de cozinha tem contribu\u00eddo para pressionar os pre\u00e7os dos demais produtos, o que gera cr\u00edticas ao governo e a Bolsonaro, que \u00e9 pre-candidato \u00e0 reelei\u00e7\u00e3o. A infla\u00e7\u00e3o medida pelo \u00cdndice Nacional de Pre\u00e7os ao Consumidor Amplo (IPCA) atingiu 11,3% no acumulado em 12 meses at\u00e9 mar\u00e7o. J\u00e1 s\u00e3o 7 meses seguidos com a infla\u00e7\u00e3o anual acima dois d\u00edgitos.<\/p>\n<p>A taxa registrada no Brasil permanece bem acima da m\u00e9dia observada nas maiores economias do mundo.<\/p>\n<p>Adolfo Sachsida<\/p>\n<p>Adolfo Sachsida estava na equipe de Paulo Guedes no Minist\u00e9rio da Economia, como assessor especial. Doutor em Economia e advogado, \u00e9 autor de livros e artigos t\u00e9cnicos sobre pol\u00edticas econ\u00f4mica, monet\u00e1ria e fiscal, avalia\u00e7\u00e3o de pol\u00edticas p\u00fablicas, e tributa\u00e7\u00e3o. Foi professor em diversas universidades brasileiras, entre as quais a Universidade Cat\u00f3lica de Bras\u00edlia, onde foi diretor da gradua\u00e7\u00e3o e do mestrado em economia. Tamb\u00e9m foi professor de economia da Universidade do Texas, nos Estados Unidos.<\/p>\n<p>Questionado por jornalistas sobre a expans\u00e3o do vale-g\u00e1s em 4 de mar\u00e7o, Sachsida disse que algumas medidas podem ter boas inten\u00e7\u00f5es, mas gerar resultado negativo.<\/p>\n<p>&#8220;Algumas vezes as medidas t\u00eam boas inten\u00e7\u00f5es, mas terminam com resultado negativo. temos de tomar muito cuidado para que as medidas tomadas n\u00e3o agravarem a situa\u00e7\u00e3o. por isso a economia se posiciona contra determinadas medidas. pois apesar da inten\u00e7\u00e3o ser boa, o resultado pode ser ruim. temos de trabalhar para que o resultado tamb\u00e9m seja bom&#8221;, disse ele.<\/p>\n<p>Na mesma ocasi\u00e3o, ele foi perguntado sobre a mudan\u00e7a na pol\u00edtica de pre\u00e7o da Petrobras, que estabelece a paridade com a cota\u00e7\u00e3o do petr\u00f3leo no mercado internacional, e a cria\u00e7\u00e3o de um fundo estabilizador.<\/p>\n<p>&#8220;Se eu criar medidas que gerem receio sobre a consolida\u00e7\u00e3o fiscal, risco pa\u00eds sobe, real se desvaloriza, combust\u00edveis sobem. Come\u00e7a com uma medida para reduzir o pre\u00e7o do combust\u00edvel, mas \u00e9 equivocada. Vai ter o resultado contr\u00e1rio. Entendo a demanda do Congresso e da sociedade, mas cabe a n\u00f3s mostrar que elas n\u00e3o v\u00e3o ter o resultado esperado.&#8221;<\/p>\n<p>g1<\/p>\n","protected":false},"excerpt":{"rendered":"<p>O presidente Jair Bolsonaro trocou o comando do Minist\u00e9rio de Minas e Energia nesta quarta-feira (11). Bento Costa Lima Leite de Albuquerque foi exonerado, a pedido, e foi nomeado como titular da pasta Adolfo Sachsida. As informa\u00e7\u00f5es est\u00e3o na edi\u00e7\u00e3o desta quarta do &#8220;Di\u00e1rio Oficial da Uni\u00e3o (DOU)&#8221;. A mudan\u00e7a ocorre ap\u00f3s recentes cr\u00edticas do presidente \u00e0 pol\u00edtica de pre\u00e7os da Petrobras, estatal ligada \u00e0 pasta. No \u00faltimo dia 5 (quinta-feira), Bolsonaro citou o ministro Bento Albuquerque e o presidente da Petrobras, Jos\u00e9 Mauro Ferreira Coelho, ao reclamar de reajuste no pre\u00e7o do Diesel para as refinarias. &#8220;Voc\u00eas n\u00e3o podem, ministro Bento Albuquerque e senhor Jos\u00e9 Mauro, da Petrobras, n\u00e3o podem aumentar o pre\u00e7o do diesel. N\u00e3o estou apelando, estou fazendo uma constata\u00e7\u00e3o levando-se em conta o lucro abusivo que voc\u00eas t\u00eam. Voc\u00eas n\u00e3o podem quebrar o Brasil. \u00c9 um apelo agora: Petrobras, n\u00e3o quebre o Brasil, n\u00e3o aumente o pre\u00e7o do petr\u00f3leo. Eu n\u00e3o posso intervir. Voc\u00eas t\u00eam lucro, t\u00eam gordura e t\u00eam o papel social da Petrobras definido na Constitui\u00e7\u00e3o&#8221;, disse. O presidente fez apelos para que a Petrobras n\u00e3o voltasse a aumentar o pre\u00e7o dos combust\u00edveis no Brasil. Aos gritos, durante uma transmiss\u00e3o ao vivo por redes sociais, afirmou que os lucros registrados recentemente pela empresa s\u00e3o &#8220;um estupro&#8221;, beneficiam estrangeiros e quem paga a conta \u00e9 a popula\u00e7\u00e3o brasileira. Bolsonaro fez as cr\u00edticas pouco antes da divulga\u00e7\u00e3o pela Petrobras do resultado do primeiro trimestre, quando a empresa teve lucro de R$ 44,561 bilh\u00f5es. Esse valor \u00e9 3.718% maior que o registrado no mesmo per\u00edodo do ano passado. Em todo o ano de 2021, a empresa, que tem a Uni\u00e3o como maior acionista, registrou lucro l\u00edquido recorde de R$ 106,6 bilh\u00f5es. &#8220;O lucro de voc\u00eas \u00e9 um estupro, \u00e9 um absurdo. Voc\u00eas n\u00e3o podem aumentar mais os pre\u00e7os dos combust\u00edveis&#8221;, airmou Bolsonaro na ocasi\u00e3o. Cinco dias depois, a estatal reajustou em 8,87% o Diesel para as distribuidoras. O valor m\u00e9dio do litro vendido pela petroleira subiu de R$ 4,51 para R$ 4,91. Infla\u00e7\u00e3o A alta nos pre\u00e7os da gasolina, diesel e g\u00e1s de cozinha tem contribu\u00eddo para pressionar os pre\u00e7os dos demais produtos, o que gera cr\u00edticas ao governo e a Bolsonaro, que \u00e9 pre-candidato \u00e0 reelei\u00e7\u00e3o. A infla\u00e7\u00e3o medida pelo \u00cdndice Nacional de Pre\u00e7os ao Consumidor Amplo (IPCA) atingiu 11,3% no acumulado em 12 meses at\u00e9 mar\u00e7o. J\u00e1 s\u00e3o 7 meses seguidos com a infla\u00e7\u00e3o anual acima dois d\u00edgitos. A taxa registrada no Brasil permanece bem acima da m\u00e9dia observada nas maiores economias do mundo. Adolfo Sachsida Adolfo Sachsida estava na equipe de Paulo Guedes no Minist\u00e9rio da Economia, como assessor especial. Doutor em Economia e advogado, \u00e9 autor de livros e artigos t\u00e9cnicos sobre pol\u00edticas econ\u00f4mica, monet\u00e1ria e fiscal, avalia\u00e7\u00e3o de pol\u00edticas p\u00fablicas, e tributa\u00e7\u00e3o. Foi professor em diversas universidades brasileiras, entre as quais a Universidade Cat\u00f3lica de Bras\u00edlia, onde foi diretor da gradua\u00e7\u00e3o e do mestrado em economia. Tamb\u00e9m foi professor de economia da Universidade do Texas, nos Estados Unidos. Questionado por jornalistas sobre a expans\u00e3o do vale-g\u00e1s em 4 de mar\u00e7o, Sachsida disse que algumas medidas podem ter boas inten\u00e7\u00f5es, mas gerar resultado negativo. &#8220;Algumas vezes as medidas t\u00eam boas inten\u00e7\u00f5es, mas terminam com resultado negativo. temos de tomar muito cuidado para que as medidas tomadas n\u00e3o agravarem a situa\u00e7\u00e3o. por isso a economia se posiciona contra determinadas medidas. pois apesar da inten\u00e7\u00e3o ser boa, o resultado pode ser ruim. temos de trabalhar para que o resultado tamb\u00e9m seja bom&#8221;, disse ele. Na mesma ocasi\u00e3o, ele foi perguntado sobre a mudan\u00e7a na pol\u00edtica de pre\u00e7o da Petrobras, que estabelece a paridade com a cota\u00e7\u00e3o do petr\u00f3leo no mercado internacional, e a cria\u00e7\u00e3o de um fundo estabilizador. &#8220;Se eu criar medidas que gerem receio sobre a consolida\u00e7\u00e3o fiscal, risco pa\u00eds sobe, real se desvaloriza, combust\u00edveis sobem. Come\u00e7a com uma medida para reduzir o pre\u00e7o do combust\u00edvel, mas \u00e9 equivocada. Vai ter o resultado contr\u00e1rio. Entendo a demanda do Congresso e da sociedade, mas cabe a n\u00f3s mostrar que elas n\u00e3o v\u00e3o ter o resultado esperado.&#8221; g1<\/p>\n","protected":false},"author":6,"featured_media":246674,"comment_status":"closed","ping_status":"closed","sticky":false,"template":"","format":"standard","meta":{"sfsi_plus_gutenberg_text_before_share":"","sfsi_plus_gutenberg_show_text_before_share":"","sfsi_plus_gutenberg_icon_type":"","sfsi_plus_gutenberg_icon_alignemt":"","sfsi_plus_gutenburg_max_per_row":"","footnotes":""},"categories":[50,98],"tags":[],"class_list":["post-246673","post","type-post","status-publish","format-standard","has-post-thumbnail","hentry","category-destaque","category-presidente"],"_links":{"self":[{"href":"https:\/\/www.caririemacao.com\/1\/wp-json\/wp\/v2\/posts\/246673","targetHints":{"allow":["GET"]}}],"collection":[{"href":"https:\/\/www.caririemacao.com\/1\/wp-json\/wp\/v2\/posts"}],"about":[{"href":"https:\/\/www.caririemacao.com\/1\/wp-json\/wp\/v2\/types\/post"}],"author":[{"embeddable":true,"href":"https:\/\/www.caririemacao.com\/1\/wp-json\/wp\/v2\/users\/6"}],"replies":[{"embeddable":true,"href":"https:\/\/www.caririemacao.com\/1\/wp-json\/wp\/v2\/comments?post=246673"}],"version-history":[{"count":2,"href":"https:\/\/www.caririemacao.com\/1\/wp-json\/wp\/v2\/posts\/246673\/revisions"}],"predecessor-version":[{"id":246676,"href":"https:\/\/www.caririemacao.com\/1\/wp-json\/wp\/v2\/posts\/246673\/revisions\/246676"}],"wp:featuredmedia":[{"embeddable":true,"href":"https:\/\/www.caririemacao.com\/1\/wp-json\/wp\/v2\/media\/246674"}],"wp:attachment":[{"href":"https:\/\/www.caririemacao.com\/1\/wp-json\/wp\/v2\/media?parent=246673"}],"wp:term":[{"taxonomy":"category","embeddable":true,"href":"https:\/\/www.caririemacao.com\/1\/wp-json\/wp\/v2\/categories?post=246673"},{"taxonomy":"post_tag","embeddable":true,"href":"https:\/\/www.caririemacao.com\/1\/wp-json\/wp\/v2\/tags?post=246673"}],"curies":[{"name":"wp","href":"https:\/\/api.w.org\/{rel}","templated":true}]}}