{"id":246869,"date":"2022-05-14T07:30:54","date_gmt":"2022-05-14T10:30:54","guid":{"rendered":"https:\/\/www.caririemacao.com\/1\/?p=246869"},"modified":"2022-05-14T06:01:10","modified_gmt":"2022-05-14T09:01:10","slug":"bolsonaro-anuncia-implantacao-de-100-dessalinizadores-na-paraiba-para-ampliacao-de-acesso-a-agua","status":"publish","type":"post","link":"https:\/\/www.caririemacao.com\/1\/2022\/05\/14\/bolsonaro-anuncia-implantacao-de-100-dessalinizadores-na-paraiba-para-ampliacao-de-acesso-a-agua\/","title":{"rendered":"Bolsonaro anuncia implanta\u00e7\u00e3o de 100 dessalinizadores na Para\u00edba para amplia\u00e7\u00e3o de acesso \u00e0 \u00e1gua"},"content":{"rendered":"<p>O presidente Jair Bolsonaro anunciou o investimento de mais 100 dessalinizadores para a Para\u00edba. Em parceria com o\u00a0Minist\u00e9rio do Desenvolvimento Regional (MDR), mais de 100 sistemas de dessaliniza\u00e7\u00e3o ser\u00e3o instalados no estado nos pr\u00f3ximos meses.<\/p>\n<p>Esse sistema de\u00a0dessaliniza\u00e7\u00e3o beneficia\u00a0direta e indiretamente milhares de paraibanos que vivem no semi\u00e1rido.\u00a0\u00c1guas salinas e salobras subterr\u00e2neas sofrem um\u00a0processo de osmose reversa, para\u00a0a\u00a0oferta de\u00a0\u00e1gua com qualidade destinada ao consumo humano para comunidades na sua maioria rurais.<\/p>\n<p>Em um post em seu Twitter, feito nesta sexta-feira (13) ele destacou a quantidade que est\u00e1 sendo enviada para cada estado do Nordeste e a Para\u00edba foi a que mais recebeu unidades do\u00a0sistema.<\/p>\n<p>Quantidade destinada a cada estado :<br \/>\n\u2022 20\u00a0em AL,<br \/>\n\u2022 60 na BA,<br \/>\n\u2022 20 no CE<br \/>\n\u2022 20 em SE,<br \/>\n\u2022 60 no RN,<br \/>\n\u2022 100 na PB,<br \/>\n\u2022 20 no PI,<br \/>\n\u2022 69 em MG,<br \/>\n\u2022 27 no MA,<br \/>\n\u2022 30 em PE.<\/p>\n<figure><img decoding=\"async\" src=\"https:\/\/www.clickpb.com.br\/media\/filer_public\/27\/8b\/278bafd5-a129-4d4f-8d75-53c4fd674338\/sem_titulo.jpg\" data-image=\"188654\" \/><\/figure>\n<p>ClickPB<\/p>\n","protected":false},"excerpt":{"rendered":"<p>O presidente Jair Bolsonaro anunciou o investimento de mais 100 dessalinizadores para a Para\u00edba. Em parceria com o\u00a0Minist\u00e9rio do Desenvolvimento Regional (MDR), mais de 100 sistemas de dessaliniza\u00e7\u00e3o ser\u00e3o instalados no estado nos pr\u00f3ximos meses. Esse sistema de\u00a0dessaliniza\u00e7\u00e3o beneficia\u00a0direta e indiretamente milhares de paraibanos que vivem no semi\u00e1rido.\u00a0\u00c1guas salinas e salobras subterr\u00e2neas sofrem um\u00a0processo de osmose reversa, para\u00a0a\u00a0oferta de\u00a0\u00e1gua com qualidade destinada ao consumo humano para comunidades na sua maioria rurais. Em um post em seu Twitter, feito nesta sexta-feira (13) ele destacou a quantidade que est\u00e1 sendo enviada para cada estado do Nordeste e a Para\u00edba foi a que mais recebeu unidades do\u00a0sistema. Quantidade destinada a cada estado : \u2022 20\u00a0em AL, \u2022 60 na BA, \u2022 20 no CE \u2022 20 em SE, \u2022 60 no RN, \u2022 100 na PB, \u2022 20 no PI, \u2022 69 em MG, \u2022 27 no MA, \u2022 30 em PE. ClickPB<\/p>\n","protected":false},"author":6,"featured_media":246870,"comment_status":"closed","ping_status":"closed","sticky":false,"template":"","format":"standard","meta":{"sfsi_plus_gutenberg_text_before_share":"","sfsi_plus_gutenberg_show_text_before_share":"","sfsi_plus_gutenberg_icon_type":"","sfsi_plus_gutenberg_icon_alignemt":"","sfsi_plus_gutenburg_max_per_row":"","footnotes":""},"categories":[50,104,98],"tags":[],"class_list":["post-246869","post","type-post","status-publish","format-standard","has-post-thumbnail","hentry","category-destaque","category-paraiba","category-presidente"],"_links":{"self":[{"href":"https:\/\/www.caririemacao.com\/1\/wp-json\/wp\/v2\/posts\/246869","targetHints":{"allow":["GET"]}}],"collection":[{"href":"https:\/\/www.caririemacao.com\/1\/wp-json\/wp\/v2\/posts"}],"about":[{"href":"https:\/\/www.caririemacao.com\/1\/wp-json\/wp\/v2\/types\/post"}],"author":[{"embeddable":true,"href":"https:\/\/www.caririemacao.com\/1\/wp-json\/wp\/v2\/users\/6"}],"replies":[{"embeddable":true,"href":"https:\/\/www.caririemacao.com\/1\/wp-json\/wp\/v2\/comments?post=246869"}],"version-history":[{"count":1,"href":"https:\/\/www.caririemacao.com\/1\/wp-json\/wp\/v2\/posts\/246869\/revisions"}],"predecessor-version":[{"id":246871,"href":"https:\/\/www.caririemacao.com\/1\/wp-json\/wp\/v2\/posts\/246869\/revisions\/246871"}],"wp:featuredmedia":[{"embeddable":true,"href":"https:\/\/www.caririemacao.com\/1\/wp-json\/wp\/v2\/media\/246870"}],"wp:attachment":[{"href":"https:\/\/www.caririemacao.com\/1\/wp-json\/wp\/v2\/media?parent=246869"}],"wp:term":[{"taxonomy":"category","embeddable":true,"href":"https:\/\/www.caririemacao.com\/1\/wp-json\/wp\/v2\/categories?post=246869"},{"taxonomy":"post_tag","embeddable":true,"href":"https:\/\/www.caririemacao.com\/1\/wp-json\/wp\/v2\/tags?post=246869"}],"curies":[{"name":"wp","href":"https:\/\/api.w.org\/{rel}","templated":true}]}}