{"id":247541,"date":"2022-05-24T09:01:40","date_gmt":"2022-05-24T12:01:40","guid":{"rendered":"https:\/\/www.caririemacao.com\/1\/?p=247541"},"modified":"2022-05-24T09:01:40","modified_gmt":"2022-05-24T12:01:40","slug":"oms-nao-ha-urgencia-para-vacinacao-contra-variola-dos-macacos","status":"publish","type":"post","link":"https:\/\/www.caririemacao.com\/1\/2022\/05\/24\/oms-nao-ha-urgencia-para-vacinacao-contra-variola-dos-macacos\/","title":{"rendered":"OMS: n\u00e3o h\u00e1 urg\u00eancia para vacina\u00e7\u00e3o contra var\u00edola dos macacos"},"content":{"rendered":"<p>A Organiza\u00e7\u00e3o Mundial da Sa\u00fade (OMS) n\u00e3o acredita que o surto de var\u00edola dos macacos fora da \u00c1frica exija vacina\u00e7\u00f5es em massa, uma vez que medidas como boa higiene e comportamento sexual seguro ajudar\u00e3o a controlar a propaga\u00e7\u00e3o, disse uma autoridade s\u00eanior nesta segunda-feira (23).<img decoding=\"async\" src=\"https:\/\/agenciabrasil.ebc.com.br\/ebc.png?id=1461470&amp;o=node\" \/><img decoding=\"async\" src=\"https:\/\/agenciabrasil.ebc.com.br\/ebc.gif?id=1461470&amp;o=node\" \/><\/p>\n<p>Em entrevista \u00e0 Reuters, Richard Pebody, que lidera a equipe de pat\u00f3genos de alta amea\u00e7a na OMS Europa, tamb\u00e9m afirmou que os suprimentos imediatos de vacinas e antivirais s\u00e3o relativamente limitados.<\/p>\n<p>Os coment\u00e1rios ocorrem no momento em que o Centro de Controle e Preven\u00e7\u00e3o de Doen\u00e7as (CDC) dos EUA disse que estava em processo de libera\u00e7\u00e3o de algumas doses da vacina Jynneos para uso em casos de var\u00edola dos macacos.<\/p>\n<p>Autoridades de sa\u00fade p\u00fablica na Europa e na Am\u00e9rica do Norte est\u00e3o investigando mais de 100 casos suspeitos e confirmados da infec\u00e7\u00e3o viral no pior surto do v\u00edrus fora da \u00c1frica, onde a doen\u00e7a \u00e9 end\u00eamica.<\/p>\n<p>As principais medidas para controlar o surto s\u00e3o o rastreamento e o isolamento de contatos, disse ele, observando que n\u00e3o \u00e9 um v\u00edrus que se espalha com muita facilidade e nem causou doen\u00e7as graves at\u00e9 agora.<\/p>\n<p>&#8220;N\u00e3o estamos em uma situa\u00e7\u00e3o em que estamos nos movendo para a vacina\u00e7\u00e3o generalizada das popula\u00e7\u00f5es&#8221;, declarou.<\/p>\n<p>N\u00e3o est\u00e1 claro o que est\u00e1 impulsionando o surto. Cientistas tentam entender a origem dos casos e se algo sobre o v\u00edrus mudou. N\u00e3o h\u00e1 evid\u00eancias de que o v\u00edrus tenha sofrido muta\u00e7\u00e3o, disse um executivo s\u00eanior da ag\u00eancia da ONU separadamente nesta segunda-feira.<\/p>\n<p>&nbsp;<\/p>\n<p>Ag\u00eancia Brasil<\/p>\n","protected":false},"excerpt":{"rendered":"<p>A Organiza\u00e7\u00e3o Mundial da Sa\u00fade (OMS) n\u00e3o acredita que o surto de var\u00edola dos macacos fora da \u00c1frica exija vacina\u00e7\u00f5es em massa, uma vez que medidas como boa higiene e comportamento sexual seguro ajudar\u00e3o a controlar a propaga\u00e7\u00e3o, disse uma autoridade s\u00eanior nesta segunda-feira (23). Em entrevista \u00e0 Reuters, Richard Pebody, que lidera a equipe de pat\u00f3genos de alta amea\u00e7a na OMS Europa, tamb\u00e9m afirmou que os suprimentos imediatos de vacinas e antivirais s\u00e3o relativamente limitados. Os coment\u00e1rios ocorrem no momento em que o Centro de Controle e Preven\u00e7\u00e3o de Doen\u00e7as (CDC) dos EUA disse que estava em processo de libera\u00e7\u00e3o de algumas doses da vacina Jynneos para uso em casos de var\u00edola dos macacos. Autoridades de sa\u00fade p\u00fablica na Europa e na Am\u00e9rica do Norte est\u00e3o investigando mais de 100 casos suspeitos e confirmados da infec\u00e7\u00e3o viral no pior surto do v\u00edrus fora da \u00c1frica, onde a doen\u00e7a \u00e9 end\u00eamica. As principais medidas para controlar o surto s\u00e3o o rastreamento e o isolamento de contatos, disse ele, observando que n\u00e3o \u00e9 um v\u00edrus que se espalha com muita facilidade e nem causou doen\u00e7as graves at\u00e9 agora. &#8220;N\u00e3o estamos em uma situa\u00e7\u00e3o em que estamos nos movendo para a vacina\u00e7\u00e3o generalizada das popula\u00e7\u00f5es&#8221;, declarou. N\u00e3o est\u00e1 claro o que est\u00e1 impulsionando o surto. Cientistas tentam entender a origem dos casos e se algo sobre o v\u00edrus mudou. N\u00e3o h\u00e1 evid\u00eancias de que o v\u00edrus tenha sofrido muta\u00e7\u00e3o, disse um executivo s\u00eanior da ag\u00eancia da ONU separadamente nesta segunda-feira. &nbsp; Ag\u00eancia Brasil<\/p>\n","protected":false},"author":6,"featured_media":247542,"comment_status":"closed","ping_status":"closed","sticky":false,"template":"","format":"standard","meta":{"sfsi_plus_gutenberg_text_before_share":"","sfsi_plus_gutenberg_show_text_before_share":"","sfsi_plus_gutenberg_icon_type":"","sfsi_plus_gutenberg_icon_alignemt":"","sfsi_plus_gutenburg_max_per_row":"","footnotes":""},"categories":[50,103,16],"tags":[],"class_list":["post-247541","post","type-post","status-publish","format-standard","has-post-thumbnail","hentry","category-destaque","category-mundo","category-saude"],"_links":{"self":[{"href":"https:\/\/www.caririemacao.com\/1\/wp-json\/wp\/v2\/posts\/247541","targetHints":{"allow":["GET"]}}],"collection":[{"href":"https:\/\/www.caririemacao.com\/1\/wp-json\/wp\/v2\/posts"}],"about":[{"href":"https:\/\/www.caririemacao.com\/1\/wp-json\/wp\/v2\/types\/post"}],"author":[{"embeddable":true,"href":"https:\/\/www.caririemacao.com\/1\/wp-json\/wp\/v2\/users\/6"}],"replies":[{"embeddable":true,"href":"https:\/\/www.caririemacao.com\/1\/wp-json\/wp\/v2\/comments?post=247541"}],"version-history":[{"count":1,"href":"https:\/\/www.caririemacao.com\/1\/wp-json\/wp\/v2\/posts\/247541\/revisions"}],"predecessor-version":[{"id":247543,"href":"https:\/\/www.caririemacao.com\/1\/wp-json\/wp\/v2\/posts\/247541\/revisions\/247543"}],"wp:featuredmedia":[{"embeddable":true,"href":"https:\/\/www.caririemacao.com\/1\/wp-json\/wp\/v2\/media\/247542"}],"wp:attachment":[{"href":"https:\/\/www.caririemacao.com\/1\/wp-json\/wp\/v2\/media?parent=247541"}],"wp:term":[{"taxonomy":"category","embeddable":true,"href":"https:\/\/www.caririemacao.com\/1\/wp-json\/wp\/v2\/categories?post=247541"},{"taxonomy":"post_tag","embeddable":true,"href":"https:\/\/www.caririemacao.com\/1\/wp-json\/wp\/v2\/tags?post=247541"}],"curies":[{"name":"wp","href":"https:\/\/api.w.org\/{rel}","templated":true}]}}