{"id":247722,"date":"2022-05-26T07:28:35","date_gmt":"2022-05-26T10:28:35","guid":{"rendered":"https:\/\/www.caririemacao.com\/1\/?p=247722"},"modified":"2022-05-26T07:28:35","modified_gmt":"2022-05-26T10:28:35","slug":"brasil-registra-6-mil-casos-de-covid-em-24-horas","status":"publish","type":"post","link":"https:\/\/www.caririemacao.com\/1\/2022\/05\/26\/brasil-registra-6-mil-casos-de-covid-em-24-horas\/","title":{"rendered":"Brasil registra 6 mil casos de Covid em 24 horas"},"content":{"rendered":"<p>O Brasil registrou 157 mortes por Covid e 6.000 casos da doen\u00e7a, nesta quarta-feira (25). Com isso, o pa\u00eds chega a 666.112 vidas perdidas e a 30.838.912 infectados pelo Sars-CoV-2 desde o in\u00edcio da pandemia.<\/p>\n<p>A m\u00e9dia de \u00f3bitos di\u00e1ria, ap\u00f3s 11 dias, ficou acima de 100; ela agora \u00e9 de 105.<\/p>\n<p>J\u00e1 a m\u00e9dia de infec\u00e7\u00f5es \u00e9 de 14.455 casos por dia, queda de 11,92% em rela\u00e7\u00e3o ao dado de duas semanas atr\u00e1s (16.413). Nos estados do Paran\u00e1 e Goi\u00e1s houve redu\u00e7\u00e3o de casos em rela\u00e7\u00e3o ao dia anterior, o que ainda n\u00e3o foi explicado pelas secretarias de sa\u00fade.<\/p>\n<p>Acre, Bahia, Alagoas, Mato Grosso, Mato Grosso do Sul, Sergipe e Roraima n\u00e3o registraram novos \u00f3bitos.<\/p>\n<p>Os dados do pa\u00eds, coletados at\u00e9 20h, s\u00e3o fruto de colabora\u00e7\u00e3o entre Folha de S.Paulo, UOL, O Estado de S. Paulo, Extra, O Globo e G1 para reunir e divulgar os n\u00fameros relativos \u00e0 pandemia do novo coronav\u00edrus. As informa\u00e7\u00f5es s\u00e3o recolhidas pelo cons\u00f3rcio de ve\u00edculos de imprensa diariamente com as Secretarias de Sa\u00fade estaduais.<\/p>\n<p>Em rela\u00e7\u00e3o \u00e0 vacina\u00e7\u00e3o, o Brasil registrou 1.356.299 doses de vacinas contra Covid-19 nesta quarta. De acordo com dados das secretarias estaduais de Sa\u00fade, foram 25.269 primeiras doses. Tamb\u00e9m foram registradas 1.200.674 doses de refor\u00e7o.<\/p>\n<p>Ao todo, 178.272.688 pessoas receberam pelo menos a primeira dose de uma vacina contra a Covid no Brasil \u2013160.838.308 delas j\u00e1 receberam a segunda dose do imunizante. Somadas as doses \u00fanicas da vacina da Janssen contra a Covid, j\u00e1 s\u00e3o 165.639.167 pessoas com as duas doses ou com uma dose da vacina da Janssen.<\/p>\n<p>Assim, o pa\u00eds j\u00e1 tem 82,98% da popula\u00e7\u00e3o com a 1\u00aa dose e 77,1% dos brasileiros com as duas doses ou com uma dose da vacina da Janssen.<\/p>\n<p>At\u00e9 o momento, 91.218.006 pessoas j\u00e1 tomaram dose de refor\u00e7o, o que representa 42,46% da popula\u00e7\u00e3o brasileira. Outros 2.971.016 tomaram a quarta dose da vacina.<\/p>\n<p>O cons\u00f3rcio re\u00fane tamb\u00e9m o registro das doses de vacinas aplicadas em crian\u00e7as. A popula\u00e7\u00e3o de 5 a 11 anos parcialmente imunizada (com somente a primeira dose de vacina recebida) \u00e9 de 59,95%, totalizando 12.290.836. Na mesma faixa et\u00e1ria, 31,39% (6.435.992) recebeu a segunda dose ou a dose \u00fanica.<\/p>\n<p>Os dados da vacina\u00e7\u00e3o contra a Covid-19 foram afetados pelo ataque hacker ao sistema do Minist\u00e9rio da Sa\u00fade, ocorrido em dezembro, o que levou \u00e0 falta de atualiza\u00e7\u00e3o em diversos estados por longos per\u00edodos de tempo.<\/p>\n<p>O cons\u00f3rcio de ve\u00edculos de imprensa recentemente atualizou os n\u00fameros de popula\u00e7\u00e3o brasileira usados para calcular o percentual de pessoas vacinadas no pa\u00eds. Agora, os dados usados s\u00e3o a proje\u00e7\u00e3o do IBGE (Instituto Brasileiro de Geografia e Estat\u00edstica) para 2022. Todos os n\u00fameros passam a ser calculados de acordo com esses valores, inclusive os do ano passado. Por isso, os percentuais de pessoas vacinadas podem apresentar alguma diverg\u00eancia em rela\u00e7\u00e3o aos n\u00fameros publicados anteriormente.<\/p>\n<p>Mesmo quem recebeu as duas doses ou uma dose da vacina da Janssen deve manter cuidados b\u00e1sicos, como uso de m\u00e1scara e distanciamento social, afirmam especialistas.<\/p>\n<p>A iniciativa do cons\u00f3rcio de ve\u00edculos de imprensa ocorreu em resposta \u00e0s atitudes do governo Jair Bolsonaro (PL), que amea\u00e7ou sonegar dados, atrasou boletins sobre a doen\u00e7a e tirou informa\u00e7\u00f5es do ar, com a interrup\u00e7\u00e3o da divulga\u00e7\u00e3o dos totais de casos e mortes. Al\u00e9m disso, o governo divulgou dados conflitantes.<\/p>\n<p>FolhaPress<\/p>\n","protected":false},"excerpt":{"rendered":"<p>O Brasil registrou 157 mortes por Covid e 6.000 casos da doen\u00e7a, nesta quarta-feira (25). Com isso, o pa\u00eds chega a 666.112 vidas perdidas e a 30.838.912 infectados pelo Sars-CoV-2 desde o in\u00edcio da pandemia. A m\u00e9dia de \u00f3bitos di\u00e1ria, ap\u00f3s 11 dias, ficou acima de 100; ela agora \u00e9 de 105. J\u00e1 a m\u00e9dia de infec\u00e7\u00f5es \u00e9 de 14.455 casos por dia, queda de 11,92% em rela\u00e7\u00e3o ao dado de duas semanas atr\u00e1s (16.413). Nos estados do Paran\u00e1 e Goi\u00e1s houve redu\u00e7\u00e3o de casos em rela\u00e7\u00e3o ao dia anterior, o que ainda n\u00e3o foi explicado pelas secretarias de sa\u00fade. Acre, Bahia, Alagoas, Mato Grosso, Mato Grosso do Sul, Sergipe e Roraima n\u00e3o registraram novos \u00f3bitos. Os dados do pa\u00eds, coletados at\u00e9 20h, s\u00e3o fruto de colabora\u00e7\u00e3o entre Folha de S.Paulo, UOL, O Estado de S. Paulo, Extra, O Globo e G1 para reunir e divulgar os n\u00fameros relativos \u00e0 pandemia do novo coronav\u00edrus. As informa\u00e7\u00f5es s\u00e3o recolhidas pelo cons\u00f3rcio de ve\u00edculos de imprensa diariamente com as Secretarias de Sa\u00fade estaduais. Em rela\u00e7\u00e3o \u00e0 vacina\u00e7\u00e3o, o Brasil registrou 1.356.299 doses de vacinas contra Covid-19 nesta quarta. De acordo com dados das secretarias estaduais de Sa\u00fade, foram 25.269 primeiras doses. Tamb\u00e9m foram registradas 1.200.674 doses de refor\u00e7o. Ao todo, 178.272.688 pessoas receberam pelo menos a primeira dose de uma vacina contra a Covid no Brasil \u2013160.838.308 delas j\u00e1 receberam a segunda dose do imunizante. Somadas as doses \u00fanicas da vacina da Janssen contra a Covid, j\u00e1 s\u00e3o 165.639.167 pessoas com as duas doses ou com uma dose da vacina da Janssen. Assim, o pa\u00eds j\u00e1 tem 82,98% da popula\u00e7\u00e3o com a 1\u00aa dose e 77,1% dos brasileiros com as duas doses ou com uma dose da vacina da Janssen. At\u00e9 o momento, 91.218.006 pessoas j\u00e1 tomaram dose de refor\u00e7o, o que representa 42,46% da popula\u00e7\u00e3o brasileira. Outros 2.971.016 tomaram a quarta dose da vacina. O cons\u00f3rcio re\u00fane tamb\u00e9m o registro das doses de vacinas aplicadas em crian\u00e7as. A popula\u00e7\u00e3o de 5 a 11 anos parcialmente imunizada (com somente a primeira dose de vacina recebida) \u00e9 de 59,95%, totalizando 12.290.836. Na mesma faixa et\u00e1ria, 31,39% (6.435.992) recebeu a segunda dose ou a dose \u00fanica. Os dados da vacina\u00e7\u00e3o contra a Covid-19 foram afetados pelo ataque hacker ao sistema do Minist\u00e9rio da Sa\u00fade, ocorrido em dezembro, o que levou \u00e0 falta de atualiza\u00e7\u00e3o em diversos estados por longos per\u00edodos de tempo. O cons\u00f3rcio de ve\u00edculos de imprensa recentemente atualizou os n\u00fameros de popula\u00e7\u00e3o brasileira usados para calcular o percentual de pessoas vacinadas no pa\u00eds. Agora, os dados usados s\u00e3o a proje\u00e7\u00e3o do IBGE (Instituto Brasileiro de Geografia e Estat\u00edstica) para 2022. Todos os n\u00fameros passam a ser calculados de acordo com esses valores, inclusive os do ano passado. Por isso, os percentuais de pessoas vacinadas podem apresentar alguma diverg\u00eancia em rela\u00e7\u00e3o aos n\u00fameros publicados anteriormente. Mesmo quem recebeu as duas doses ou uma dose da vacina da Janssen deve manter cuidados b\u00e1sicos, como uso de m\u00e1scara e distanciamento social, afirmam especialistas. A iniciativa do cons\u00f3rcio de ve\u00edculos de imprensa ocorreu em resposta \u00e0s atitudes do governo Jair Bolsonaro (PL), que amea\u00e7ou sonegar dados, atrasou boletins sobre a doen\u00e7a e tirou informa\u00e7\u00f5es do ar, com a interrup\u00e7\u00e3o da divulga\u00e7\u00e3o dos totais de casos e mortes. Al\u00e9m disso, o governo divulgou dados conflitantes. FolhaPress<\/p>\n","protected":false},"author":6,"featured_media":247723,"comment_status":"closed","ping_status":"closed","sticky":false,"template":"","format":"standard","meta":{"sfsi_plus_gutenberg_text_before_share":"","sfsi_plus_gutenberg_show_text_before_share":"","sfsi_plus_gutenberg_icon_type":"","sfsi_plus_gutenberg_icon_alignemt":"","sfsi_plus_gutenburg_max_per_row":"","footnotes":""},"categories":[124,50],"tags":[],"class_list":["post-247722","post","type-post","status-publish","format-standard","has-post-thumbnail","hentry","category-covid-19","category-destaque"],"_links":{"self":[{"href":"https:\/\/www.caririemacao.com\/1\/wp-json\/wp\/v2\/posts\/247722","targetHints":{"allow":["GET"]}}],"collection":[{"href":"https:\/\/www.caririemacao.com\/1\/wp-json\/wp\/v2\/posts"}],"about":[{"href":"https:\/\/www.caririemacao.com\/1\/wp-json\/wp\/v2\/types\/post"}],"author":[{"embeddable":true,"href":"https:\/\/www.caririemacao.com\/1\/wp-json\/wp\/v2\/users\/6"}],"replies":[{"embeddable":true,"href":"https:\/\/www.caririemacao.com\/1\/wp-json\/wp\/v2\/comments?post=247722"}],"version-history":[{"count":1,"href":"https:\/\/www.caririemacao.com\/1\/wp-json\/wp\/v2\/posts\/247722\/revisions"}],"predecessor-version":[{"id":247724,"href":"https:\/\/www.caririemacao.com\/1\/wp-json\/wp\/v2\/posts\/247722\/revisions\/247724"}],"wp:featuredmedia":[{"embeddable":true,"href":"https:\/\/www.caririemacao.com\/1\/wp-json\/wp\/v2\/media\/247723"}],"wp:attachment":[{"href":"https:\/\/www.caririemacao.com\/1\/wp-json\/wp\/v2\/media?parent=247722"}],"wp:term":[{"taxonomy":"category","embeddable":true,"href":"https:\/\/www.caririemacao.com\/1\/wp-json\/wp\/v2\/categories?post=247722"},{"taxonomy":"post_tag","embeddable":true,"href":"https:\/\/www.caririemacao.com\/1\/wp-json\/wp\/v2\/tags?post=247722"}],"curies":[{"name":"wp","href":"https:\/\/api.w.org\/{rel}","templated":true}]}}