{"id":248183,"date":"2022-06-02T07:14:51","date_gmt":"2022-06-02T10:14:51","guid":{"rendered":"https:\/\/www.caririemacao.com\/1\/?p=248183"},"modified":"2022-06-02T07:14:51","modified_gmt":"2022-06-02T10:14:51","slug":"atirador-mata-4-em-centro-medico-na-cidade-de-tulsa-nos-eua","status":"publish","type":"post","link":"https:\/\/www.caririemacao.com\/1\/2022\/06\/02\/atirador-mata-4-em-centro-medico-na-cidade-de-tulsa-nos-eua\/","title":{"rendered":"Atirador mata 4 em centro m\u00e9dico na cidade de Tulsa, nos EUA"},"content":{"rendered":"<p>Um homem efetuou diversos disparos em um centro m\u00e9dico na cidade de Tulsa, no estado de Oklahoma, nos Estados Unidos, nesta quarta-feira (1\u00ba).<\/p>\n<p>O atirador matou quatro pessoas e depois foi morto.<\/p>\n<p>Uma das v\u00edtimas morreu depois de fugir do local onde houve os disparos, quando tentava ser atendida por algum m\u00e9dico.<\/p>\n<figure><img decoding=\"async\" src=\"https:\/\/www.clickpb.com.br\/media\/filer_public\/c0\/2a\/c02a46f6-c654-461f-bfab-a607f42ce8e2\/2022-06-01t234031z-842232244-rc2bju9b4wio-rtrmadp-3-oklahoma-shooting.webp\" data-image=\"189915\" \/><\/figure>\n<p><em>Carros de pol\u00edcia perto do local onde houve um tiroteio na cidade de Tulsa, nos EUA, em 1\u00ba de junho de 2022 \u2014 Foto: Michael Noble Jr.\/Reuters<\/em><\/p>\n<p>Al\u00e9m dos mortos, h\u00e1 outras v\u00edtimas, que est\u00e3o sendo atendidas por equipes de m\u00e9dicos.<\/p>\n<p>O atirador estava com um rifle e uma pistola \u2014foram feitos disparos com as duas armas, de acordo com a pol\u00edcia.<\/p>\n<p>N\u00e3o se sabe ainda se ele foi morto pela pol\u00edcia ou se ele deu um tiro em si mesmo, segundo o capit\u00e3o Richard Meulenberg.<\/p>\n<p>Em entrevista \u00e0 rede ABC, Meulenberg disse que a pol\u00edcia recebeu um chamado e soube que havia um homem com um rifle no segundo andar de um pr\u00e9dio no complexo hospitalar, e que a situa\u00e7\u00e3o se tornou um ataque em massa.<\/p>\n<p>Quando os agentes chegaram ao local, j\u00e1 havia duas pessoas mortas e outras atingidas.<\/p>\n<p>&#8220;N\u00f3s tamb\u00e9m encontramos a pessoa que acreditamos que seja o atirador, porque ele tinha um longo rifle e uma pistola&#8221;, disse Meulenberg. O capit\u00e3o descreveu a situa\u00e7\u00e3o como catastr\u00f3fica.<\/p>\n<p>O ataque ocorreu \u00e0s 17h de Tulsa (19h de Bras\u00edlia).<\/p>\n<p>Ap\u00f3s o fim dos disparos, a pol\u00edcia come\u00e7ou a averiguar o pr\u00e9dio c\u00f4modo a c\u00f4modo.<\/p>\n<p>Ainda n\u00e3o se sabe qual \u00e9 a identidade do suspeito. Um porta-voz da pol\u00edcia afirmou que ele era um homem negro, de idade entre 35 e 40 anos.<\/p>\n<p>O governo dos EUA afirmou que o presidente Joe Biden foi informado e que ofereceu ajuda ao estado.<\/p>\n<p>Os EUA t\u00eam problemas para conter ataques em massa como esse: h\u00e1 8 dias, um atirador entrou em uma escola e matou 19 alunos e dois professores na cidade de Uvalde, no Texas. H\u00e1 18 dias, 10 pessoas foram assassinadas em um supermercado na cidade de Buffalo, em Nova York.<\/p>\n<p>G1<\/p>\n","protected":false},"excerpt":{"rendered":"<p>Um homem efetuou diversos disparos em um centro m\u00e9dico na cidade de Tulsa, no estado de Oklahoma, nos Estados Unidos, nesta quarta-feira (1\u00ba). O atirador matou quatro pessoas e depois foi morto. Uma das v\u00edtimas morreu depois de fugir do local onde houve os disparos, quando tentava ser atendida por algum m\u00e9dico. Carros de pol\u00edcia perto do local onde houve um tiroteio na cidade de Tulsa, nos EUA, em 1\u00ba de junho de 2022 \u2014 Foto: Michael Noble Jr.\/Reuters Al\u00e9m dos mortos, h\u00e1 outras v\u00edtimas, que est\u00e3o sendo atendidas por equipes de m\u00e9dicos. O atirador estava com um rifle e uma pistola \u2014foram feitos disparos com as duas armas, de acordo com a pol\u00edcia. N\u00e3o se sabe ainda se ele foi morto pela pol\u00edcia ou se ele deu um tiro em si mesmo, segundo o capit\u00e3o Richard Meulenberg. Em entrevista \u00e0 rede ABC, Meulenberg disse que a pol\u00edcia recebeu um chamado e soube que havia um homem com um rifle no segundo andar de um pr\u00e9dio no complexo hospitalar, e que a situa\u00e7\u00e3o se tornou um ataque em massa. Quando os agentes chegaram ao local, j\u00e1 havia duas pessoas mortas e outras atingidas. &#8220;N\u00f3s tamb\u00e9m encontramos a pessoa que acreditamos que seja o atirador, porque ele tinha um longo rifle e uma pistola&#8221;, disse Meulenberg. O capit\u00e3o descreveu a situa\u00e7\u00e3o como catastr\u00f3fica. O ataque ocorreu \u00e0s 17h de Tulsa (19h de Bras\u00edlia). Ap\u00f3s o fim dos disparos, a pol\u00edcia come\u00e7ou a averiguar o pr\u00e9dio c\u00f4modo a c\u00f4modo. Ainda n\u00e3o se sabe qual \u00e9 a identidade do suspeito. Um porta-voz da pol\u00edcia afirmou que ele era um homem negro, de idade entre 35 e 40 anos. O governo dos EUA afirmou que o presidente Joe Biden foi informado e que ofereceu ajuda ao estado. Os EUA t\u00eam problemas para conter ataques em massa como esse: h\u00e1 8 dias, um atirador entrou em uma escola e matou 19 alunos e dois professores na cidade de Uvalde, no Texas. H\u00e1 18 dias, 10 pessoas foram assassinadas em um supermercado na cidade de Buffalo, em Nova York. G1<\/p>\n","protected":false},"author":6,"featured_media":248184,"comment_status":"closed","ping_status":"closed","sticky":false,"template":"","format":"standard","meta":{"sfsi_plus_gutenberg_text_before_share":"","sfsi_plus_gutenberg_show_text_before_share":"","sfsi_plus_gutenberg_icon_type":"","sfsi_plus_gutenberg_icon_alignemt":"","sfsi_plus_gutenburg_max_per_row":"","footnotes":""},"categories":[50,103],"tags":[],"class_list":["post-248183","post","type-post","status-publish","format-standard","has-post-thumbnail","hentry","category-destaque","category-mundo"],"_links":{"self":[{"href":"https:\/\/www.caririemacao.com\/1\/wp-json\/wp\/v2\/posts\/248183","targetHints":{"allow":["GET"]}}],"collection":[{"href":"https:\/\/www.caririemacao.com\/1\/wp-json\/wp\/v2\/posts"}],"about":[{"href":"https:\/\/www.caririemacao.com\/1\/wp-json\/wp\/v2\/types\/post"}],"author":[{"embeddable":true,"href":"https:\/\/www.caririemacao.com\/1\/wp-json\/wp\/v2\/users\/6"}],"replies":[{"embeddable":true,"href":"https:\/\/www.caririemacao.com\/1\/wp-json\/wp\/v2\/comments?post=248183"}],"version-history":[{"count":1,"href":"https:\/\/www.caririemacao.com\/1\/wp-json\/wp\/v2\/posts\/248183\/revisions"}],"predecessor-version":[{"id":248185,"href":"https:\/\/www.caririemacao.com\/1\/wp-json\/wp\/v2\/posts\/248183\/revisions\/248185"}],"wp:featuredmedia":[{"embeddable":true,"href":"https:\/\/www.caririemacao.com\/1\/wp-json\/wp\/v2\/media\/248184"}],"wp:attachment":[{"href":"https:\/\/www.caririemacao.com\/1\/wp-json\/wp\/v2\/media?parent=248183"}],"wp:term":[{"taxonomy":"category","embeddable":true,"href":"https:\/\/www.caririemacao.com\/1\/wp-json\/wp\/v2\/categories?post=248183"},{"taxonomy":"post_tag","embeddable":true,"href":"https:\/\/www.caririemacao.com\/1\/wp-json\/wp\/v2\/tags?post=248183"}],"curies":[{"name":"wp","href":"https:\/\/api.w.org\/{rel}","templated":true}]}}