{"id":248305,"date":"2022-06-03T10:47:49","date_gmt":"2022-06-03T13:47:49","guid":{"rendered":"https:\/\/www.caririemacao.com\/1\/?p=248305"},"modified":"2022-06-03T10:47:49","modified_gmt":"2022-06-03T13:47:49","slug":"festa-do-bode-rei-2022-comeca-nesta-sexta-feira-em-cabaceiras","status":"publish","type":"post","link":"https:\/\/www.caririemacao.com\/1\/2022\/06\/03\/festa-do-bode-rei-2022-comeca-nesta-sexta-feira-em-cabaceiras\/","title":{"rendered":"Festa do Bode Rei 2022 come\u00e7a nesta sexta-feira em Cabaceiras"},"content":{"rendered":"<p>A cidade de Cabaceiras, no Cariri paraibano, est\u00e1 pronta para realizar a 23\u00b0 edi\u00e7\u00e3o da Festa do Bode Rei, o evento que acontece todos os anos, no primeiro final de semana de junho, tem o objetivo de promover a caprivinocultura bod\u00edstica. Este ano j\u00e1 est\u00e1 tudo pronto, ap\u00f3s uma pausa de dois anos em virtude da pandemia da Covid-19.<\/p>\n<p>Toda a infraestrutura do evento est\u00e1 pronta, para receber os milhares de turistas que vem para acompanhar a realiza\u00e7\u00e3o da Festa do Bode Rei, na Roli\u00fade Nordestina.<\/p>\n<p>Anualmente, cerca de 50 mil pessoas frequentam a festa. Durante os dias do evento, normalmente s\u00e3o gerados em m\u00e9dia 850 empregos tempor\u00e1rios.<\/p>\n<p>\u201cTudo pronto, gra\u00e7as a Deus, a cidade est\u00e1 pronta ap\u00f3s todas as adversidades com as chuvas que ca\u00edram recentemente, j\u00e1 conseguimos superar e estamos com a estrutura pronta para realizar a 23\u00b0 edi\u00e7\u00e3o da Festa do Bode Rei, a partir de amanh\u00e3. Fazer o convite a todos os paraibanos, nordestinos e brasileiros, visitarem e conhecerem nossa festa, que \u00e9 um grande evento e que volta ap\u00f3s dois anos de paralisa\u00e7\u00e3o, em grande estilo, com novidades, e Cabaceiras \u00e9 isso, uma cidade que se reinventa a cada instante,\u201d disse o prefeito Tiago Castro.<\/p>\n<p><strong>Veja a programa\u00e7\u00e3o completa:<\/strong><\/p>\n<h6>2\/06\/2022 \u2013 QUINTA-FEIRA<\/h6>\n<p>Parque do Bode<\/p>\n<p>8 \u00e0s 12h \u2013 Recep\u00e7\u00e3o dos Animais<\/p>\n<p>18h \u2013 Secagem das Cabras<\/p>\n<h5>3\/06\/2022 \u2013 SEXTA-FEIRA<\/h5>\n<p>Parque do Bode<\/p>\n<p>6h \u2013 Primeira Ordenha \u2013 Concurso de Cabra Leiteira Municipal e Intermunicipal<\/p>\n<p>7h \u2013 Abertura Expofeira de Caprinos e Ovinos (Evento Permanente)<\/p>\n<p>9h30 \u00a0\u2013 Julgamento de Animais<\/p>\n<p>15h \u2013 F\u00f3rmula Bode Mirim \/ Turista<\/p>\n<p>Bode no Sebo \/ Turista<\/p>\n<p>18h \u2013 Segunda Ordenha \u2013 Concurso de Cabra Leiteira Municipal e Intermunicipal<\/p>\n<p>9h \u2013 Exposi\u00e7\u00e3o Fotogr\u00e1fica dos Retratos do Cariri: Cen\u00e1rio de Cores \u2013 Nara Macedo<\/p>\n<p>Workshop \u2013 Gastronomia e Cultura: Culin\u00e1ria Caprina: BODE NA CACHA\u00c7A Reserva do Mangue \u2013 8 \u00e0s 12h<\/p>\n<p>DRINQUES \u00c0 BASE DE CACHA\u00c7A Reserva do Mangue \u2013 13 \u00e0s 17h \u2013 Carreta Escola de Gastronomia do SENAC<\/p>\n<p>Embrapa \u2013 Assist\u00eancia T\u00e9cnica para Produtores e Agricultores<\/p>\n<p>8 \u00e0s 12h e de 14 \u00e0s 17h<\/p>\n<p>Exposi\u00e7\u00e3o de Tecnologias Sociais voltadas para o Agroneg\u00f3cio<\/p>\n<p>10 \u00e0s 22 h (Evento Permanente)<\/p>\n<p>7h30- Missa em A\u00e7\u00e3o de Gra\u00e7as \u2013 Coral da EMEF Maria Neuly Dourado-Hino de Cabaceiras<\/p>\n<p>Local: Igreja Nossa Senhora da Concei\u00e7\u00e3o e S\u00e3o Bento<\/p>\n<p><u>PRA\u00c7A DO ARTESANATO<\/u><\/p>\n<p>8h30 \u2013 Abertura da Expo feira de Artesanato e Pra\u00e7a de Alimenta\u00e7\u00e3o<\/p>\n<p>Expofeira de Artesanato<\/p>\n<p>Artes\u00e3os da regi\u00e3o mostram seus trabalhos numa exposi\u00e7\u00e3o que agrega tradi\u00e7\u00e3o e economia criativa \u2013 (Evento permanente)<\/p>\n<p>Forr\u00f3Bod\u00f3\u00a0 Jo\u00e3o Grilo<\/p>\n<p>18h \u2013 Trio Canarinho<\/p>\n<p><u>PRA\u00c7A DE ALIMENTA\u00c7\u00c3O<\/u><\/p>\n<p>9 \u00e0s 20 h\u2013 O sabor da gastronomia bod\u00edstica e del\u00edcias artesanais- (Evento permanente)<\/p>\n<p>9h \u2013 Hasteamento das Bandeiras<\/p>\n<p>Marinha do Brasil e Banda Filarm\u00f4nica Nossa Senhora da Concei\u00e7\u00e3o \u2013 Cabaceiras<\/p>\n<p>Local: Pra\u00e7a Sesquicenten\u00e1rio<\/p>\n<p>PALCO CULTURAL: Chic\u00f3 e Rosinha<\/p>\n<p>9h10 \u2013 Planta\u00e7\u00e3o da Cajazeira e doa\u00e7\u00e3o de mudas nativas da 8 Verde<\/p>\n<p>A Cajazeira da Minha Terra \u2013 F\u00e9lix Ara\u00fajo<\/p>\n<p>9h30\u00a0\u00a0 Apresenta\u00e7\u00f5es Culturais da Rede Municipal de Ensino e da EEEM Cl\u00f3vis Pedrosa- Cabaceiras<\/p>\n<ul>\n<li>Biografia e declama\u00e7\u00e3o de Poemas de F\u00e9lix Ara\u00fajo \u2013 Ensino Infantil-Escolas Rurais e Maria Neuly Dourado;<\/li>\n<li>Apresenta\u00e7\u00e3o de Teatro com a Escola In\u00e1cio Gomes Meira: Recita\u00e7\u00e3o de poemas com as turmas do 3 \u00ba ao 5\u00ba ano; Pe\u00e7a teatral turma 5\u00ba ano;<\/li>\n<li>Par\u00f3dia e apresenta\u00e7\u00e3o de desenhos da Vida e Obra de F\u00e9lix Ara\u00fajo-Escola Abdias Aires de Queiroz;<\/li>\n<li>Apresenta\u00e7\u00e3o Cultural da Escola Estadual Cl\u00f3vis Pedrosa \u2013 Distrito de Ribeira<\/li>\n<\/ul>\n<p>11h30\u2013 Abertura Oficial pelo Prefeito Municipal e Parceiros<\/p>\n<p>Lan\u00e7amento do Selo Postal \u201cO Centen\u00e1rio de F\u00e9lix de Sousa Ara\u00fajo\u201d<\/p>\n<p>Comendas Bode Rei<\/p>\n<p><u>ARRAIAL POPULAR<\/u><\/p>\n<p>11h30 \u2013 Abertura do Espa\u00e7o da Gastronomia Bod\u00edstica<\/p>\n<p>(O sabor de uma culin\u00e1ria tradicional \u2013 Evento permanente)<\/p>\n<p>18h \u2013 Apresenta\u00e7\u00e3o da Quadrilha Junina Arrocha Guri<\/p>\n<p>19h \u2013 Concurso da Garota Bode Rei<\/p>\n<p>20 \u00e0s 2h40min \u2013 Forrobod\u00f3<\/p>\n<p>(Arrasta-p\u00e9 com bandas e trios de forr\u00f3)<\/p>\n<p>\u00fc Cabacinhos do Forr\u00f3<\/p>\n<ul>\n<li>Os 3 do Nordeste<\/li>\n<li>Jeito Nordestino<\/li>\n<\/ul>\n<h5>04\/06\/2022 \u2013 S\u00c1BADO<\/h5>\n<p><u>Parque do Bode<\/u><\/p>\n<p>6h \u2013 Terceira Ordenha \u2013 Concurso de Cabra Leiteira Municipal e Intermunicipal<\/p>\n<p>9h \u2013 Julgamento de Animais<\/p>\n<p>9h \u00e0s 17h \u2013 Expofeira de Caprinos e Ovinos \u2013 Evento permanente<\/p>\n<p>9h \u2013 FutBode<\/p>\n<p>FutBode Turista<\/p>\n<p>11h \u2013 Concurso e Coroa\u00e7\u00e3o do Bode Rei<\/p>\n<p>15h \u2013 F\u00f3rmula Bode Mirim \/ Turista<\/p>\n<p>Bode no Sebo \/ Turista<\/p>\n<p>16h \u2013 F\u00f3rmula Bode Adulta\/ Turista<\/p>\n<p>17h \u2013 Desfile da Comitiva Real: Bode Rei e a Cabra Rainha<\/p>\n<p>18h \u2013 Quarta Ordenha \u2013 Concurso de Cabra Leiteira Municipal e Intermunicipal<\/p>\n<p>Exposi\u00e7\u00e3o de Tecnologias Sociais voltadas para o Agroneg\u00f3cio<\/p>\n<p>Exposi\u00e7\u00e3o Fotogr\u00e1fica dos Retratos do Cariri: Cen\u00e1rio de Cores \u2013 Nara Macedo (Evento permanente)<\/p>\n<p>Embrapa \u2013 Assist\u00eancia T\u00e9cnica para Produtores e Agricultores<\/p>\n<p>8 \u00e0s 12h e de 14 \u00e0s 17h<\/p>\n<p>Workshop \u2013 Gastronomia e Cultura: Culin\u00e1ria Caprina: RISOTO DE BODE \u2013<\/p>\n<p>08 \u00e0s 10h e HAMB\u00daRGER DE BODE \u2013 10 \u00e0s 12h<\/p>\n<p>QUEIJOS E DERIVADOS \u2013 13 \u00e0s 17h<\/p>\n<p>Carreta Escola de Gastronomia do SENAC<\/p>\n<p>8h \u2013 Missa em A\u00e7\u00e3o de Gra\u00e7as \u2013 187 Anos de Emancipa\u00e7\u00e3o Pol\u00edtica de Cabaceiras<\/p>\n<p>Local: Igreja Nossa Senhora da Concei\u00e7\u00e3o e S\u00e3o Bento<\/p>\n<p>PALCO CULTURAL: Chic\u00f3 e Rosinha<\/p>\n<p>9:15 -Apresenta\u00e7\u00e3o da Quadrilha Junina Arrocha Guri \u2013 Cabaceiras<\/p>\n<p>Comendas Bode Rei<\/p>\n<p>Bolo Comemorativo<\/p>\n<p>10h30 \u2013 Grupo da Melhor Idade O Amor Vencer\u00e1 \u2013 Distrito de Ribeira -Cabaceiras<\/p>\n<p>10h50 \u2013 Quadrilha da Melhor Idade Recordar \u00e9 Viver \u2013 Cabaceiras<\/p>\n<p>14h30 \u2013 Filarm\u00f4nica Nossa Senhora da Concei\u00e7\u00e3o \u2013 Cabaceiras<\/p>\n<p>15h30 \u2013 Quadrilha Junina Fl\u00f4r de Caibeira \u2013 Cara\u00fabas<\/p>\n<p>16h \u2013 Grupo da Melhor Idade \u2013 Jo\u00e3o Pessoa<\/p>\n<p>19h \u2013 Quadrilha Junina Roli\u00fade Nordestina \u2013 Cabaceiras<\/p>\n<p>19h30 \u2013 Robertinho Cantor<\/p>\n<p>Pra\u00e7a da Alimenta\u00e7\u00e3o e Artesanato<\/p>\n<p>9 \u00e0s 22 h \u2013 (Evento permanente)<\/p>\n<p>Forr\u00f3bod\u00f3 \u2013 Jo\u00e3o Grilo -PRA\u00c7A DO ARTESANATO<\/p>\n<p>10h \u2013 Rog\u00e9rio Ventura<\/p>\n<p>13h30 \u2013 Sanfoneiro Fagner<\/p>\n<p>16h20- Tudo em Um<\/p>\n<p>19h30 \u2013 Encontro de Sanfoneiros \u2013 Homenagem ao Sanfoneiro Z\u00e9 de Liu<\/p>\n<p>20h \u2013\u00a0 Coron\u00e9 Grilo &amp; Roberto Moraes<\/p>\n<p><u>ARRAIAL POPULAR<\/u><\/p>\n<p>10h \u2013 Quadrilha Junina Mandacaru- Alcantil<\/p>\n<p>11 \u00e0s 2:40h \u2013Shows (Arrasta-p\u00e9 com bandas e trios de forr\u00f3)<\/p>\n<ul>\n<li>Forr\u00f3 Universit\u00e1rio<\/li>\n<li>Sussa de Monteiro<\/li>\n<li>Forr\u00f3 do Bode Rei (Homenagem ao Anivers\u00e1rio da Cidade)<\/li>\n<li>Ave Maria Sertaneja e Show de Violeiros com Erasmo Ferreira e Ant\u00f4nio Costa<\/li>\n<li>Participa\u00e7\u00e3o Especial da Molecada do Forr\u00f3<\/li>\n<li>Forr\u00f3 D2<\/li>\n<li>Show com K\u00e1tia Cilene<\/li>\n<li>Filipe Santos<\/li>\n<\/ul>\n<p>17h \u2013Cavalgada Manoel Amaro<\/p>\n<p>Concentra\u00e7\u00e3o no letreiro da \u201cRoli\u00fade Nordestina\u201d<\/p>\n<h6>05\/06\/2022 \u2013 DOMINGO<\/h6>\n<p><u>Parque do Bode<\/u><\/p>\n<p>9h \u00e0s 17h \u2013 Expofeira de Caprinos e Ovinos<\/p>\n<p>8h \u2013 Entrega da M\u00e1quina Ensiladeira `a Sec. de Agricultura<\/p>\n<p>101 mil raquetes de Palma Forrageira resistente \u00e0 Cochonilha do Carmim aos Produtores Rurais do Assentamento Serra do Monte<\/p>\n<p>4 mil mudas da Planta Gravat\u00e1-A\u00e7u aos Produtores de Caprinos e Ovinos do Munic\u00edpio<\/p>\n<p>Comendas Bode Rei<\/p>\n<p>8:30h \u2013 F\u00f3rmula Bode Feminino\/ Turista<\/p>\n<p>Bode no Sebo \/ Turista<\/p>\n<p>8 \u00e0s 14h \u2013 Julgamento de animais (grandes campe\u00f5es (\u00e3es) e reservadas aos grandes campe\u00f5es (\u00e3es) )<\/p>\n<p>Exposi\u00e7\u00e3o de Tecnologias Sociais voltadas para o Agroneg\u00f3cio<\/p>\n<p>8 \u00e0s 12h e de 14 \u00e0s 17h<\/p>\n<p>Exposi\u00e7\u00e3o Fotogr\u00e1fica dos Retratos do Cariri: Cen\u00e1rio de Cores \u2013 Nara Macedo (Evento permanente)<\/p>\n<p>7 \u00e0s 20h<\/p>\n<p>Embrapa \u2013 Assist\u00eancia T\u00e9cnica para Produtores e Agricultores<\/p>\n<p>8 \u00e0s 12h e de 14 \u00e0s 17h<\/p>\n<p>9h \u2013 Carreta Escola de Gastronomia do SENAC \u2013 ABERTA \u00c0 VISITA\u00c7\u00c3O<\/p>\n<p>9h \u2013 Gincana do Bode<\/p>\n<p>15:30h \u2013 Pega Bode<\/p>\n<p>16h \u2013 Premia\u00e7\u00e3o do Concurso Cabra Leiteira Municipal e Intermunicipal<\/p>\n<p>17h \u2013 Desfile da Comitiva Real pelas ruas da cidade<\/p>\n<p>18h \u2013 Enceramento da Expofeira de Animais<\/p>\n<p>8h30 \u2013 Missa em A\u00e7\u00e3o de Gra\u00e7as<\/p>\n<p>Igreja Nossa Senhora da Concei\u00e7\u00e3o e S\u00e3o Bento<\/p>\n<p>Pra\u00e7a de Alimenta\u00e7\u00e3o e Expofeira de Artesanato<\/p>\n<p>8 \u00e0s 22h<\/p>\n<p>Forr\u00f3bod\u00f3 \u2013 Jo\u00e3o Grilo<\/p>\n<p>10h \u2013 Anos Dourados<\/p>\n<p>13h30 \u2013 L\u00facia Lemos<\/p>\n<p>16h20 \u2013 Buz\u00e3o da Farra<\/p>\n<p>PALCO CULTURAL: Chic\u00f3 e Rosinha<\/p>\n<p>9h \u2013 Juliana Soares<\/p>\n<p>10h \u2013 Alunos das Oficinas de Flauta e Viol\u00e3o \u2013 Cabaceiras<\/p>\n<p>10h20 \u2013 Sons do Sil\u00eancio<\/p>\n<p>11h30 \u2013 Show de Violeiros<\/p>\n<p>13h30 \u2013 Jos\u00e9 de Alencar \u2013 Lan\u00e7amento de CD<\/p>\n<p>14h30 \u2013 Inacinho do Acordeon<\/p>\n<p><u>Arraial Popular<\/u><\/p>\n<p>10 \u00e0 0:40h \u2013 Forr\u00f3bod\u00f3<\/p>\n<p>(Arrasta-p\u00e9 com bandas e trios de forr\u00f3)<\/p>\n<ul>\n<li>Douglas Leon<\/li>\n<li>Berinho Lima<\/li>\n<li>Show e Banda Forroz\u00e3o Chap\u00e9u de Palha<\/li>\n<li>Klever Lemos<\/li>\n<li>Samara Costa<\/li>\n<\/ul>\n<p>04 de junho \u2013 187 anos de Emancipa\u00e7\u00e3o Pol\u00edtica de Cabaceiras-PB<\/p>\n","protected":false},"excerpt":{"rendered":"<p>A cidade de Cabaceiras, no Cariri paraibano, est\u00e1 pronta para realizar a 23\u00b0 edi\u00e7\u00e3o da Festa do Bode Rei, o evento que acontece todos os anos, no primeiro final de semana de junho, tem o objetivo de promover a caprivinocultura bod\u00edstica. Este ano j\u00e1 est\u00e1 tudo pronto, ap\u00f3s uma pausa de dois anos em virtude da pandemia da Covid-19. Toda a infraestrutura do evento est\u00e1 pronta, para receber os milhares de turistas que vem para acompanhar a realiza\u00e7\u00e3o da Festa do Bode Rei, na Roli\u00fade Nordestina. Anualmente, cerca de 50 mil pessoas frequentam a festa. Durante os dias do evento, normalmente s\u00e3o gerados em m\u00e9dia 850 empregos tempor\u00e1rios. \u201cTudo pronto, gra\u00e7as a Deus, a cidade est\u00e1 pronta ap\u00f3s todas as adversidades com as chuvas que ca\u00edram recentemente, j\u00e1 conseguimos superar e estamos com a estrutura pronta para realizar a 23\u00b0 edi\u00e7\u00e3o da Festa do Bode Rei, a partir de amanh\u00e3. Fazer o convite a todos os paraibanos, nordestinos e brasileiros, visitarem e conhecerem nossa festa, que \u00e9 um grande evento e que volta ap\u00f3s dois anos de paralisa\u00e7\u00e3o, em grande estilo, com novidades, e Cabaceiras \u00e9 isso, uma cidade que se reinventa a cada instante,\u201d disse o prefeito Tiago Castro. Veja a programa\u00e7\u00e3o completa: 2\/06\/2022 \u2013 QUINTA-FEIRA Parque do Bode 8 \u00e0s 12h \u2013 Recep\u00e7\u00e3o dos Animais 18h \u2013 Secagem das Cabras 3\/06\/2022 \u2013 SEXTA-FEIRA Parque do Bode 6h \u2013 Primeira Ordenha \u2013 Concurso de Cabra Leiteira Municipal e Intermunicipal 7h \u2013 Abertura Expofeira de Caprinos e Ovinos (Evento Permanente) 9h30 \u00a0\u2013 Julgamento de Animais 15h \u2013 F\u00f3rmula Bode Mirim \/ Turista Bode no Sebo \/ Turista 18h \u2013 Segunda Ordenha \u2013 Concurso de Cabra Leiteira Municipal e Intermunicipal 9h \u2013 Exposi\u00e7\u00e3o Fotogr\u00e1fica dos Retratos do Cariri: Cen\u00e1rio de Cores \u2013 Nara Macedo Workshop \u2013 Gastronomia e Cultura: Culin\u00e1ria Caprina: BODE NA CACHA\u00c7A Reserva do Mangue \u2013 8 \u00e0s 12h DRINQUES \u00c0 BASE DE CACHA\u00c7A Reserva do Mangue \u2013 13 \u00e0s 17h \u2013 Carreta Escola de Gastronomia do SENAC Embrapa \u2013 Assist\u00eancia T\u00e9cnica para Produtores e Agricultores 8 \u00e0s 12h e de 14 \u00e0s 17h Exposi\u00e7\u00e3o de Tecnologias Sociais voltadas para o Agroneg\u00f3cio 10 \u00e0s 22 h (Evento Permanente) 7h30- Missa em A\u00e7\u00e3o de Gra\u00e7as \u2013 Coral da EMEF Maria Neuly Dourado-Hino de Cabaceiras Local: Igreja Nossa Senhora da Concei\u00e7\u00e3o e S\u00e3o Bento PRA\u00c7A DO ARTESANATO 8h30 \u2013 Abertura da Expo feira de Artesanato e Pra\u00e7a de Alimenta\u00e7\u00e3o Expofeira de Artesanato Artes\u00e3os da regi\u00e3o mostram seus trabalhos numa exposi\u00e7\u00e3o que agrega tradi\u00e7\u00e3o e economia criativa \u2013 (Evento permanente) Forr\u00f3Bod\u00f3\u00a0 Jo\u00e3o Grilo 18h \u2013 Trio Canarinho PRA\u00c7A DE ALIMENTA\u00c7\u00c3O 9 \u00e0s 20 h\u2013 O sabor da gastronomia bod\u00edstica e del\u00edcias artesanais- (Evento permanente) 9h \u2013 Hasteamento das Bandeiras Marinha do Brasil e Banda Filarm\u00f4nica Nossa Senhora da Concei\u00e7\u00e3o \u2013 Cabaceiras Local: Pra\u00e7a Sesquicenten\u00e1rio PALCO CULTURAL: Chic\u00f3 e Rosinha 9h10 \u2013 Planta\u00e7\u00e3o da Cajazeira e doa\u00e7\u00e3o de mudas nativas da 8 Verde A Cajazeira da Minha Terra \u2013 F\u00e9lix Ara\u00fajo 9h30\u00a0\u00a0 Apresenta\u00e7\u00f5es Culturais da Rede Municipal de Ensino e da EEEM Cl\u00f3vis Pedrosa- Cabaceiras Biografia e declama\u00e7\u00e3o de Poemas de F\u00e9lix Ara\u00fajo \u2013 Ensino Infantil-Escolas Rurais e Maria Neuly Dourado; Apresenta\u00e7\u00e3o de Teatro com a Escola In\u00e1cio Gomes Meira: Recita\u00e7\u00e3o de poemas com as turmas do 3 \u00ba ao 5\u00ba ano; Pe\u00e7a teatral turma 5\u00ba ano; Par\u00f3dia e apresenta\u00e7\u00e3o de desenhos da Vida e Obra de F\u00e9lix Ara\u00fajo-Escola Abdias Aires de Queiroz; Apresenta\u00e7\u00e3o Cultural da Escola Estadual Cl\u00f3vis Pedrosa \u2013 Distrito de Ribeira 11h30\u2013 Abertura Oficial pelo Prefeito Municipal e Parceiros Lan\u00e7amento do Selo Postal \u201cO Centen\u00e1rio de F\u00e9lix de Sousa Ara\u00fajo\u201d Comendas Bode Rei ARRAIAL POPULAR 11h30 \u2013 Abertura do Espa\u00e7o da Gastronomia Bod\u00edstica (O sabor de uma culin\u00e1ria tradicional \u2013 Evento permanente) 18h \u2013 Apresenta\u00e7\u00e3o da Quadrilha Junina Arrocha Guri 19h \u2013 Concurso da Garota Bode Rei 20 \u00e0s 2h40min \u2013 Forrobod\u00f3 (Arrasta-p\u00e9 com bandas e trios de forr\u00f3) \u00fc Cabacinhos do Forr\u00f3 Os 3 do Nordeste Jeito Nordestino 04\/06\/2022 \u2013 S\u00c1BADO Parque do Bode 6h \u2013 Terceira Ordenha \u2013 Concurso de Cabra Leiteira Municipal e Intermunicipal 9h \u2013 Julgamento de Animais 9h \u00e0s 17h \u2013 Expofeira de Caprinos e Ovinos \u2013 Evento permanente 9h \u2013 FutBode FutBode Turista 11h \u2013 Concurso e Coroa\u00e7\u00e3o do Bode Rei 15h \u2013 F\u00f3rmula Bode Mirim \/ Turista Bode no Sebo \/ Turista 16h \u2013 F\u00f3rmula Bode Adulta\/ Turista 17h \u2013 Desfile da Comitiva Real: Bode Rei e a Cabra Rainha 18h \u2013 Quarta Ordenha \u2013 Concurso de Cabra Leiteira Municipal e Intermunicipal Exposi\u00e7\u00e3o de Tecnologias Sociais voltadas para o Agroneg\u00f3cio Exposi\u00e7\u00e3o Fotogr\u00e1fica dos Retratos do Cariri: Cen\u00e1rio de Cores \u2013 Nara Macedo (Evento permanente) Embrapa \u2013 Assist\u00eancia T\u00e9cnica para Produtores e Agricultores 8 \u00e0s 12h e de 14 \u00e0s 17h Workshop \u2013 Gastronomia e Cultura: Culin\u00e1ria Caprina: RISOTO DE BODE \u2013 08 \u00e0s 10h e HAMB\u00daRGER DE BODE \u2013 10 \u00e0s 12h QUEIJOS E DERIVADOS \u2013 13 \u00e0s 17h Carreta Escola de Gastronomia do SENAC 8h \u2013 Missa em A\u00e7\u00e3o de Gra\u00e7as \u2013 187 Anos de Emancipa\u00e7\u00e3o Pol\u00edtica de Cabaceiras Local: Igreja Nossa Senhora da Concei\u00e7\u00e3o e S\u00e3o Bento PALCO CULTURAL: Chic\u00f3 e Rosinha 9:15 -Apresenta\u00e7\u00e3o da Quadrilha Junina Arrocha Guri \u2013 Cabaceiras Comendas Bode Rei Bolo Comemorativo 10h30 \u2013 Grupo da Melhor Idade O Amor Vencer\u00e1 \u2013 Distrito de Ribeira -Cabaceiras 10h50 \u2013 Quadrilha da Melhor Idade Recordar \u00e9 Viver \u2013 Cabaceiras 14h30 \u2013 Filarm\u00f4nica Nossa Senhora da Concei\u00e7\u00e3o \u2013 Cabaceiras 15h30 \u2013 Quadrilha Junina Fl\u00f4r de Caibeira \u2013 Cara\u00fabas 16h \u2013 Grupo da Melhor Idade \u2013 Jo\u00e3o Pessoa 19h \u2013 Quadrilha Junina Roli\u00fade Nordestina \u2013 Cabaceiras 19h30 \u2013 Robertinho Cantor Pra\u00e7a da Alimenta\u00e7\u00e3o e Artesanato 9 \u00e0s 22 h \u2013 (Evento permanente) Forr\u00f3bod\u00f3 \u2013 Jo\u00e3o Grilo -PRA\u00c7A DO ARTESANATO 10h \u2013 Rog\u00e9rio Ventura 13h30 \u2013 Sanfoneiro Fagner 16h20- Tudo em Um 19h30 \u2013 Encontro de Sanfoneiros \u2013 Homenagem ao Sanfoneiro Z\u00e9 de Liu 20h \u2013\u00a0 Coron\u00e9 Grilo &amp; Roberto Moraes ARRAIAL POPULAR 10h \u2013 Quadrilha Junina Mandacaru- Alcantil 11 \u00e0s 2:40h \u2013Shows (Arrasta-p\u00e9 com bandas e trios de forr\u00f3) Forr\u00f3 Universit\u00e1rio Sussa de Monteiro Forr\u00f3 do Bode Rei (Homenagem ao<\/p>\n","protected":false},"author":6,"featured_media":248306,"comment_status":"closed","ping_status":"closed","sticky":false,"template":"","format":"standard","meta":{"sfsi_plus_gutenberg_text_before_share":"","sfsi_plus_gutenberg_show_text_before_share":"","sfsi_plus_gutenberg_icon_type":"","sfsi_plus_gutenberg_icon_alignemt":"","sfsi_plus_gutenburg_max_per_row":"","footnotes":""},"categories":[70],"tags":[],"class_list":["post-248305","post","type-post","status-publish","format-standard","has-post-thumbnail","hentry","category-cabaceiras"],"_links":{"self":[{"href":"https:\/\/www.caririemacao.com\/1\/wp-json\/wp\/v2\/posts\/248305","targetHints":{"allow":["GET"]}}],"collection":[{"href":"https:\/\/www.caririemacao.com\/1\/wp-json\/wp\/v2\/posts"}],"about":[{"href":"https:\/\/www.caririemacao.com\/1\/wp-json\/wp\/v2\/types\/post"}],"author":[{"embeddable":true,"href":"https:\/\/www.caririemacao.com\/1\/wp-json\/wp\/v2\/users\/6"}],"replies":[{"embeddable":true,"href":"https:\/\/www.caririemacao.com\/1\/wp-json\/wp\/v2\/comments?post=248305"}],"version-history":[{"count":1,"href":"https:\/\/www.caririemacao.com\/1\/wp-json\/wp\/v2\/posts\/248305\/revisions"}],"predecessor-version":[{"id":248307,"href":"https:\/\/www.caririemacao.com\/1\/wp-json\/wp\/v2\/posts\/248305\/revisions\/248307"}],"wp:featuredmedia":[{"embeddable":true,"href":"https:\/\/www.caririemacao.com\/1\/wp-json\/wp\/v2\/media\/248306"}],"wp:attachment":[{"href":"https:\/\/www.caririemacao.com\/1\/wp-json\/wp\/v2\/media?parent=248305"}],"wp:term":[{"taxonomy":"category","embeddable":true,"href":"https:\/\/www.caririemacao.com\/1\/wp-json\/wp\/v2\/categories?post=248305"},{"taxonomy":"post_tag","embeddable":true,"href":"https:\/\/www.caririemacao.com\/1\/wp-json\/wp\/v2\/tags?post=248305"}],"curies":[{"name":"wp","href":"https:\/\/api.w.org\/{rel}","templated":true}]}}