{"id":249695,"date":"2022-06-27T11:04:48","date_gmt":"2022-06-27T14:04:48","guid":{"rendered":"https:\/\/www.caririemacao.com\/1\/?p=249695"},"modified":"2022-06-27T11:04:48","modified_gmt":"2022-06-27T14:04:48","slug":"se-encerram-hoje-as-inscricoes-do-curso-guia-de-turismo-do-ifpb-em-serra-branca","status":"publish","type":"post","link":"https:\/\/www.caririemacao.com\/1\/2022\/06\/27\/se-encerram-hoje-as-inscricoes-do-curso-guia-de-turismo-do-ifpb-em-serra-branca\/","title":{"rendered":"Se encerram hoje as inscri\u00e7\u00f5es do curso Guia de Turismo do IFPB em Serra Branca"},"content":{"rendered":"<p>O Instituto Federal da Para\u00edba (IFPB) encerra hoje(27\/06) as inscri\u00e7\u00f5es do Processo Seletivo de Cursos T\u00e9cnicos Subsequentes (PSCT 2022.2).\u00a0O candidato pode se inscrever no \u00a0<a href=\"https:\/\/estudante.ifpb.edu.br\/processoseletivo\/processo\/1\/\">Portal do Estudante<\/a>\u00a0. O Processo Seletivo de Cursos T\u00e9cnicos Subsequentes abrange 16 campi presentes em todas as regi\u00f5es do Estado. Nesta edi\u00e7\u00e3o, h\u00e1 cursos presenciais e a dist\u00e2ncia, todos gratuitos. A novidade este ano \u00e9 o Curso de Gastronomia, que ser\u00e1 ofertado no Campus Areia.<\/p>\n<p>A sele\u00e7\u00e3o ser\u00e1 realizada por meio de an\u00e1lise do desempenho escolar em L\u00edngua Portuguesa e Matem\u00e1tica ou disciplinas equivalentes cursadas no 1\u00ba e 2\u00ba ano do Ensino M\u00e9dio, ou equivalente; ou por meio de an\u00e1lise do desempenho de L\u00edngua Portuguesa e Matem\u00e1tica, conforme descritas no documento do Exame Nacional para Certifica\u00e7\u00e3o de Compet\u00eancias de Jovens e Adultos (ENCCEJA) e o Exame Nacional do Ensino M\u00e9dio (ENEM).<\/p>\n<p>As vagas est\u00e3o distribu\u00eddas entre os Campi de Areia, Cabedelo, Cajazeiras, Campina Grande, Esperan\u00e7a, Itabaiana, Jo\u00e3o Pessoa, Mangabeira, Monteiro, Patos, Pedras de Fogo, Picu\u00ed, Princesa Isabel, Santa Luzia e Sousa, e para Cursos T\u00e9cnicos \u00e0 Dist\u00e2ncia (EaD) na modalidade Subsequente, ofertados em Cabedelo Centro &#8211; Polo Conde, Cabedelo Centro &#8211; Polo Ing\u00e1 e Cabedelo Centro &#8211; Polo Serra Branca.<\/p>\n<p>Para conhecer melhor os cursos, o candidato pode acessar\u00a0o cat\u00e1logo de cursos e v\u00eddeos com todas as informa\u00e7\u00f5es clicando\u00a0<a href=\"https:\/\/estudante.ifpb.edu.br\/cursos\/?nivel_formacao=TECNICO\">Aqui<\/a>\u00a0.<\/p>\n<p>Acesse o\u00a0<a href=\"https:\/\/estudante.ifpb.edu.br\/media\/Edital_86-2022_de_retifica%C3%A7%C3%A3o_do_edital_63-2022_e_66-2022_-_Cursos_Subsequentes_-_PSCT_2_TFHhVZM.pdf\">edital<\/a>\u00a0 atualizado em 14 de junho.<\/p>\n<p>Para o curso de T\u00e9cnico em Instrumento Musical acesse este\u00a0<a href=\"https:\/\/estudante.ifpb.edu.br\/processoseletivo\/processo\/1\/edicao\/252\/\"><strong>Edital<\/strong><\/a>.<\/p>\n<p>&nbsp;<\/p>\n<p>IFPB<\/p>\n","protected":false},"excerpt":{"rendered":"<p>O Instituto Federal da Para\u00edba (IFPB) encerra hoje(27\/06) as inscri\u00e7\u00f5es do Processo Seletivo de Cursos T\u00e9cnicos Subsequentes (PSCT 2022.2).\u00a0O candidato pode se inscrever no \u00a0Portal do Estudante\u00a0. O Processo Seletivo de Cursos T\u00e9cnicos Subsequentes abrange 16 campi presentes em todas as regi\u00f5es do Estado. Nesta edi\u00e7\u00e3o, h\u00e1 cursos presenciais e a dist\u00e2ncia, todos gratuitos. A novidade este ano \u00e9 o Curso de Gastronomia, que ser\u00e1 ofertado no Campus Areia. A sele\u00e7\u00e3o ser\u00e1 realizada por meio de an\u00e1lise do desempenho escolar em L\u00edngua Portuguesa e Matem\u00e1tica ou disciplinas equivalentes cursadas no 1\u00ba e 2\u00ba ano do Ensino M\u00e9dio, ou equivalente; ou por meio de an\u00e1lise do desempenho de L\u00edngua Portuguesa e Matem\u00e1tica, conforme descritas no documento do Exame Nacional para Certifica\u00e7\u00e3o de Compet\u00eancias de Jovens e Adultos (ENCCEJA) e o Exame Nacional do Ensino M\u00e9dio (ENEM). As vagas est\u00e3o distribu\u00eddas entre os Campi de Areia, Cabedelo, Cajazeiras, Campina Grande, Esperan\u00e7a, Itabaiana, Jo\u00e3o Pessoa, Mangabeira, Monteiro, Patos, Pedras de Fogo, Picu\u00ed, Princesa Isabel, Santa Luzia e Sousa, e para Cursos T\u00e9cnicos \u00e0 Dist\u00e2ncia (EaD) na modalidade Subsequente, ofertados em Cabedelo Centro &#8211; Polo Conde, Cabedelo Centro &#8211; Polo Ing\u00e1 e Cabedelo Centro &#8211; Polo Serra Branca. Para conhecer melhor os cursos, o candidato pode acessar\u00a0o cat\u00e1logo de cursos e v\u00eddeos com todas as informa\u00e7\u00f5es clicando\u00a0Aqui\u00a0. Acesse o\u00a0edital\u00a0 atualizado em 14 de junho. Para o curso de T\u00e9cnico em Instrumento Musical acesse este\u00a0Edital. &nbsp; IFPB<\/p>\n","protected":false},"author":6,"featured_media":236347,"comment_status":"closed","ping_status":"closed","sticky":false,"template":"","format":"standard","meta":{"sfsi_plus_gutenberg_text_before_share":"","sfsi_plus_gutenberg_show_text_before_share":"","sfsi_plus_gutenberg_icon_type":"","sfsi_plus_gutenberg_icon_alignemt":"","sfsi_plus_gutenburg_max_per_row":"","footnotes":""},"categories":[106,14,93],"tags":[],"class_list":["post-249695","post","type-post","status-publish","format-standard","has-post-thumbnail","hentry","category-cariri","category-educacao","category-serra-branca"],"_links":{"self":[{"href":"https:\/\/www.caririemacao.com\/1\/wp-json\/wp\/v2\/posts\/249695","targetHints":{"allow":["GET"]}}],"collection":[{"href":"https:\/\/www.caririemacao.com\/1\/wp-json\/wp\/v2\/posts"}],"about":[{"href":"https:\/\/www.caririemacao.com\/1\/wp-json\/wp\/v2\/types\/post"}],"author":[{"embeddable":true,"href":"https:\/\/www.caririemacao.com\/1\/wp-json\/wp\/v2\/users\/6"}],"replies":[{"embeddable":true,"href":"https:\/\/www.caririemacao.com\/1\/wp-json\/wp\/v2\/comments?post=249695"}],"version-history":[{"count":1,"href":"https:\/\/www.caririemacao.com\/1\/wp-json\/wp\/v2\/posts\/249695\/revisions"}],"predecessor-version":[{"id":249696,"href":"https:\/\/www.caririemacao.com\/1\/wp-json\/wp\/v2\/posts\/249695\/revisions\/249696"}],"wp:featuredmedia":[{"embeddable":true,"href":"https:\/\/www.caririemacao.com\/1\/wp-json\/wp\/v2\/media\/236347"}],"wp:attachment":[{"href":"https:\/\/www.caririemacao.com\/1\/wp-json\/wp\/v2\/media?parent=249695"}],"wp:term":[{"taxonomy":"category","embeddable":true,"href":"https:\/\/www.caririemacao.com\/1\/wp-json\/wp\/v2\/categories?post=249695"},{"taxonomy":"post_tag","embeddable":true,"href":"https:\/\/www.caririemacao.com\/1\/wp-json\/wp\/v2\/tags?post=249695"}],"curies":[{"name":"wp","href":"https:\/\/api.w.org\/{rel}","templated":true}]}}