{"id":249952,"date":"2022-06-30T22:10:25","date_gmt":"2022-07-01T01:10:25","guid":{"rendered":"https:\/\/www.caririemacao.com\/1\/?p=249952"},"modified":"2022-06-30T22:10:25","modified_gmt":"2022-07-01T01:10:25","slug":"efraim-comemora-aumento-do-auxilio-brasil-e-do-limite-de-credito-consignado-vai-dar-mais-folego-para-milhares-de-familias","status":"publish","type":"post","link":"https:\/\/www.caririemacao.com\/1\/2022\/06\/30\/efraim-comemora-aumento-do-auxilio-brasil-e-do-limite-de-credito-consignado-vai-dar-mais-folego-para-milhares-de-familias\/","title":{"rendered":"Efraim comemora aumento do Aux\u00edlio Brasil e do limite de cr\u00e9dito consignado. \u201cVai dar mais f\u00f4lego para milhares de fam\u00edlias\u201d"},"content":{"rendered":"<p>Foi aprovada na \u00faltima quarta-feira (29) pela C\u00e2mara dos Deputados uma medida que visa aumentar o limite de cr\u00e9dito para grande parte dos brasileiros, inclusive aqueles que fazem uso de programas do governo como o Aux\u00edlio Brasil, o Benef\u00edcio de Presta\u00e7\u00e3o Continuada e a Renda Mensal Vital\u00edcia. A medida provis\u00f3ria 1106\/2022 amplia de 35% para 40% a margem para o empr\u00e9stimo consignado.<\/p>\n<p>Para al\u00e9m de uma medida que vai beneficiar milhares de fam\u00edlias, o presidente do executivo anunciou tamb\u00e9m um aumento de R$200 no Aux\u00edlio Brasil, em sua passagem pela cidade de Jo\u00e3o Pessoa. O deputado federal paraibano Efraim Filho (Uni\u00e3o Brasil), comemorou as duas not\u00edcias. \u201cQualquer medida do governo que ajude as fam\u00edlias, principalmente nesse cen\u00e1rio de retomada da economia, deve ser celebrada\u201d, afirma.<\/p>\n<p>Para o parlamentar, que defendeu o Aux\u00edlio Brasil desde o in\u00edcio, s\u00e3o decis\u00f5es que v\u00e3o dar mais f\u00f4lego \u00e0s pessoas que tanto sentiram o impacto da pandemia. \u201cAs pessoas necessitam recuperar seu poder de compra\u201d, pontua. Agora, a medida provis\u00f3ria segue para aprova\u00e7\u00e3o no Senado Federal.<\/p>\n","protected":false},"excerpt":{"rendered":"<p>Foi aprovada na \u00faltima quarta-feira (29) pela C\u00e2mara dos Deputados uma medida que visa aumentar o limite de cr\u00e9dito para grande parte dos brasileiros, inclusive aqueles que fazem uso de programas do governo como o Aux\u00edlio Brasil, o Benef\u00edcio de Presta\u00e7\u00e3o Continuada e a Renda Mensal Vital\u00edcia. A medida provis\u00f3ria 1106\/2022 amplia de 35% para 40% a margem para o empr\u00e9stimo consignado. Para al\u00e9m de uma medida que vai beneficiar milhares de fam\u00edlias, o presidente do executivo anunciou tamb\u00e9m um aumento de R$200 no Aux\u00edlio Brasil, em sua passagem pela cidade de Jo\u00e3o Pessoa. O deputado federal paraibano Efraim Filho (Uni\u00e3o Brasil), comemorou as duas not\u00edcias. \u201cQualquer medida do governo que ajude as fam\u00edlias, principalmente nesse cen\u00e1rio de retomada da economia, deve ser celebrada\u201d, afirma. Para o parlamentar, que defendeu o Aux\u00edlio Brasil desde o in\u00edcio, s\u00e3o decis\u00f5es que v\u00e3o dar mais f\u00f4lego \u00e0s pessoas que tanto sentiram o impacto da pandemia. \u201cAs pessoas necessitam recuperar seu poder de compra\u201d, pontua. Agora, a medida provis\u00f3ria segue para aprova\u00e7\u00e3o no Senado Federal.<\/p>\n","protected":false},"author":6,"featured_media":245463,"comment_status":"closed","ping_status":"closed","sticky":false,"template":"","format":"standard","meta":{"sfsi_plus_gutenberg_text_before_share":"","sfsi_plus_gutenberg_show_text_before_share":"","sfsi_plus_gutenberg_icon_type":"","sfsi_plus_gutenberg_icon_alignemt":"","sfsi_plus_gutenburg_max_per_row":"","footnotes":""},"categories":[104],"tags":[],"class_list":["post-249952","post","type-post","status-publish","format-standard","has-post-thumbnail","hentry","category-paraiba"],"_links":{"self":[{"href":"https:\/\/www.caririemacao.com\/1\/wp-json\/wp\/v2\/posts\/249952","targetHints":{"allow":["GET"]}}],"collection":[{"href":"https:\/\/www.caririemacao.com\/1\/wp-json\/wp\/v2\/posts"}],"about":[{"href":"https:\/\/www.caririemacao.com\/1\/wp-json\/wp\/v2\/types\/post"}],"author":[{"embeddable":true,"href":"https:\/\/www.caririemacao.com\/1\/wp-json\/wp\/v2\/users\/6"}],"replies":[{"embeddable":true,"href":"https:\/\/www.caririemacao.com\/1\/wp-json\/wp\/v2\/comments?post=249952"}],"version-history":[{"count":1,"href":"https:\/\/www.caririemacao.com\/1\/wp-json\/wp\/v2\/posts\/249952\/revisions"}],"predecessor-version":[{"id":249953,"href":"https:\/\/www.caririemacao.com\/1\/wp-json\/wp\/v2\/posts\/249952\/revisions\/249953"}],"wp:featuredmedia":[{"embeddable":true,"href":"https:\/\/www.caririemacao.com\/1\/wp-json\/wp\/v2\/media\/245463"}],"wp:attachment":[{"href":"https:\/\/www.caririemacao.com\/1\/wp-json\/wp\/v2\/media?parent=249952"}],"wp:term":[{"taxonomy":"category","embeddable":true,"href":"https:\/\/www.caririemacao.com\/1\/wp-json\/wp\/v2\/categories?post=249952"},{"taxonomy":"post_tag","embeddable":true,"href":"https:\/\/www.caririemacao.com\/1\/wp-json\/wp\/v2\/tags?post=249952"}],"curies":[{"name":"wp","href":"https:\/\/api.w.org\/{rel}","templated":true}]}}