{"id":249954,"date":"2022-06-30T22:13:04","date_gmt":"2022-07-01T01:13:04","guid":{"rendered":"https:\/\/www.caririemacao.com\/1\/?p=249954"},"modified":"2022-06-30T22:13:04","modified_gmt":"2022-07-01T01:13:04","slug":"em-parceria-com-governo-estadual-prefeito-nelsinho-honorato-anuncia-aquisicao-de-uma-nova-van-para-o-municipio-de-coxixola","status":"publish","type":"post","link":"https:\/\/www.caririemacao.com\/1\/2022\/06\/30\/em-parceria-com-governo-estadual-prefeito-nelsinho-honorato-anuncia-aquisicao-de-uma-nova-van-para-o-municipio-de-coxixola\/","title":{"rendered":"Em parceria com governo estadual, prefeito Nelsinho Honorato anuncia aquisi\u00e7\u00e3o de uma nova VAN para o munic\u00edpio de Coxixola"},"content":{"rendered":"<p>Durante esta quinta-feira(30), em expediente em seu gabinete, o prefeito do munic\u00edpio de Coxixola, Nelsinho Honorato, anunciou a aquisi\u00e7\u00e3o de um novo ve\u00edculo que ir\u00e1 atender diretamente \u00e0 popula\u00e7\u00e3o do munic\u00edpio.<\/p>\n<p>Em um conv\u00eanio com o Governo da Para\u00edba, a gest\u00e3o municipal conseguiu atrav\u00e9s de articula\u00e7\u00e3o com o deputado estadual, Wilson Filho, um ve\u00edculo 0Km modelo Van no valor de R$ 333.500 (trezentos e trinta e tr\u00eas mil e quinhentos reais), que ir\u00e1 ajudar nos servi\u00e7os prestados \u00e0 popula\u00e7\u00e3o Coxixolense.<\/p>\n<p>Em suas redes sociais, Nelsinho Honorato agradeceu ao governo estadual pela nova aquisi\u00e7\u00e3o. \u201cAproveito para agradecer ao nosso Governador Jo\u00e3o Azev\u00eado, e ao deputado Wilson Filho, pela parceria que tem gerado muitos frutos para nossa amada Coxixola\u201d, agradeceu o prefeito.<\/p>\n<p>&nbsp;<\/p>\n<p><strong>CARIRI EM A\u00c7\u00c3O<\/strong><\/p>\n<p>Com De Olho no Cariri<\/p>\n","protected":false},"excerpt":{"rendered":"<p>Durante esta quinta-feira(30), em expediente em seu gabinete, o prefeito do munic\u00edpio de Coxixola, Nelsinho Honorato, anunciou a aquisi\u00e7\u00e3o de um novo ve\u00edculo que ir\u00e1 atender diretamente \u00e0 popula\u00e7\u00e3o do munic\u00edpio. Em um conv\u00eanio com o Governo da Para\u00edba, a gest\u00e3o municipal conseguiu atrav\u00e9s de articula\u00e7\u00e3o com o deputado estadual, Wilson Filho, um ve\u00edculo 0Km modelo Van no valor de R$ 333.500 (trezentos e trinta e tr\u00eas mil e quinhentos reais), que ir\u00e1 ajudar nos servi\u00e7os prestados \u00e0 popula\u00e7\u00e3o Coxixolense. Em suas redes sociais, Nelsinho Honorato agradeceu ao governo estadual pela nova aquisi\u00e7\u00e3o. \u201cAproveito para agradecer ao nosso Governador Jo\u00e3o Azev\u00eado, e ao deputado Wilson Filho, pela parceria que tem gerado muitos frutos para nossa amada Coxixola\u201d, agradeceu o prefeito. &nbsp; CARIRI EM A\u00c7\u00c3O Com De Olho no Cariri<\/p>\n","protected":false},"author":6,"featured_media":249955,"comment_status":"closed","ping_status":"closed","sticky":false,"template":"","format":"standard","meta":{"sfsi_plus_gutenberg_text_before_share":"","sfsi_plus_gutenberg_show_text_before_share":"","sfsi_plus_gutenberg_icon_type":"","sfsi_plus_gutenberg_icon_alignemt":"","sfsi_plus_gutenburg_max_per_row":"","footnotes":""},"categories":[75],"tags":[],"class_list":["post-249954","post","type-post","status-publish","format-standard","has-post-thumbnail","hentry","category-coxixola"],"_links":{"self":[{"href":"https:\/\/www.caririemacao.com\/1\/wp-json\/wp\/v2\/posts\/249954","targetHints":{"allow":["GET"]}}],"collection":[{"href":"https:\/\/www.caririemacao.com\/1\/wp-json\/wp\/v2\/posts"}],"about":[{"href":"https:\/\/www.caririemacao.com\/1\/wp-json\/wp\/v2\/types\/post"}],"author":[{"embeddable":true,"href":"https:\/\/www.caririemacao.com\/1\/wp-json\/wp\/v2\/users\/6"}],"replies":[{"embeddable":true,"href":"https:\/\/www.caririemacao.com\/1\/wp-json\/wp\/v2\/comments?post=249954"}],"version-history":[{"count":1,"href":"https:\/\/www.caririemacao.com\/1\/wp-json\/wp\/v2\/posts\/249954\/revisions"}],"predecessor-version":[{"id":249956,"href":"https:\/\/www.caririemacao.com\/1\/wp-json\/wp\/v2\/posts\/249954\/revisions\/249956"}],"wp:featuredmedia":[{"embeddable":true,"href":"https:\/\/www.caririemacao.com\/1\/wp-json\/wp\/v2\/media\/249955"}],"wp:attachment":[{"href":"https:\/\/www.caririemacao.com\/1\/wp-json\/wp\/v2\/media?parent=249954"}],"wp:term":[{"taxonomy":"category","embeddable":true,"href":"https:\/\/www.caririemacao.com\/1\/wp-json\/wp\/v2\/categories?post=249954"},{"taxonomy":"post_tag","embeddable":true,"href":"https:\/\/www.caririemacao.com\/1\/wp-json\/wp\/v2\/tags?post=249954"}],"curies":[{"name":"wp","href":"https:\/\/api.w.org\/{rel}","templated":true}]}}