{"id":250112,"date":"2022-07-04T07:59:14","date_gmt":"2022-07-04T10:59:14","guid":{"rendered":"https:\/\/www.caririemacao.com\/1\/?p=250112"},"modified":"2022-07-04T07:59:14","modified_gmt":"2022-07-04T10:59:14","slug":"policia-civil-apreende-mais-de-10-kg-de-cocaina-em-campina-grande","status":"publish","type":"post","link":"https:\/\/www.caririemacao.com\/1\/2022\/07\/04\/policia-civil-apreende-mais-de-10-kg-de-cocaina-em-campina-grande\/","title":{"rendered":"Pol\u00edcia Civil apreende mais de 10 kg de coca\u00edna em Campina Grande"},"content":{"rendered":"<p>A Pol\u00edcia Civil, por meio da Delegacia de Repress\u00e3o a Entorpecentes (DRE) de Campina Grande, realizou uma aprens\u00e3o de drogas na tarde deste domingo (3), no Conjunto Ac\u00e1cio Figueiredo, em Campina Grande.<\/p>\n<p>De acordo com informa\u00e7\u00f5es da DRE, foram apreendidos 10 kg de coca\u00edna, tr\u00eas tabletes de maconha, uma pistola, uma prensa hidr\u00e1ulica e ampolas de adrenalina e xiloca\u00edna. No local, um adolescente e duas crian\u00e7as foram encontradas na resid\u00eancia durante a a\u00e7\u00e3o da Pol\u00edcia Civil.<\/p>\n<p>De acordo com o delegado Jorge Lu\u00eds Almeida, o local servia como um ponto para misturar e dividir a droga em pequenas quantidades.<\/p>\n<p>O respons\u00e1vel pela resid\u00eancia e pelo material apreendido n\u00e3o foi localizado durante a investida policial, mas j\u00e1 foi devidamente identificado.<\/p>\n<figure><img decoding=\"async\" src=\"https:\/\/www.clickpb.com.br\/media\/filer_public\/1d\/e6\/1de68290-6969-4e9e-9d92-a2e26ee5e1a4\/whatsapp_image_2022-07-04_at_065927.jpeg\" data-image=\"192508\" \/><\/figure>\n<p>&nbsp;<\/p>\n<p>ClickPB<\/p>\n","protected":false},"excerpt":{"rendered":"<p>A Pol\u00edcia Civil, por meio da Delegacia de Repress\u00e3o a Entorpecentes (DRE) de Campina Grande, realizou uma aprens\u00e3o de drogas na tarde deste domingo (3), no Conjunto Ac\u00e1cio Figueiredo, em Campina Grande. De acordo com informa\u00e7\u00f5es da DRE, foram apreendidos 10 kg de coca\u00edna, tr\u00eas tabletes de maconha, uma pistola, uma prensa hidr\u00e1ulica e ampolas de adrenalina e xiloca\u00edna. No local, um adolescente e duas crian\u00e7as foram encontradas na resid\u00eancia durante a a\u00e7\u00e3o da Pol\u00edcia Civil. De acordo com o delegado Jorge Lu\u00eds Almeida, o local servia como um ponto para misturar e dividir a droga em pequenas quantidades. O respons\u00e1vel pela resid\u00eancia e pelo material apreendido n\u00e3o foi localizado durante a investida policial, mas j\u00e1 foi devidamente identificado. &nbsp; ClickPB<\/p>\n","protected":false},"author":6,"featured_media":250113,"comment_status":"closed","ping_status":"closed","sticky":false,"template":"","format":"standard","meta":{"sfsi_plus_gutenberg_text_before_share":"","sfsi_plus_gutenberg_show_text_before_share":"","sfsi_plus_gutenberg_icon_type":"","sfsi_plus_gutenberg_icon_alignemt":"","sfsi_plus_gutenburg_max_per_row":"","footnotes":""},"categories":[50,104,12],"tags":[],"class_list":["post-250112","post","type-post","status-publish","format-standard","has-post-thumbnail","hentry","category-destaque","category-paraiba","category-policia"],"_links":{"self":[{"href":"https:\/\/www.caririemacao.com\/1\/wp-json\/wp\/v2\/posts\/250112","targetHints":{"allow":["GET"]}}],"collection":[{"href":"https:\/\/www.caririemacao.com\/1\/wp-json\/wp\/v2\/posts"}],"about":[{"href":"https:\/\/www.caririemacao.com\/1\/wp-json\/wp\/v2\/types\/post"}],"author":[{"embeddable":true,"href":"https:\/\/www.caririemacao.com\/1\/wp-json\/wp\/v2\/users\/6"}],"replies":[{"embeddable":true,"href":"https:\/\/www.caririemacao.com\/1\/wp-json\/wp\/v2\/comments?post=250112"}],"version-history":[{"count":1,"href":"https:\/\/www.caririemacao.com\/1\/wp-json\/wp\/v2\/posts\/250112\/revisions"}],"predecessor-version":[{"id":250114,"href":"https:\/\/www.caririemacao.com\/1\/wp-json\/wp\/v2\/posts\/250112\/revisions\/250114"}],"wp:featuredmedia":[{"embeddable":true,"href":"https:\/\/www.caririemacao.com\/1\/wp-json\/wp\/v2\/media\/250113"}],"wp:attachment":[{"href":"https:\/\/www.caririemacao.com\/1\/wp-json\/wp\/v2\/media?parent=250112"}],"wp:term":[{"taxonomy":"category","embeddable":true,"href":"https:\/\/www.caririemacao.com\/1\/wp-json\/wp\/v2\/categories?post=250112"},{"taxonomy":"post_tag","embeddable":true,"href":"https:\/\/www.caririemacao.com\/1\/wp-json\/wp\/v2\/tags?post=250112"}],"curies":[{"name":"wp","href":"https:\/\/api.w.org\/{rel}","templated":true}]}}