{"id":250116,"date":"2022-07-04T08:59:10","date_gmt":"2022-07-04T11:59:10","guid":{"rendered":"https:\/\/www.caririemacao.com\/1\/?p=250116"},"modified":"2022-07-04T08:59:10","modified_gmt":"2022-07-04T11:59:10","slug":"candidato-ao-concurso-da-policia-civil-da-pb-apto-para-o-teste-de-aptidao-fisica-e-proibido-por-coordenador-do-concurso-de-realizar-o-taf","status":"publish","type":"post","link":"https:\/\/www.caririemacao.com\/1\/2022\/07\/04\/candidato-ao-concurso-da-policia-civil-da-pb-apto-para-o-teste-de-aptidao-fisica-e-proibido-por-coordenador-do-concurso-de-realizar-o-taf\/","title":{"rendered":"Candidato ao concurso da Pol\u00edcia Civil da PB, APTO para o Teste de Aptid\u00e3o F\u00edsica \u00e9 proibido por coordenador do concurso de realizar o TAF"},"content":{"rendered":"<p>Segundo o professor universit\u00e1rio e advogado, Felix Ara\u00fajo Neto, o candidato ao concurso da Pol\u00edcia Civil da Para\u00edba,\u00a0<a href=\"https:\/\/www.instagram.com\/ruan__leandro\/\" target=\"_blank\" rel=\"nofollow external noopener noreferrer\" data-wpel-link=\"external\"><strong>Ruan Simi\u00e3o Leandro Vasconcelos<\/strong><\/a>,\u00a0 21 anos,\u00a0<strong>APTO<\/strong>\u00a0para o Teste de Aptid\u00e3o F\u00edsica\u00a0<strong>(TAF)<\/strong>\u00a0ap\u00f3s ser aprovado para os cargos de<strong>\u00a0Agente e Escriv\u00e3o<\/strong>, foi inabilitado neste domingo (03) por um\u00a0<strong>\u201ccoordenador\u201d do concurso que se apresentou sem crach\u00e1 de identifica\u00e7\u00e3o,<\/strong>\u00a0porque no atestado, emitido pelo m\u00e9dico, dizia (ainda que expressamente) apenas que o candidato estava\u00a0<strong>APTO<\/strong>\u00a0para realizar o teste de aptid\u00e3o f\u00edsica. Mas, segundo o representante, o atestado n\u00e3o era v\u00e1lido porque n\u00e3o cumpria um requisito fundamental do modelo exigido que era a express\u00e3o\u00a0<strong>\u201cApto para teste da Pol\u00edcia Civil\u201d.<\/strong><\/p>\n<p>Isso mesmo, o candidato estava APTO para teste de aptid\u00e3o f\u00edsica, mas o problema era que n\u00e3o tinha a frase mais importante \u00e9 imponente:\u00a0<strong>\u201cpara a Pol\u00edcia Civil\u201d<\/strong>. Essa foi a causa da elimina\u00e7\u00e3o do candidato que exibia o atestado de aptid\u00e3o, assinado por um profissional, em suas m\u00e3os.<\/p>\n<p><strong>\u00a0Em sua p\u00e1gina na rede social o advogado expressou sua indigna\u00e7\u00e3o:<\/strong><\/p>\n<p>\u201cFrancamente! Quanta burocracia! Decepcionante! O candidato ainda saiu apressado em busca do seu m\u00e9dico e obteve novo atestado com a crucial e indispens\u00e1vel express\u00e3o exigida, qual seja, a insubstitu\u00edvel refer\u00eancia \u201cpara a Pol\u00edcia Civil\u201d. Mas mesmo assim j\u00e1 n\u00e3o havia mais possibilidade de disputar a t\u00e3o sonhada vaga. Impressionante o tamanho da burocracia, das desnecess\u00e1rias exig\u00eancias que causam preju\u00edzos para os candidatos \u00e0 vaga de concursos p\u00fablicos que se preparam, por anos, para alcan\u00e7ar um sonho.<\/p>\n<p>Aqui, no nosso terreiro, n\u00e3o basta estar comprovadamente APTO para a modalidade, deve conter tamb\u00e9m, no exigido atestado, uma express\u00e3o que, se n\u00e3o pode mudar o sentido do teor do que foi declarado pelo m\u00e9dico (que est\u00e1 Apto), por outro lado, pode destruir sim o sonho de um cidad\u00e3o dedicado.<\/p>\n<p>Salve, salve a gloriosa frase que pode mudar o mundo: \u201cpara a Pol\u00edcia Civil\u201d. N\u00e3o esque\u00e7am nunca! Isso deve fazer, realmente, uma diferen\u00e7a enorme<\/p>\n<p>Minha solidariedade ao candidato. Espero que isso n\u00e3o o desestimule em sua caminhada. Ben\u00e7\u00e3os e sucesso. Mas, por essas e outras o Brasil n\u00e3o avan\u00e7a\u201d finalizou ,\u00a0<strong><a href=\"https:\/\/www.instagram.com\/felix_neto\/\" target=\"_blank\" rel=\"nofollow external noopener noreferrer\" data-wpel-link=\"external\">Felix Ara\u00fajo Neto<\/a><\/strong>.<\/p>\n<p>OPIPOCO<\/p>\n","protected":false},"excerpt":{"rendered":"<p>Segundo o professor universit\u00e1rio e advogado, Felix Ara\u00fajo Neto, o candidato ao concurso da Pol\u00edcia Civil da Para\u00edba,\u00a0Ruan Simi\u00e3o Leandro Vasconcelos,\u00a0 21 anos,\u00a0APTO\u00a0para o Teste de Aptid\u00e3o F\u00edsica\u00a0(TAF)\u00a0ap\u00f3s ser aprovado para os cargos de\u00a0Agente e Escriv\u00e3o, foi inabilitado neste domingo (03) por um\u00a0\u201ccoordenador\u201d do concurso que se apresentou sem crach\u00e1 de identifica\u00e7\u00e3o,\u00a0porque no atestado, emitido pelo m\u00e9dico, dizia (ainda que expressamente) apenas que o candidato estava\u00a0APTO\u00a0para realizar o teste de aptid\u00e3o f\u00edsica. Mas, segundo o representante, o atestado n\u00e3o era v\u00e1lido porque n\u00e3o cumpria um requisito fundamental do modelo exigido que era a express\u00e3o\u00a0\u201cApto para teste da Pol\u00edcia Civil\u201d. Isso mesmo, o candidato estava APTO para teste de aptid\u00e3o f\u00edsica, mas o problema era que n\u00e3o tinha a frase mais importante \u00e9 imponente:\u00a0\u201cpara a Pol\u00edcia Civil\u201d. Essa foi a causa da elimina\u00e7\u00e3o do candidato que exibia o atestado de aptid\u00e3o, assinado por um profissional, em suas m\u00e3os. \u00a0Em sua p\u00e1gina na rede social o advogado expressou sua indigna\u00e7\u00e3o: \u201cFrancamente! Quanta burocracia! Decepcionante! O candidato ainda saiu apressado em busca do seu m\u00e9dico e obteve novo atestado com a crucial e indispens\u00e1vel express\u00e3o exigida, qual seja, a insubstitu\u00edvel refer\u00eancia \u201cpara a Pol\u00edcia Civil\u201d. Mas mesmo assim j\u00e1 n\u00e3o havia mais possibilidade de disputar a t\u00e3o sonhada vaga. Impressionante o tamanho da burocracia, das desnecess\u00e1rias exig\u00eancias que causam preju\u00edzos para os candidatos \u00e0 vaga de concursos p\u00fablicos que se preparam, por anos, para alcan\u00e7ar um sonho. Aqui, no nosso terreiro, n\u00e3o basta estar comprovadamente APTO para a modalidade, deve conter tamb\u00e9m, no exigido atestado, uma express\u00e3o que, se n\u00e3o pode mudar o sentido do teor do que foi declarado pelo m\u00e9dico (que est\u00e1 Apto), por outro lado, pode destruir sim o sonho de um cidad\u00e3o dedicado. Salve, salve a gloriosa frase que pode mudar o mundo: \u201cpara a Pol\u00edcia Civil\u201d. N\u00e3o esque\u00e7am nunca! Isso deve fazer, realmente, uma diferen\u00e7a enorme Minha solidariedade ao candidato. Espero que isso n\u00e3o o desestimule em sua caminhada. Ben\u00e7\u00e3os e sucesso. Mas, por essas e outras o Brasil n\u00e3o avan\u00e7a\u201d finalizou ,\u00a0Felix Ara\u00fajo Neto. OPIPOCO<\/p>\n","protected":false},"author":6,"featured_media":250117,"comment_status":"closed","ping_status":"closed","sticky":false,"template":"","format":"standard","meta":{"sfsi_plus_gutenberg_text_before_share":"","sfsi_plus_gutenberg_show_text_before_share":"","sfsi_plus_gutenberg_icon_type":"","sfsi_plus_gutenberg_icon_alignemt":"","sfsi_plus_gutenburg_max_per_row":"","footnotes":""},"categories":[109,12],"tags":[],"class_list":["post-250116","post","type-post","status-publish","format-standard","has-post-thumbnail","hentry","category-concurso","category-policia"],"_links":{"self":[{"href":"https:\/\/www.caririemacao.com\/1\/wp-json\/wp\/v2\/posts\/250116","targetHints":{"allow":["GET"]}}],"collection":[{"href":"https:\/\/www.caririemacao.com\/1\/wp-json\/wp\/v2\/posts"}],"about":[{"href":"https:\/\/www.caririemacao.com\/1\/wp-json\/wp\/v2\/types\/post"}],"author":[{"embeddable":true,"href":"https:\/\/www.caririemacao.com\/1\/wp-json\/wp\/v2\/users\/6"}],"replies":[{"embeddable":true,"href":"https:\/\/www.caririemacao.com\/1\/wp-json\/wp\/v2\/comments?post=250116"}],"version-history":[{"count":1,"href":"https:\/\/www.caririemacao.com\/1\/wp-json\/wp\/v2\/posts\/250116\/revisions"}],"predecessor-version":[{"id":250118,"href":"https:\/\/www.caririemacao.com\/1\/wp-json\/wp\/v2\/posts\/250116\/revisions\/250118"}],"wp:featuredmedia":[{"embeddable":true,"href":"https:\/\/www.caririemacao.com\/1\/wp-json\/wp\/v2\/media\/250117"}],"wp:attachment":[{"href":"https:\/\/www.caririemacao.com\/1\/wp-json\/wp\/v2\/media?parent=250116"}],"wp:term":[{"taxonomy":"category","embeddable":true,"href":"https:\/\/www.caririemacao.com\/1\/wp-json\/wp\/v2\/categories?post=250116"},{"taxonomy":"post_tag","embeddable":true,"href":"https:\/\/www.caririemacao.com\/1\/wp-json\/wp\/v2\/tags?post=250116"}],"curies":[{"name":"wp","href":"https:\/\/api.w.org\/{rel}","templated":true}]}}